{"id":8304,"date":"2014-04-11T08:01:57","date_gmt":"2014-04-11T06:01:57","guid":{"rendered":"http:\/\/blogs.diariosur.es\/tormentas-y-rayos\/?p=8304"},"modified":"2014-04-11T08:01:57","modified_gmt":"2014-04-11T06:01:57","slug":"el-tiempo-en-semana-santa-prevision-sabado-de-pasion-aterralado-en-malaga-podemos-llegar-a-los-30-grados","status":"publish","type":"post","link":"https:\/\/blogs.diariosur.es\/tormentas-y-rayos\/2014\/04\/11\/el-tiempo-en-semana-santa-prevision-sabado-de-pasion-aterralado-en-malaga-podemos-llegar-a-los-30-grados\/","title":{"rendered":"El tiempo en Semana Santa previsi\u00f3n. S\u00e1bado de Pasi\u00f3n aterralado en M\u00e1laga, podemos llegar a los 30 grados."},"content":{"rendered":"<p><strong>Buenos dias amigos de la meteo. Son las \u00a0siete y cuarto de la ma\u00f1ana, registro 18 grados y los cielos est\u00e1n muy nubosos. Esta m\u00ednima tan \u00a0alta se debe a que el cielo est\u00e1 nublado y no dejar escapar el calor acumulado del dia anterior. Os paso una imagen del satelite eumetsat. Y una foto del cielo malague\u00f1o, que cabo de hacer ahora mismo a las ocho.<\/strong><\/p>\n<p><a href=\"https:\/\/blogs.diariosur.es\/tormentas-y-rayos\/2014\/04\/11\/el-tiempo-en-semana-santa-prevision-sabado-de-pasion-aterralado-en-malaga-podemos-llegar-a-los-30-grados\/webexterna_ir87_04-15-4\/\" rel=\"attachment wp-att-8305\"><img loading=\"lazy\" class=\"aligncenter size-medium wp-image-8305\" title=\"webexterna_IR87_[04-15]\" src=\"\/tormentas-y-rayos\/wp-content\/uploads\/sites\/12\/2014\/04\/webexterna_IR87_04-15.jpg\" alt=\"\" width=\"579\" height=\"400\" srcset=\"https:\/\/static-blogs.diariosur.es\/wp-content\/uploads\/sites\/12\/2014\/04\/webexterna_IR87_04-15.jpg 750w, https:\/\/static-blogs.diariosur.es\/wp-content\/uploads\/sites\/12\/2014\/04\/webexterna_IR87_04-15-579x400.jpg 579w\" sizes=\"(max-width: 579px) 100vw, 579px\" \/><\/a><\/p>\n<p><span style=\"color: #ff0000;\"><strong>EL TIEMPO EN SEMANA SANTA.<\/strong><\/span><\/p>\n<p><img loading=\"lazy\" class=\"aligncenter\" src=\"https:\/\/farm4.staticflickr.com\/3707\/12946061883_250f930914.jpg\" alt=\"\" width=\"436\" height=\"500\" \/><\/p>\n<p>&nbsp;<\/p>\n<p>&nbsp;<\/p>\n<p>&nbsp;<\/p>\n<p><a href=\"https:\/\/blogs.diariosur.es\/tormentas-y-rayos\/2014\/04\/11\/el-tiempo-en-semana-santa-prevision-sabado-de-pasion-aterralado-en-malaga-podemos-llegar-a-los-30-grados\/co\/\" rel=\"attachment wp-att-8310\"><img loading=\"lazy\" class=\"aligncenter size-full wp-image-8310\" title=\"co\" src=\"\/tormentas-y-rayos\/wp-content\/uploads\/sites\/12\/2014\/04\/co.jpg\" alt=\"\" width=\"640\" height=\"479\" srcset=\"https:\/\/static-blogs.diariosur.es\/wp-content\/uploads\/sites\/12\/2014\/04\/co.jpg 640w, https:\/\/static-blogs.diariosur.es\/wp-content\/uploads\/sites\/12\/2014\/04\/co-534x400.jpg 534w\" sizes=\"(max-width: 640px) 100vw, 640px\" \/><\/a><\/p>\n<p><span style=\"color: #0000ff;\"><strong>Hoy me vais a permitir que sea un poco mas breve, ya que en un \u00a0par de horas tiro para Radio Victoria. \u00a0En esta estupenda emisora hablare del tiempo que se espera en Semana Santa en el programa El Despertador de Roberto Lopez (107.1).<\/strong><\/span><\/p>\n<p><span style=\"color: #0000ff;\"><strong>Solo confirmaros que tanto Hoy Viernes de Dolores como ma\u00f1ana S\u00e1bado\u00a0de Pasi\u00f3n no se esperan lluvias en Andaluc\u00eda. <\/strong><\/span><\/p>\n<p><span style=\"color: #ff0000;\"><strong>En \u00a0cuanto a \u00a0M\u00e1laga\u00a0Capital y si se cumple el modelo de viento del hirlam, ma\u00f1ana\u00a0S\u00e1bado\u00a0de Pasi\u00f3n hay posibilidad de que sople terral. Por lo tanto y viendo la temperatura que habra a 850 hpa (1500 m) hay\u00a0posibilidad de que alcancemos casi los 30 grados.\u00a0<\/strong><\/span><\/p>\n<p><span style=\"color: #0000ff;\"><strong>Del Domingo de Ramos hablaremos ma\u00f1ana\u00a0s\u00e1bado, para perfilar sobre que hora\u00a0entrar\u00eda\u00a0el levante. Sobre la bolsa de aire fr\u00edo que nos\u00a0podr\u00eda\u00a0afectar a partir del martes, parece que hay buenas\u00a0noticias.\u00a0Los modelos a ultima hora no le dan tanta entidad para Andaluc\u00eda. Pero permitirme que el Domingo de Ramos concretemos esto.\u00a0<\/strong><\/span><\/p>\n<p><span style=\"color: #0000ff;\"><strong>Y sobre esa posible vaguada que\u00a0seg\u00fan\u00a0el modelo europeo\u00a0afectar\u00eda\u00a0el\u00a0pr\u00f3ximo\u00a0viernes a toda la\u00a0pen\u00ednsula\u00a0no hay nada claro. Ya que el modelo americano no la ve tan potente.<\/strong><\/span><\/p>\n<p><strong>Os hago un peque\u00f1o resumen del jueves 10 en Andaluc\u00eda. La maxima se dio en\u00a0C\u00f3rdoba\u00a0Aeropuerto\u00a0con 31.7 grados. En M\u00e1laga Capital la maxima en mi estaci\u00f3n fue de 21.4 grados. El cielo malague\u00f1o estuvo adornado con cirrus, os paso una foto cuando eran las cuatro de la tarde.<\/strong><\/p>\n<p><img loading=\"lazy\" class=\"aligncenter\" src=\"https:\/\/farm8.staticflickr.com\/7442\/13772901543_2a0dcb3cd1_z.jpg\" alt=\"\" width=\"640\" height=\"427\" \/><\/p>\n<p>&nbsp;<\/p>\n<p><strong>Las tormentas tambien fueron protagonistas al igual que el\u00a0mi\u00e9rcoles\u00a0en puntos de Castilla Le\u00f3n y en Galicia. Mi amigo Daniel Gutierrez quiere compartir este bonito mamatus\u00a0fotografiado\u00a0en\u00a0Valladolid.<\/strong><\/p>\n<p><a href=\"https:\/\/blogs.diariosur.es\/tormentas-y-rayos\/2014\/04\/11\/el-tiempo-en-semana-santa-prevision-sabado-de-pasion-aterralado-en-malaga-podemos-llegar-a-los-30-grados\/10155642_10202754256050205_5044624371438848051_n\/\" rel=\"attachment wp-att-8307\"><img loading=\"lazy\" class=\"aligncenter size-medium wp-image-8307\" title=\"10155642_10202754256050205_5044624371438848051_n\" src=\"\/tormentas-y-rayos\/wp-content\/uploads\/sites\/12\/2014\/04\/10155642_10202754256050205_5044624371438848051_n.jpg\" alt=\"\" width=\"533\" height=\"400\" srcset=\"https:\/\/static-blogs.diariosur.es\/wp-content\/uploads\/sites\/12\/2014\/04\/10155642_10202754256050205_5044624371438848051_n.jpg 800w, https:\/\/static-blogs.diariosur.es\/wp-content\/uploads\/sites\/12\/2014\/04\/10155642_10202754256050205_5044624371438848051_n-533x400.jpg 533w, https:\/\/static-blogs.diariosur.es\/wp-content\/uploads\/sites\/12\/2014\/04\/10155642_10202754256050205_5044624371438848051_n-768x576.jpg 768w\" sizes=\"(max-width: 533px) 100vw, 533px\" \/><\/a><\/p>\n<p><strong>Poco mas que contar del dia de ayer.<\/strong><\/p>\n<p><strong>Os dejo con esta foto de un cirrus fibratus que se dio el mi\u00e9rcoles pasado. Estaba con mis compa\u00f1eros de trabajo en un curso de\u00a0prevenci\u00f3n y seguridad, en dos\u00a0palabras\u00a0que tuvimos que apagar un fuego\u00a0jijij. Yo no me pude resistir y con el movil\u00a0fotografi\u00e9\u00a0este cirrus.\u00a0<\/strong><\/p>\n<p><a href=\"https:\/\/blogs.diariosur.es\/tormentas-y-rayos\/2014\/04\/11\/el-tiempo-en-semana-santa-prevision-sabado-de-pasion-aterralado-en-malaga-podemos-llegar-a-los-30-grados\/img_3838_1\/\" rel=\"attachment wp-att-8306\"><img loading=\"lazy\" class=\"aligncenter size-full wp-image-8306\" title=\"IMG_3838_1\" src=\"\/tormentas-y-rayos\/wp-content\/uploads\/sites\/12\/2014\/04\/IMG_3838_1.jpg\" alt=\"\" width=\"640\" height=\"478\" srcset=\"https:\/\/static-blogs.diariosur.es\/wp-content\/uploads\/sites\/12\/2014\/04\/IMG_3838_1.jpg 640w, https:\/\/static-blogs.diariosur.es\/wp-content\/uploads\/sites\/12\/2014\/04\/IMG_3838_1-536x400.jpg 536w\" sizes=\"(max-width: 640px) 100vw, 640px\" \/><\/a><\/p>\n<p>&nbsp;<\/p>\n<p>&nbsp;<\/p>\n<p><img loading=\"lazy\" class=\"aligncenter\" src=\"\/tormentas-y-rayos\/wp-content\/uploads\/sites\/12\/2014\/04\/12921085735_df819d7eae-horz.jpg\" alt=\"\" width=\"638\" height=\"246\" \/><\/p>\n","protected":false},"excerpt":{"rendered":"<p>Buenos dias amigos de la meteo. Son las \u00a0siete y cuarto de la ma\u00f1ana, registro 18 grados y los cielos est\u00e1n muy nubosos. Esta m\u00ednima tan \u00a0alta se debe a que el cielo est\u00e1 nublado y no dejar escapar el calor acumulado del dia anterior. Os paso una imagen del satelite eumetsat. Y una foto [&hellip;]<\/p>\n","protected":false},"author":16,"featured_media":8308,"comment_status":"open","ping_status":"open","sticky":false,"template":"","format":"standard","meta":[],"categories":[2],"tags":[358,809,903],"_links":{"self":[{"href":"https:\/\/blogs.diariosur.es\/tormentas-y-rayos\/wp-json\/wp\/v2\/posts\/8304"}],"collection":[{"href":"https:\/\/blogs.diariosur.es\/tormentas-y-rayos\/wp-json\/wp\/v2\/posts"}],"about":[{"href":"https:\/\/blogs.diariosur.es\/tormentas-y-rayos\/wp-json\/wp\/v2\/types\/post"}],"author":[{"embeddable":true,"href":"https:\/\/blogs.diariosur.es\/tormentas-y-rayos\/wp-json\/wp\/v2\/users\/16"}],"replies":[{"embeddable":true,"href":"https:\/\/blogs.diariosur.es\/tormentas-y-rayos\/wp-json\/wp\/v2\/comments?post=8304"}],"version-history":[{"count":0,"href":"https:\/\/blogs.diariosur.es\/tormentas-y-rayos\/wp-json\/wp\/v2\/posts\/8304\/revisions"}],"wp:featuredmedia":[{"embeddable":true,"href":"https:\/\/blogs.diariosur.es\/tormentas-y-rayos\/wp-json\/wp\/v2\/media\/8308"}],"wp:attachment":[{"href":"https:\/\/blogs.diariosur.es\/tormentas-y-rayos\/wp-json\/wp\/v2\/media?parent=8304"}],"wp:term":[{"taxonomy":"category","embeddable":true,"href":"https:\/\/blogs.diariosur.es\/tormentas-y-rayos\/wp-json\/wp\/v2\/categories?post=8304"},{"taxonomy":"post_tag","embeddable":true,"href":"https:\/\/blogs.diariosur.es\/tormentas-y-rayos\/wp-json\/wp\/v2\/tags?post=8304"}],"curies":[{"name":"wp","href":"https:\/\/api.w.org\/{rel}","templated":true}]}}