{"id":8311,"date":"2014-04-12T07:49:34","date_gmt":"2014-04-12T05:49:34","guid":{"rendered":"http:\/\/blogs.diariosur.es\/tormentas-y-rayos\/?p=8311"},"modified":"2014-04-12T07:49:34","modified_gmt":"2014-04-12T05:49:34","slug":"el-tiempo-en-semana-santa-previsiones-domingo-de-ramos-con-levante","status":"publish","type":"post","link":"https:\/\/blogs.diariosur.es\/tormentas-y-rayos\/2014\/04\/12\/el-tiempo-en-semana-santa-previsiones-domingo-de-ramos-con-levante\/","title":{"rendered":"El tiempo en Semana Santa previsiones. Domingo de Ramos con levante."},"content":{"rendered":"<p><span style=\"color: #0000ff;\"><strong>Buenos d\u00edas amigos de la meteo. Son las seis de la ma\u00f1ana, registro 18 grados y los cielos est\u00e1n algo nubosos. Podemos tener un bonito candilazo.<\/strong><\/span><\/p>\n<p><strong><span style=\"color: #0000ff;\">Hoy S\u00e1bado de Pasi\u00f3n, y como os comente ayer en el post, el terral de primavera ser\u00e1 el protagonista.<\/span> <a style=\"color: #ff0000;\" href=\"https:\/\/blogs.diariosur.es\/tormentas-y-rayos\/2014\/04\/11\/el-tiempo-en-semana-santa-prevision-sabado-de-pasion-aterralado-en-malaga-podemos-llegar-a-los-30-grados\/\">M\u00e1laga Capital \u00a0estar\u00e1 cercana a los 30 grados.\u00a0<\/a><\/strong><\/p>\n<p>&nbsp;<\/p>\n<p><strong><span style=\"color: #3366ff;\"><span style=\"color: #ff0000;\">\u00a0Ya veremos al final que maxima damos por la zona de teatinos, lo mismo hasta lo\u00a0sobrepasamos. La maxima en M\u00e1laga Capital en un mes de abril esta en 33 grados, concretamente se dio el 25 de abril del 2002.<\/span><\/span><\/strong><\/p>\n<p>&nbsp;<\/p>\n<p><img loading=\"lazy\" class=\"aligncenter\" src=\"https:\/\/farm4.staticflickr.com\/3707\/12946061883_250f930914.jpg\" alt=\"\" width=\"436\" height=\"500\" \/><\/p>\n<p>&nbsp;<\/p>\n<p>&nbsp;<\/p>\n<p><span style=\"color: #0000ff;\"><strong>\u00a0Bueno amigos cofrades \u00a0ya est\u00e1 aqui la Semana Santa, si hubiera\u00a0ca\u00eddo \u00a0en esta semana, estar\u00edamos\u00a0hablando de que todas las procesiones de Andaluc\u00eda\u00a0habr\u00edan\u00a0salido. Esperemos que con un poco de suerte pase lo mismo, poco a poco lo iremos viendo. A partir de ma\u00f1ana, la dorsal africana de nuevo tomara protagonismo y\u00a0har\u00e1\u00a0de barrera para que la bolsa de aire fr\u00edo inestable que esta en el\u00a0Atl\u00e1ntico\u00a0no afecte a la\u00a0<\/strong><strong>pen\u00ednsula. Ma\u00f1ana veremos que hace la dorsal a partir del martes, que aunque se dezplace hacia el mediterraneo, aun tendra fuerza para que en Andaluc\u00eda no entren \u00a0chubascos de origen tormentoso. Fuente meteociel gfs<\/strong><\/span><\/p>\n<p><a href=\"https:\/\/blogs.diariosur.es\/tormentas-y-rayos\/2014\/04\/12\/el-tiempo-en-semana-santa-previsiones-domingo-de-ramos-con-levante\/gfs-0-36\/\" rel=\"attachment wp-att-8317\"><img loading=\"lazy\" class=\"aligncenter size-medium wp-image-8317\" title=\"gfs-0-36\" src=\"\/tormentas-y-rayos\/wp-content\/uploads\/sites\/12\/2014\/04\/gfs-0-36.png\" alt=\"\" width=\"600\" height=\"400\" srcset=\"https:\/\/static-blogs.diariosur.es\/wp-content\/uploads\/sites\/12\/2014\/04\/gfs-0-36.png 768w, https:\/\/static-blogs.diariosur.es\/wp-content\/uploads\/sites\/12\/2014\/04\/gfs-0-36-600x400.png 600w\" sizes=\"(max-width: 600px) 100vw, 600px\" \/><\/a><\/p>\n<p><strong>Como os\u00a0promet\u00ed\u00a0os doy los\u00a0\u00faltimos\u00a0detalles de ma\u00f1ana Domingo de Ramos.<\/strong><\/p>\n<p><a href=\"https:\/\/blogs.diariosur.es\/tormentas-y-rayos\/2014\/04\/12\/el-tiempo-en-semana-santa-previsiones-domingo-de-ramos-con-levante\/domingoderamos\/\" rel=\"attachment wp-att-8315\"><img loading=\"lazy\" class=\"aligncenter size-full wp-image-8315\" title=\"DOMINGODERAMOS\" src=\"\/tormentas-y-rayos\/wp-content\/uploads\/sites\/12\/2014\/04\/DOMINGODERAMOS.jpg\" alt=\"\" width=\"640\" height=\"528\" srcset=\"https:\/\/static-blogs.diariosur.es\/wp-content\/uploads\/sites\/12\/2014\/04\/DOMINGODERAMOS.jpg 640w, https:\/\/static-blogs.diariosur.es\/wp-content\/uploads\/sites\/12\/2014\/04\/DOMINGODERAMOS-485x400.jpg 485w\" sizes=\"(max-width: 640px) 100vw, 640px\" \/><\/a><\/p>\n<p>&nbsp;<\/p>\n<p><span style=\"color: #ff0000;\"><strong>A ultimas horas de hoy o \u00a0primeras horas de la madrugada del Domingo de Ramos el levante<strong>\u00a0entrara<\/strong> con fuerza en la Costa\u00a0Malague\u00f1a. Traer\u00e1 nubes bajas, que en algunos momentos cubrir\u00e1n bastante cielo. La fuerza del viento ira a menos en el trascurso de la horas y soplara de flojo a moderado el Domingo.\u00a0<\/strong><\/span><strong style=\"color: #ff0000;\">En la zona del Estrecho las rachas de levante si \u00a0ser\u00e1n\u00a0fuertes.<\/strong><\/p>\n<p><span style=\"color: #ff0000;\"><strong> Poco mas que contar sobre el Domingo de Ramos.\u00a0<\/strong><\/span><\/p>\n<p><a href=\"https:\/\/blogs.diariosur.es\/tormentas-y-rayos\/2014\/04\/12\/el-tiempo-en-semana-santa-previsiones-domingo-de-ramos-con-levante\/zzzz-2\/\" rel=\"attachment wp-att-8312\"><img loading=\"lazy\" class=\"aligncenter size-full wp-image-8312\" title=\"zzzz\" src=\"\/tormentas-y-rayos\/wp-content\/uploads\/sites\/12\/2014\/04\/zzzz.jpg\" alt=\"\" width=\"640\" height=\"479\" srcset=\"https:\/\/static-blogs.diariosur.es\/wp-content\/uploads\/sites\/12\/2014\/04\/zzzz.jpg 640w, https:\/\/static-blogs.diariosur.es\/wp-content\/uploads\/sites\/12\/2014\/04\/zzzz-534x400.jpg 534w\" sizes=\"(max-width: 640px) 100vw, 640px\" \/><\/a><\/p>\n<p>&nbsp;<\/p>\n<p>&nbsp;<\/p>\n<p><a href=\"https:\/\/blogs.diariosur.es\/tormentas-y-rayos\/2014\/04\/12\/el-tiempo-en-semana-santa-previsiones-domingo-de-ramos-con-levante\/12921085735_df819d7eae-horz\/\" rel=\"attachment wp-att-8319\"><img loading=\"lazy\" class=\"aligncenter size-full wp-image-8319\" title=\"12921085735_df819d7eae-horz\" src=\"\/tormentas-y-rayos\/wp-content\/uploads\/sites\/12\/2014\/04\/12921085735_df819d7eae-horz.jpg\" alt=\"\" width=\"638\" height=\"246\" \/><\/a><\/p>\n<p><strong>Ahora mismo son las ocho menos veinte, asi amanece en M\u00e1laga Capital, una pena no haber estado en la playa.\u00a0<\/strong><\/p>\n<p><a href=\"https:\/\/blogs.diariosur.es\/tormentas-y-rayos\/2014\/04\/12\/el-tiempo-en-semana-santa-previsiones-domingo-de-ramos-con-levante\/001-15\/\" rel=\"attachment wp-att-8318\"><img loading=\"lazy\" class=\"aligncenter size-full wp-image-8318\" title=\"001\" src=\"\/tormentas-y-rayos\/wp-content\/uploads\/sites\/12\/2014\/04\/001.jpg\" alt=\"\" width=\"650\" height=\"367\" srcset=\"https:\/\/static-blogs.diariosur.es\/wp-content\/uploads\/sites\/12\/2014\/04\/001.jpg 650w, https:\/\/static-blogs.diariosur.es\/wp-content\/uploads\/sites\/12\/2014\/04\/001-640x361.jpg 640w\" sizes=\"(max-width: 650px) 100vw, 650px\" \/><\/a><\/p>\n<p><strong>Ayer estuve en Radio Victoria en el programa El Despertador. Lo pase genial con Roberto Lopez. Nada mas llegar me\u00a0recibi\u00f3\u00a0Nadia , que tambi\u00e9n le encanta todo lo relacionado con la meteorolog\u00eda. Ella fue la que me dijo que\u00a0hab\u00edan\u00a0ca\u00eddo\u00a0unas gotillas y que se\u00a0ve\u00edan\u00a0mamatus. Pues si amigos, antes de entrar en el estudio\u00a0fotografi\u00e9 estas nubes.<\/strong><\/p>\n<p><a href=\"https:\/\/blogs.diariosur.es\/tormentas-y-rayos\/2014\/04\/12\/el-tiempo-en-semana-santa-previsiones-domingo-de-ramos-con-levante\/006-9\/\" rel=\"attachment wp-att-8313\"><img loading=\"lazy\" class=\"aligncenter size-full wp-image-8313\" title=\"006\" src=\"\/tormentas-y-rayos\/wp-content\/uploads\/sites\/12\/2014\/04\/006.jpg\" alt=\"\" width=\"640\" height=\"427\" srcset=\"https:\/\/static-blogs.diariosur.es\/wp-content\/uploads\/sites\/12\/2014\/04\/006.jpg 640w, https:\/\/static-blogs.diariosur.es\/wp-content\/uploads\/sites\/12\/2014\/04\/006-600x400.jpg 600w\" sizes=\"(max-width: 640px) 100vw, 640px\" \/><\/a><\/p>\n<p><strong>\u00a0<\/strong><\/p>\n<p>&nbsp;<\/p>\n<p><strong>\u00a0En la emisora conoc\u00ed a Mariela y Jessica, dos grandes emprendedoras que elaboran unas magdalenas buenisimas, perd\u00f3n se llaman\u00a0cupcakes jijiji.\u00a0Est\u00e1n\u00a0riquisimas y lo principal es que toda su elaboraci\u00f3n es artesanal. Os paso el enlace a su pagina que tienen en facebook \u00a0<\/strong><\/p>\n<h2><a href=\"https:\/\/www.facebook.com\/pages\/Milas-Rinc%C3%B3n-Cupcakes\/498318433609259?fref=ts\" rel=\"external nofollow\">Mila&#8217;s Rinc\u00f3n Cupcakes<\/a><\/h2>\n<p><strong>Os paso unas fotos. Hasta ma\u00f1ana amigos de la meteo.\u00a0<\/strong><\/p>\n<p><a href=\"https:\/\/blogs.diariosur.es\/tormentas-y-rayos\/2014\/04\/12\/el-tiempo-en-semana-santa-previsiones-domingo-de-ramos-con-levante\/008-vert-vert\/\" rel=\"attachment wp-att-8314\"><img loading=\"lazy\" class=\"aligncenter size-full wp-image-8314\" title=\"008-vert-vert\" src=\"\/tormentas-y-rayos\/wp-content\/uploads\/sites\/12\/2014\/04\/008-vert-vert.jpg\" alt=\"\" width=\"634\" height=\"1743\" srcset=\"https:\/\/static-blogs.diariosur.es\/wp-content\/uploads\/sites\/12\/2014\/04\/008-vert-vert.jpg 634w, https:\/\/static-blogs.diariosur.es\/wp-content\/uploads\/sites\/12\/2014\/04\/008-vert-vert-145x400.jpg 145w\" sizes=\"(max-width: 634px) 100vw, 634px\" \/><\/a><\/p>\n<p>&nbsp;<\/p>\n<p>&nbsp;<\/p>\n","protected":false},"excerpt":{"rendered":"<p>Buenos d\u00edas amigos de la meteo. Son las seis de la ma\u00f1ana, registro 18 grados y los cielos est\u00e1n algo nubosos. Podemos tener un bonito candilazo. Hoy S\u00e1bado de Pasi\u00f3n, y como os comente ayer en el post, el terral de primavera ser\u00e1 el protagonista. M\u00e1laga Capital \u00a0estar\u00e1 cercana a los 30 grados.\u00a0 &nbsp; \u00a0Ya [&hellip;]<\/p>\n","protected":false},"author":16,"featured_media":8316,"comment_status":"open","ping_status":"open","sticky":false,"template":"","format":"standard","meta":[],"categories":[2],"tags":[342,358,811,903],"_links":{"self":[{"href":"https:\/\/blogs.diariosur.es\/tormentas-y-rayos\/wp-json\/wp\/v2\/posts\/8311"}],"collection":[{"href":"https:\/\/blogs.diariosur.es\/tormentas-y-rayos\/wp-json\/wp\/v2\/posts"}],"about":[{"href":"https:\/\/blogs.diariosur.es\/tormentas-y-rayos\/wp-json\/wp\/v2\/types\/post"}],"author":[{"embeddable":true,"href":"https:\/\/blogs.diariosur.es\/tormentas-y-rayos\/wp-json\/wp\/v2\/users\/16"}],"replies":[{"embeddable":true,"href":"https:\/\/blogs.diariosur.es\/tormentas-y-rayos\/wp-json\/wp\/v2\/comments?post=8311"}],"version-history":[{"count":0,"href":"https:\/\/blogs.diariosur.es\/tormentas-y-rayos\/wp-json\/wp\/v2\/posts\/8311\/revisions"}],"wp:featuredmedia":[{"embeddable":true,"href":"https:\/\/blogs.diariosur.es\/tormentas-y-rayos\/wp-json\/wp\/v2\/media\/8316"}],"wp:attachment":[{"href":"https:\/\/blogs.diariosur.es\/tormentas-y-rayos\/wp-json\/wp\/v2\/media?parent=8311"}],"wp:term":[{"taxonomy":"category","embeddable":true,"href":"https:\/\/blogs.diariosur.es\/tormentas-y-rayos\/wp-json\/wp\/v2\/categories?post=8311"},{"taxonomy":"post_tag","embeddable":true,"href":"https:\/\/blogs.diariosur.es\/tormentas-y-rayos\/wp-json\/wp\/v2\/tags?post=8311"}],"curies":[{"name":"wp","href":"https:\/\/api.w.org\/{rel}","templated":true}]}}