{"id":8320,"date":"2014-04-13T15:47:40","date_gmt":"2014-04-13T13:47:40","guid":{"rendered":"http:\/\/blogs.diariosur.es\/tormentas-y-rayos\/?p=8320"},"modified":"2014-04-13T15:47:40","modified_gmt":"2014-04-13T13:47:40","slug":"el-tiempo-en-semana-santa-prevision-lunes-santo-que-no-cunda-el-panico-el-levante-protagonista","status":"publish","type":"post","link":"https:\/\/blogs.diariosur.es\/tormentas-y-rayos\/2014\/04\/13\/el-tiempo-en-semana-santa-prevision-lunes-santo-que-no-cunda-el-panico-el-levante-protagonista\/","title":{"rendered":"El tiempo en Semana Santa. Previsi\u00f3n Lunes Santo. Que no cunda el p\u00e1nico. El levante protagonista."},"content":{"rendered":"<p><strong>Buenas tardes amigos de la meteo, son las dos y media de la tarde en M\u00e1laga Capital, registro 21.8 grados y los cielos malague\u00f1os est\u00e1n despejados, ayer s\u00e1bado a la misma hora casi ten\u00edamos 30, debido al terral de primavera.<\/strong><\/p>\n<p><strong>Que no cunda el p\u00e1nico ehhhhhh, estando viendo la pollinica en calle carreter\u00edas, \u00a0el wassat no paraba de sonar, un poquito m\u00e1s y me echan de la procesi\u00f3n jijij. Y todo porque hab\u00e9is le\u00eddo esta previsi\u00f3n del lunes de la Aemet para M\u00e1laga, Granada y C\u00e1diz .\u00a0<\/strong><\/p>\n<p><a href=\"https:\/\/blogs.diariosur.es\/tormentas-y-rayos\/2014\/04\/13\/el-tiempo-en-semana-santa-prevision-lunes-santo-que-no-cunda-el-panico-el-levante-protagonista\/captura-307\/\" rel=\"attachment wp-att-8321\"><img loading=\"lazy\" class=\"aligncenter size-full wp-image-8321\" title=\"Captura\" src=\"\/tormentas-y-rayos\/wp-content\/uploads\/sites\/12\/2014\/04\/Captura13.jpg\" alt=\"\" width=\"554\" height=\"272\" \/><\/a><\/p>\n<p><a href=\"https:\/\/blogs.diariosur.es\/tormentas-y-rayos\/2014\/04\/13\/el-tiempo-en-semana-santa-prevision-lunes-santo-que-no-cunda-el-panico-el-levante-protagonista\/captura-308\/\" rel=\"attachment wp-att-8322\"><img loading=\"lazy\" class=\"aligncenter size-full wp-image-8322\" title=\"Captura\" src=\"\/tormentas-y-rayos\/wp-content\/uploads\/sites\/12\/2014\/04\/Captura14.jpg\" alt=\"\" width=\"490\" height=\"287\" \/><\/a><a href=\"https:\/\/blogs.diariosur.es\/tormentas-y-rayos\/2014\/04\/13\/el-tiempo-en-semana-santa-prevision-lunes-santo-que-no-cunda-el-panico-el-levante-protagonista\/captura-309\/\" rel=\"attachment wp-att-8323\"><img loading=\"lazy\" class=\"aligncenter size-full wp-image-8323\" title=\"Captura\" src=\"\/tormentas-y-rayos\/wp-content\/uploads\/sites\/12\/2014\/04\/Captura15.jpg\" alt=\"\" width=\"513\" height=\"275\" \/><\/a><\/p>\n<p><strong>El levante es un viento muy h\u00famedo que trae nubosidad a la Costa Malague\u00f1a, y en algunas ocasiones suelen caer gotas dispersas en alg\u00fan punto. Esta nubosidad se suele dar durante la madrugada y primera hora de la ma\u00f1ana, luego al mediod\u00eda los cielos se despejan. Al caer la tarde y durante las primeras horas de la noche vuelve esta nubosidad. \u00a0<span style=\"color: #ff0000;\">Pero sinceramente no creo que llegue a mas, y ma\u00f1ana aunque tengamos nubes pienso que saldr\u00e1n todas las procesiones.<\/span><\/strong><\/p>\n<p><strong>\u00a0Hoy tambi\u00e9n se esperaba nubosidad y no se ha visto ni una nube esta ma\u00f1ana, asi es la meteorolog\u00eda.<\/strong><\/p>\n<p><strong>Asi que tranquilos que no creo que veamos este nazareno.<\/strong><\/p>\n<p>&nbsp;<\/p>\n<p><a href=\"https:\/\/blogs.diariosur.es\/tormentas-y-rayos\/2014\/04\/13\/el-tiempo-en-semana-santa-prevision-lunes-santo-que-no-cunda-el-panico-el-levante-protagonista\/nazaseriojl-21\/\" rel=\"attachment wp-att-8330\"><img loading=\"lazy\" class=\"aligncenter size-full wp-image-8330\" title=\"NazaSerioJL\" src=\"\/tormentas-y-rayos\/wp-content\/uploads\/sites\/12\/2014\/04\/NazaSerioJL.jpg\" alt=\"\" width=\"400\" height=\"465\" srcset=\"https:\/\/static-blogs.diariosur.es\/wp-content\/uploads\/sites\/12\/2014\/04\/NazaSerioJL.jpg 400w, https:\/\/static-blogs.diariosur.es\/wp-content\/uploads\/sites\/12\/2014\/04\/NazaSerioJL-344x400.jpg 344w\" sizes=\"(max-width: 400px) 100vw, 400px\" \/><\/a><\/p>\n<p><strong>Os paso una \u00a0de foto de la Pollinica<\/strong>.<\/p>\n<p><a href=\"https:\/\/blogs.diariosur.es\/tormentas-y-rayos\/2014\/04\/13\/el-tiempo-en-semana-santa-prevision-lunes-santo-que-no-cunda-el-panico-el-levante-protagonista\/020-3\/\" rel=\"attachment wp-att-8324\"><img loading=\"lazy\" class=\"aligncenter size-full wp-image-8324\" title=\"020\" src=\"\/tormentas-y-rayos\/wp-content\/uploads\/sites\/12\/2014\/04\/020.jpg\" alt=\"\" width=\"640\" height=\"427\" srcset=\"https:\/\/static-blogs.diariosur.es\/wp-content\/uploads\/sites\/12\/2014\/04\/020.jpg 640w, https:\/\/static-blogs.diariosur.es\/wp-content\/uploads\/sites\/12\/2014\/04\/020-600x400.jpg 600w\" sizes=\"(max-width: 640px) 100vw, 640px\" \/><\/a><\/p>\n<p>&nbsp;<\/p>\n<p><strong>Os hago un peque\u00f1o resumen del\u00a0S\u00e1bado\u00a0de Pasi\u00f3n.<\/strong><\/p>\n<p><strong>M\u00e1laga Capital dio la maxima de la\u00a0pen\u00ednsula\u00a0con 29.7 grados en el Aeropuerto.<\/strong><\/p>\n<p><a href=\"https:\/\/blogs.diariosur.es\/tormentas-y-rayos\/2014\/04\/13\/el-tiempo-en-semana-santa-prevision-lunes-santo-que-no-cunda-el-panico-el-levante-protagonista\/captura-310\/\" rel=\"attachment wp-att-8326\"><img loading=\"lazy\" class=\"aligncenter size-full wp-image-8326\" title=\"Captura\" src=\"\/tormentas-y-rayos\/wp-content\/uploads\/sites\/12\/2014\/04\/Captura16.jpg\" alt=\"\" width=\"392\" height=\"392\" srcset=\"https:\/\/static-blogs.diariosur.es\/wp-content\/uploads\/sites\/12\/2014\/04\/Captura16.jpg 392w, https:\/\/static-blogs.diariosur.es\/wp-content\/uploads\/sites\/12\/2014\/04\/Captura16-150x150.jpg 150w\" sizes=\"(max-width: 392px) 100vw, 392px\" \/><\/a><\/p>\n<p><strong>Los cielos estuvieron adornados con bonitas nubes del tipo cirrus lacunosus. Como las que fotografio mi amigo Antonio Ruiz Moleros, en el traslado del Cautivo. Un fot\u00f3n.<\/strong><\/p>\n<p><a href=\"https:\/\/blogs.diariosur.es\/tormentas-y-rayos\/2014\/04\/13\/el-tiempo-en-semana-santa-prevision-lunes-santo-que-no-cunda-el-panico-el-levante-protagonista\/10257332_10202783609444881_7723220488831666380_n\/\" rel=\"attachment wp-att-8327\"><img loading=\"lazy\" class=\"aligncenter size-full wp-image-8327\" title=\"10257332_10202783609444881_7723220488831666380_n\" src=\"\/tormentas-y-rayos\/wp-content\/uploads\/sites\/12\/2014\/04\/10257332_10202783609444881_7723220488831666380_n.jpg\" alt=\"\" width=\"640\" height=\"480\" srcset=\"https:\/\/static-blogs.diariosur.es\/wp-content\/uploads\/sites\/12\/2014\/04\/10257332_10202783609444881_7723220488831666380_n.jpg 640w, https:\/\/static-blogs.diariosur.es\/wp-content\/uploads\/sites\/12\/2014\/04\/10257332_10202783609444881_7723220488831666380_n-533x400.jpg 533w\" sizes=\"(max-width: 640px) 100vw, 640px\" \/><\/a><\/p>\n<p>&nbsp;<\/p>\n<p><strong>Yo, antes de entrar al curro, tambi\u00e9n los cace con el movil.<\/strong><\/p>\n<p><a href=\"https:\/\/blogs.diariosur.es\/tormentas-y-rayos\/2014\/04\/13\/el-tiempo-en-semana-santa-prevision-lunes-santo-que-no-cunda-el-panico-el-levante-protagonista\/img_3855\/\" rel=\"attachment wp-att-8328\"><img loading=\"lazy\" class=\"aligncenter size-full wp-image-8328\" title=\"IMG_3855\" src=\"\/tormentas-y-rayos\/wp-content\/uploads\/sites\/12\/2014\/04\/IMG_3855.jpg\" alt=\"\" width=\"640\" height=\"442\" srcset=\"https:\/\/static-blogs.diariosur.es\/wp-content\/uploads\/sites\/12\/2014\/04\/IMG_3855.jpg 640w, https:\/\/static-blogs.diariosur.es\/wp-content\/uploads\/sites\/12\/2014\/04\/IMG_3855-579x400.jpg 579w\" sizes=\"(max-width: 640px) 100vw, 640px\" \/><\/a><\/p>\n<p><strong>Poco mas que contar amigos. Os dejo hasta ma\u00f1ana y ya veremos que da de si el Lunes Santo.<\/strong><\/p>\n<p><img loading=\"lazy\" class=\"aligncenter\" src=\"\/tormentas-y-rayos\/wp-content\/uploads\/sites\/12\/2014\/04\/12921085735_df819d7eae-horz.jpg\" alt=\"\" width=\"638\" height=\"246\" \/><\/p>\n","protected":false},"excerpt":{"rendered":"<p>Buenas tardes amigos de la meteo, son las dos y media de la tarde en M\u00e1laga Capital, registro 21.8 grados y los cielos malague\u00f1os est\u00e1n despejados, ayer s\u00e1bado a la misma hora casi ten\u00edamos 30, debido al terral de primavera. Que no cunda el p\u00e1nico ehhhhhh, estando viendo la pollinica en calle carreter\u00edas, \u00a0el wassat [&hellip;]<\/p>\n","protected":false},"author":16,"featured_media":8329,"comment_status":"open","ping_status":"open","sticky":false,"template":"","format":"standard","meta":[],"categories":[2],"tags":[358,553,580,809,903],"_links":{"self":[{"href":"https:\/\/blogs.diariosur.es\/tormentas-y-rayos\/wp-json\/wp\/v2\/posts\/8320"}],"collection":[{"href":"https:\/\/blogs.diariosur.es\/tormentas-y-rayos\/wp-json\/wp\/v2\/posts"}],"about":[{"href":"https:\/\/blogs.diariosur.es\/tormentas-y-rayos\/wp-json\/wp\/v2\/types\/post"}],"author":[{"embeddable":true,"href":"https:\/\/blogs.diariosur.es\/tormentas-y-rayos\/wp-json\/wp\/v2\/users\/16"}],"replies":[{"embeddable":true,"href":"https:\/\/blogs.diariosur.es\/tormentas-y-rayos\/wp-json\/wp\/v2\/comments?post=8320"}],"version-history":[{"count":0,"href":"https:\/\/blogs.diariosur.es\/tormentas-y-rayos\/wp-json\/wp\/v2\/posts\/8320\/revisions"}],"wp:featuredmedia":[{"embeddable":true,"href":"https:\/\/blogs.diariosur.es\/tormentas-y-rayos\/wp-json\/wp\/v2\/media\/8329"}],"wp:attachment":[{"href":"https:\/\/blogs.diariosur.es\/tormentas-y-rayos\/wp-json\/wp\/v2\/media?parent=8320"}],"wp:term":[{"taxonomy":"category","embeddable":true,"href":"https:\/\/blogs.diariosur.es\/tormentas-y-rayos\/wp-json\/wp\/v2\/categories?post=8320"},{"taxonomy":"post_tag","embeddable":true,"href":"https:\/\/blogs.diariosur.es\/tormentas-y-rayos\/wp-json\/wp\/v2\/tags?post=8320"}],"curies":[{"name":"wp","href":"https:\/\/api.w.org\/{rel}","templated":true}]}}