{"id":8331,"date":"2014-04-15T06:53:01","date_gmt":"2014-04-15T04:53:01","guid":{"rendered":"http:\/\/blogs.diariosur.es\/tormentas-y-rayos\/?p=8331"},"modified":"2014-04-15T06:53:01","modified_gmt":"2014-04-15T04:53:01","slug":"el-tiempo-en-semana-santa-prevision-martes-santo-la-dorsal-africana-y-el-anticiclon-ganan-por-goleada-en-andalucia","status":"publish","type":"post","link":"https:\/\/blogs.diariosur.es\/tormentas-y-rayos\/2014\/04\/15\/el-tiempo-en-semana-santa-prevision-martes-santo-la-dorsal-africana-y-el-anticiclon-ganan-por-goleada-en-andalucia\/","title":{"rendered":"El tiempo en Semana Santa previsi\u00f3n Martes Santo. La dorsal Africana y el anticicl\u00f3n ganan por goleada en Andaluc\u00eda."},"content":{"rendered":"<p><strong>Buenos dias amigos de la meteo, son las seis de la ma\u00f1ana \u00a0registro 16 grados y los cielos est\u00e1n \u00a0 nubosos. Durante esta pasada madrugada se han registrado chubascos\u00a0d\u00e9biles\u00a0frente a la\u00a0Costa Malague\u00f1a, incluso en estos momentos caen gotas por algunos puntos del interior de la provincia. Por fortuna, estos chubascos no han entrado a M\u00e1laga y las procesiones que estaban en la calle se han encerrado sin problemas. Os paso una imagen del radar de lluvias cuando eran las cuatro de la ma\u00f1ana. La bolsa de aire fr\u00edo da sus\u00a0\u00faltimos\u00a0coletazos.<\/strong><\/p>\n<p><a href=\"https:\/\/blogs.diariosur.es\/tormentas-y-rayos\/2014\/04\/15\/el-tiempo-en-semana-santa-prevision-martes-santo-la-dorsal-africana-y-el-anticiclon-ganan-por-goleada-en-andalucia\/201404150220_r8ml\/\" rel=\"attachment wp-att-8336\"><img loading=\"lazy\" class=\"aligncenter size-full wp-image-8336\" title=\"201404150220_r8ml\" src=\"\/tormentas-y-rayos\/wp-content\/uploads\/sites\/12\/2014\/04\/201404150220_r8ml.gif\" alt=\"\" width=\"480\" height=\"530\" \/><\/a><\/p>\n<p>&nbsp;<\/p>\n<p><img loading=\"lazy\" class=\"aligncenter\" src=\"\/tormentas-y-rayos\/wp-content\/uploads\/sites\/12\/2014\/04\/NazaFelizJL-21.jpg\" alt=\"\" width=\"348\" height=\"400\" \/><\/p>\n<p>&nbsp;<\/p>\n<p><strong>Ya se que ayer Lunes Santo todos mirabais al cielo, y con mucha preocupaci\u00f3n, ya que llegaron a caer algunas gotillas por la ma\u00f1ana, pero como os comentaba en el titulo del post \u00a0que\u00a0actualice\u00a0el domingo&#8230;.. !! QUE NO CUNDA EL\u00a0P\u00c1NICO!! jijiji. La bolsa de aire fr\u00edo que afecto a las Islas Canarias el\u00a0s\u00e1bado, \u00a0se acerco un poco mas de lo esperado a Andaluc\u00eda desde primeras horas de la madrugada. Menos mal que \u00a0al llegar se\u00a0encontr\u00f3\u00a0con la dorsal Africana y la mantuvo a raya. Esta bolsa de aire fr\u00edo o dana, dejo fuertes vientos y lluvias en las islas mas occidentales. Pero lo mas impresionante fue la nevada que dejo una vez mas esta a\u00f1o en el Teide. La nieve cuajo a partir de 1900 metros en un mes de abril. Os paso una foto de mi amiga May Naomi. Espectacular.<\/strong><\/p>\n<p><a href=\"https:\/\/blogs.diariosur.es\/tormentas-y-rayos\/2014\/04\/15\/el-tiempo-en-semana-santa-prevision-martes-santo-la-dorsal-africana-y-el-anticiclon-ganan-por-goleada-en-andalucia\/may-naomi-jj-6\/\" rel=\"attachment wp-att-8332\"><img loading=\"lazy\" class=\"aligncenter size-full wp-image-8332\" title=\"May Naomi Jj\" src=\"\/tormentas-y-rayos\/wp-content\/uploads\/sites\/12\/2014\/04\/May-Naomi-Jj.jpg\" alt=\"\" width=\"640\" height=\"352\" \/><\/a><\/p>\n<p>&nbsp;<\/p>\n<p><strong>Pues si amigos, el anticicl\u00f3n y la dorsal Africana ganan por goleada. Hoy Martes Santo y madrugada del\u00a0Mi\u00e9rcoles\u00a0no espero lluvias en Andaluc\u00eda, lo mas\u00a0alg\u00fan\u00a0desarrollo en las monta\u00f1as. Y todo parece indicar que el\u00a0Mi\u00e9rcoles, Jueves, y Viernes Santo\u00a0seguir\u00e1\u00a0la dorsal Africana de protagonista y no dejara pasar a la dana ( depresi\u00f3n aislada en altura) que esta cerca de las Azores.\u00a0<\/strong><\/p>\n<p><strong> Os paso un mapa previsto del modelo gfs fuente meteociel.\u00a0<\/strong><\/p>\n<p><a href=\"https:\/\/blogs.diariosur.es\/tormentas-y-rayos\/2014\/04\/15\/el-tiempo-en-semana-santa-prevision-martes-santo-la-dorsal-africana-y-el-anticiclon-ganan-por-goleada-en-andalucia\/gfs-0-48-2\/\" rel=\"attachment wp-att-8337\"><img loading=\"lazy\" class=\"aligncenter size-medium wp-image-8337\" title=\"gfs-0-48\" src=\"\/tormentas-y-rayos\/wp-content\/uploads\/sites\/12\/2014\/04\/gfs-0-48.png\" alt=\"\" width=\"600\" height=\"400\" srcset=\"https:\/\/static-blogs.diariosur.es\/wp-content\/uploads\/sites\/12\/2014\/04\/gfs-0-48.png 768w, https:\/\/static-blogs.diariosur.es\/wp-content\/uploads\/sites\/12\/2014\/04\/gfs-0-48-600x400.png 600w\" sizes=\"(max-width: 600px) 100vw, 600px\" \/><\/a><\/p>\n<p>&nbsp;<\/p>\n<p><a href=\"https:\/\/blogs.diariosur.es\/tormentas-y-rayos\/2014\/04\/15\/el-tiempo-en-semana-santa-prevision-martes-santo-la-dorsal-africana-y-el-anticiclon-ganan-por-goleada-en-andalucia\/lunes_santo_159uy\/\" rel=\"attachment wp-att-8333\"><img loading=\"lazy\" class=\"aligncenter size-full wp-image-8333\" title=\"LUNES_SANTO_159Uy\" src=\"\/tormentas-y-rayos\/wp-content\/uploads\/sites\/12\/2014\/04\/LUNES_SANTO_159Uy.jpg\" alt=\"\" width=\"640\" height=\"479\" srcset=\"https:\/\/static-blogs.diariosur.es\/wp-content\/uploads\/sites\/12\/2014\/04\/LUNES_SANTO_159Uy.jpg 640w, https:\/\/static-blogs.diariosur.es\/wp-content\/uploads\/sites\/12\/2014\/04\/LUNES_SANTO_159Uy-534x400.jpg 534w\" sizes=\"(max-width: 640px) 100vw, 640px\" \/><\/a><\/p>\n<p>&nbsp;<\/p>\n<p><img loading=\"lazy\" class=\"aligncenter\" src=\"\/tormentas-y-rayos\/wp-content\/uploads\/sites\/12\/2014\/04\/12921085735_df819d7eae-horz.jpg\" alt=\"\" width=\"638\" height=\"246\" \/><\/p>\n<p>&nbsp;<\/p>\n<p><strong>Poco mas que contar amigos, os dejo con este impresionante amanecer que me ha mandado mi amigo Jose Luis Gil desde Marbella. Una pasada.<\/strong><\/p>\n<p><a href=\"https:\/\/blogs.diariosur.es\/tormentas-y-rayos\/2014\/04\/15\/el-tiempo-en-semana-santa-prevision-martes-santo-la-dorsal-africana-y-el-anticiclon-ganan-por-goleada-en-andalucia\/jose-luis-gil-8\/\" rel=\"attachment wp-att-8334\"><img loading=\"lazy\" class=\"aligncenter size-full wp-image-8334\" title=\"jose luis gil\" src=\"\/tormentas-y-rayos\/wp-content\/uploads\/sites\/12\/2014\/04\/jose-luis-gil.jpg\" alt=\"\" width=\"640\" height=\"385\" \/><\/a><\/p>\n","protected":false},"excerpt":{"rendered":"<p>Buenos dias amigos de la meteo, son las seis de la ma\u00f1ana \u00a0registro 16 grados y los cielos est\u00e1n \u00a0 nubosos. Durante esta pasada madrugada se han registrado chubascos\u00a0d\u00e9biles\u00a0frente a la\u00a0Costa Malague\u00f1a, incluso en estos momentos caen gotas por algunos puntos del interior de la provincia. Por fortuna, estos chubascos no han entrado a M\u00e1laga [&hellip;]<\/p>\n","protected":false},"author":16,"featured_media":8337,"comment_status":"open","ping_status":"open","sticky":false,"template":"","format":"standard","meta":[],"categories":[2],"tags":[100,114,347,358,444,452,809,903],"_links":{"self":[{"href":"https:\/\/blogs.diariosur.es\/tormentas-y-rayos\/wp-json\/wp\/v2\/posts\/8331"}],"collection":[{"href":"https:\/\/blogs.diariosur.es\/tormentas-y-rayos\/wp-json\/wp\/v2\/posts"}],"about":[{"href":"https:\/\/blogs.diariosur.es\/tormentas-y-rayos\/wp-json\/wp\/v2\/types\/post"}],"author":[{"embeddable":true,"href":"https:\/\/blogs.diariosur.es\/tormentas-y-rayos\/wp-json\/wp\/v2\/users\/16"}],"replies":[{"embeddable":true,"href":"https:\/\/blogs.diariosur.es\/tormentas-y-rayos\/wp-json\/wp\/v2\/comments?post=8331"}],"version-history":[{"count":0,"href":"https:\/\/blogs.diariosur.es\/tormentas-y-rayos\/wp-json\/wp\/v2\/posts\/8331\/revisions"}],"wp:featuredmedia":[{"embeddable":true,"href":"https:\/\/blogs.diariosur.es\/tormentas-y-rayos\/wp-json\/wp\/v2\/media\/8337"}],"wp:attachment":[{"href":"https:\/\/blogs.diariosur.es\/tormentas-y-rayos\/wp-json\/wp\/v2\/media?parent=8331"}],"wp:term":[{"taxonomy":"category","embeddable":true,"href":"https:\/\/blogs.diariosur.es\/tormentas-y-rayos\/wp-json\/wp\/v2\/categories?post=8331"},{"taxonomy":"post_tag","embeddable":true,"href":"https:\/\/blogs.diariosur.es\/tormentas-y-rayos\/wp-json\/wp\/v2\/tags?post=8331"}],"curies":[{"name":"wp","href":"https:\/\/api.w.org\/{rel}","templated":true}]}}