{"id":8338,"date":"2014-04-16T07:24:18","date_gmt":"2014-04-16T05:24:18","guid":{"rendered":"http:\/\/blogs.diariosur.es\/tormentas-y-rayos\/?p=8338"},"modified":"2014-04-16T07:24:18","modified_gmt":"2014-04-16T05:24:18","slug":"el-tiempo-en-semana-santa-prevision-miercoles-santo-la-borrasca-baja-a-segunda-b-y-el-anticiclon-sube-a-primera","status":"publish","type":"post","link":"https:\/\/blogs.diariosur.es\/tormentas-y-rayos\/2014\/04\/16\/el-tiempo-en-semana-santa-prevision-miercoles-santo-la-borrasca-baja-a-segunda-b-y-el-anticiclon-sube-a-primera\/","title":{"rendered":"El tiempo en Semana Santa. Previsi\u00f3n Mi\u00e9rcoles Santo. La borrasca baja a segunda B y el anticicl\u00f3n sube a primera."},"content":{"rendered":"<p><strong>Buenos dias amigos de la meteo. Son las seis de la ma\u00f1ana, registro 17.7 grados y los cielos estas despejados.<\/strong><\/p>\n<p><strong>Hoy\u00a0Mi\u00e9rcoles\u00a0Santo se presenta con una maxima de 24 grados, vientos flojos de direcci\u00f3n variable y nubes altas tipo cirrus, que se\u00a0dar\u00edan\u00a0por la tarde. Tambi\u00e9n hay posibilidad de brumas y\u00a0quiz\u00e1s\u00a0posibles bancos de nieblas, que se\u00a0dar\u00edan\u00a0 a primera horas de la ma\u00f1ana en zonas cercanas al litoral, pero no creo que lleguen a entrar a tierra.<\/strong><\/p>\n<p>&nbsp;<\/p>\n<p>&nbsp;<\/p>\n<p><a href=\"https:\/\/blogs.diariosur.es\/tormentas-y-rayos\/2014\/04\/16\/el-tiempo-en-semana-santa-prevision-miercoles-santo-la-borrasca-baja-a-segunda-b-y-el-anticiclon-sube-a-primera\/nazafelizjl-2-15\/\" rel=\"attachment wp-att-8340\"><img loading=\"lazy\" class=\"aligncenter size-full wp-image-8340\" title=\"NazaFelizJL (2)\" src=\"\/tormentas-y-rayos\/wp-content\/uploads\/sites\/12\/2014\/04\/NazaFelizJL-22.jpg\" alt=\"\" width=\"400\" height=\"459\" srcset=\"https:\/\/static-blogs.diariosur.es\/wp-content\/uploads\/sites\/12\/2014\/04\/NazaFelizJL-22.jpg 400w, https:\/\/static-blogs.diariosur.es\/wp-content\/uploads\/sites\/12\/2014\/04\/NazaFelizJL-22-349x400.jpg 349w\" sizes=\"(max-width: 400px) 100vw, 400px\" \/><\/a><\/p>\n<p><a href=\"https:\/\/blogs.diariosur.es\/tormentas-y-rayos\/2014\/04\/16\/el-tiempo-en-semana-santa-prevision-miercoles-santo-la-borrasca-baja-a-segunda-b-y-el-anticiclon-sube-a-primera\/sur\/\" rel=\"attachment wp-att-8342\"><img loading=\"lazy\" class=\"aligncenter size-full wp-image-8342\" title=\"SUR\" src=\"\/tormentas-y-rayos\/wp-content\/uploads\/sites\/12\/2014\/04\/SUR.jpg\" alt=\"\" width=\"450\" height=\"600\" srcset=\"https:\/\/static-blogs.diariosur.es\/wp-content\/uploads\/sites\/12\/2014\/04\/SUR.jpg 450w, https:\/\/static-blogs.diariosur.es\/wp-content\/uploads\/sites\/12\/2014\/04\/SUR-300x400.jpg 300w\" sizes=\"(max-width: 450px) 100vw, 450px\" \/><\/a><\/p>\n<p>&nbsp;<\/p>\n<p><strong>Fijaros como es la meteorolog\u00eda y en tan solo unas horas puede cambiar. Hace un par de dias no se esperaban precipitaciones en M\u00e1laga, y \u00a0durante la madrugada del Martes y primeras horas de la ma\u00f1ana nos llevamos un susto. Viendo los modelos principales, el anticicl\u00f3n\u00a0seguir\u00e1\u00a0de protagonista hasta el\u00a0S\u00e1bado\u00a0Santo.<\/strong><\/p>\n<p>&nbsp;<\/p>\n<p><strong>A partir del Domingo y\u00a0seg\u00fan\u00a0algunos modelos\u00a0podr\u00eda\u00a0cambiar, con lo cual el Domingo de\u00a0Resurrecci\u00f3n las tendencias son a que se \u00a0inestabilice la\u00a0atm\u00f3sfera\u00a0en buena parte de Andaluc\u00eda.\u00a0Os paso un mapa previsto para estos dias y semana que viene. Se ve claramente el\u00a0empeoramiento\u00a0para el domingo. Hablamos de tendencias y no de\u00a0pron\u00f3sticos,\u00a0\u00a0ok?<\/strong><\/p>\n<p><a href=\"https:\/\/blogs.diariosur.es\/tormentas-y-rayos\/2014\/04\/16\/el-tiempo-en-semana-santa-prevision-miercoles-santo-la-borrasca-baja-a-segunda-b-y-el-anticiclon-sube-a-primera\/captura-311\/\" rel=\"attachment wp-att-8339\"><img loading=\"lazy\" class=\"aligncenter size-medium wp-image-8339\" title=\"Captura\" src=\"\/tormentas-y-rayos\/wp-content\/uploads\/sites\/12\/2014\/04\/Captura17.jpg\" alt=\"\" width=\"600\" height=\"311\" srcset=\"https:\/\/static-blogs.diariosur.es\/wp-content\/uploads\/sites\/12\/2014\/04\/Captura17.jpg 1006w, https:\/\/static-blogs.diariosur.es\/wp-content\/uploads\/sites\/12\/2014\/04\/Captura17-640x332.jpg 640w, https:\/\/static-blogs.diariosur.es\/wp-content\/uploads\/sites\/12\/2014\/04\/Captura17-768x399.jpg 768w\" sizes=\"(max-width: 600px) 100vw, 600px\" \/><\/a><\/p>\n<p>&nbsp;<\/p>\n<p><img loading=\"lazy\" class=\"aligncenter\" src=\"\/tormentas-y-rayos\/wp-content\/uploads\/sites\/12\/2014\/04\/12921085735_df819d7eae-horz.jpg\" alt=\"\" width=\"638\" height=\"246\" \/><\/p>\n<p><strong>Os hago un peque\u00f1o resumen de ayer Martes Santo.<\/strong><\/p>\n<p><strong>Ayer Martes Santo, la bolsa de aire fr\u00edo dio sus\u00a0\u00faltimos\u00a0coletazos, dejando un peque\u00f1o chaparr\u00f3n a las diez de la ma\u00f1ana en M\u00e1laga Capital, pero enseguida los cielos andaluces y malague\u00f1os se despejaron y se disfruto de un precioso dia. Sobre las siete y media de la ma\u00f1ana tire \u00a0para la playa, esperaba un bonito candilazo, pero no fue asi. Os paso una foto.<\/strong><\/p>\n<p><img loading=\"lazy\" class=\"aligncenter\" src=\"https:\/\/farm4.staticflickr.com\/3748\/13879507884_e2dc7a351b_z.jpg\" alt=\"\" width=\"640\" height=\"377\" \/><\/p>\n<p><strong>Os paso los datos mas\u00a0importantes registrados ayer en Andaluc\u00eda. Y os dejo hasta ma\u00f1ana.<\/strong><\/p>\n<p><strong><a href=\"https:\/\/blogs.diariosur.es\/tormentas-y-rayos\/2014\/04\/16\/el-tiempo-en-semana-santa-prevision-miercoles-santo-la-borrasca-baja-a-segunda-b-y-el-anticiclon-sube-a-primera\/captura-312\/\" rel=\"attachment wp-att-8341\"><img loading=\"lazy\" class=\"aligncenter size-medium wp-image-8341\" title=\"Captura\" src=\"\/tormentas-y-rayos\/wp-content\/uploads\/sites\/12\/2014\/04\/Captura18.jpg\" alt=\"\" width=\"517\" height=\"400\" srcset=\"https:\/\/static-blogs.diariosur.es\/wp-content\/uploads\/sites\/12\/2014\/04\/Captura18.jpg 795w, https:\/\/static-blogs.diariosur.es\/wp-content\/uploads\/sites\/12\/2014\/04\/Captura18-518x400.jpg 518w, https:\/\/static-blogs.diariosur.es\/wp-content\/uploads\/sites\/12\/2014\/04\/Captura18-768x593.jpg 768w\" sizes=\"(max-width: 517px) 100vw, 517px\" \/><\/a>\u00a0<\/strong><\/p>\n<div><\/div>\n","protected":false},"excerpt":{"rendered":"<p>Buenos dias amigos de la meteo. Son las seis de la ma\u00f1ana, registro 17.7 grados y los cielos estas despejados. Hoy\u00a0Mi\u00e9rcoles\u00a0Santo se presenta con una maxima de 24 grados, vientos flojos de direcci\u00f3n variable y nubes altas tipo cirrus, que se\u00a0dar\u00edan\u00a0por la tarde. Tambi\u00e9n hay posibilidad de brumas y\u00a0quiz\u00e1s\u00a0posibles bancos de nieblas, que se\u00a0dar\u00edan\u00a0 a [&hellip;]<\/p>\n","protected":false},"author":16,"featured_media":8343,"comment_status":"open","ping_status":"open","sticky":false,"template":"","format":"standard","meta":[],"categories":[2],"tags":[114,358,651,809,903],"_links":{"self":[{"href":"https:\/\/blogs.diariosur.es\/tormentas-y-rayos\/wp-json\/wp\/v2\/posts\/8338"}],"collection":[{"href":"https:\/\/blogs.diariosur.es\/tormentas-y-rayos\/wp-json\/wp\/v2\/posts"}],"about":[{"href":"https:\/\/blogs.diariosur.es\/tormentas-y-rayos\/wp-json\/wp\/v2\/types\/post"}],"author":[{"embeddable":true,"href":"https:\/\/blogs.diariosur.es\/tormentas-y-rayos\/wp-json\/wp\/v2\/users\/16"}],"replies":[{"embeddable":true,"href":"https:\/\/blogs.diariosur.es\/tormentas-y-rayos\/wp-json\/wp\/v2\/comments?post=8338"}],"version-history":[{"count":0,"href":"https:\/\/blogs.diariosur.es\/tormentas-y-rayos\/wp-json\/wp\/v2\/posts\/8338\/revisions"}],"wp:featuredmedia":[{"embeddable":true,"href":"https:\/\/blogs.diariosur.es\/tormentas-y-rayos\/wp-json\/wp\/v2\/media\/8343"}],"wp:attachment":[{"href":"https:\/\/blogs.diariosur.es\/tormentas-y-rayos\/wp-json\/wp\/v2\/media?parent=8338"}],"wp:term":[{"taxonomy":"category","embeddable":true,"href":"https:\/\/blogs.diariosur.es\/tormentas-y-rayos\/wp-json\/wp\/v2\/categories?post=8338"},{"taxonomy":"post_tag","embeddable":true,"href":"https:\/\/blogs.diariosur.es\/tormentas-y-rayos\/wp-json\/wp\/v2\/tags?post=8338"}],"curies":[{"name":"wp","href":"https:\/\/api.w.org\/{rel}","templated":true}]}}