{"id":8344,"date":"2014-04-17T08:31:30","date_gmt":"2014-04-17T06:31:30","guid":{"rendered":"http:\/\/blogs.diariosur.es\/tormentas-y-rayos\/?p=8344"},"modified":"2014-04-17T08:31:30","modified_gmt":"2014-04-17T06:31:30","slug":"prevision-del-tiempo-jueves-santo-y-madruga-en-andalucia-el-anticiclon-sera-el-protagonista-traslado-del-cristo-del-descendimiento-y-maria-de-las-angustias","status":"publish","type":"post","link":"https:\/\/blogs.diariosur.es\/tormentas-y-rayos\/2014\/04\/17\/prevision-del-tiempo-jueves-santo-y-madruga-en-andalucia-el-anticiclon-sera-el-protagonista-traslado-del-cristo-del-descendimiento-y-maria-de-las-angustias\/","title":{"rendered":"Previsi\u00f3n del tiempo Jueves Santo y madrug\u00e1 en Andaluc\u00eda. El anticicl\u00f3n sera el protagonista. Traslado del Cristo del Descendimiento y Maria de las Angustias."},"content":{"rendered":"<p><strong>Buenos dias amigos de la meteo. Son las ocho de la ma\u00f1ana, registro 16 grados y los cielos est\u00e1n despejados.\u00a0Andaluc\u00eda\u00a0por primera vez en muchos a\u00f1os\u00a0saldr\u00e1n todas las procesiones durante hoy Jueves Santo y Madrug\u00e1 del Viernes Santo. Este mapa previsto lo dice todo.\u00a0<\/strong><\/p>\n<p><strong><a href=\"https:\/\/blogs.diariosur.es\/tormentas-y-rayos\/2014\/04\/17\/prevision-del-tiempo-jueves-santo-y-madruga-en-andalucia-el-anticiclon-sera-el-protagonista-traslado-del-cristo-del-descendimiento-y-maria-de-las-angustias\/gfs-0-18\/\" rel=\"attachment wp-att-8345\"><img loading=\"lazy\" class=\"aligncenter size-medium wp-image-8345\" title=\"gfs-0-18\" src=\"\/tormentas-y-rayos\/wp-content\/uploads\/sites\/12\/2014\/04\/gfs-0-18.png\" alt=\"\" width=\"600\" height=\"400\" srcset=\"https:\/\/static-blogs.diariosur.es\/wp-content\/uploads\/sites\/12\/2014\/04\/gfs-0-18.png 768w, https:\/\/static-blogs.diariosur.es\/wp-content\/uploads\/sites\/12\/2014\/04\/gfs-0-18-600x400.png 600w\" sizes=\"(max-width: 600px) 100vw, 600px\" \/><\/a><\/strong><\/p>\n<p><strong>Otro dato a destacar\u00a0ser\u00e1n\u00a0las\u00a0m\u00e1ximas\u00a0que se\u00a0dar\u00e1n\u00a0hoy por el interior de Andaluc\u00eda, en algunos puntos se sobrepasaran los 30 grados. En M\u00e1laga Capital disfrutaremos de unos 25 grados\u00a0debido\u00a0al Levante con posibilidad de brumas y bancos de nieblas.\u00a0La mala noticia entre comillas, es que a partir del\u00a0s\u00e1bado\u00a0nos abandona el anticicl\u00f3n y la dorsal Africana. Pero de esto hablaremos ma\u00f1ana, ya que los chubascos y bajadas de temperaturas pueden ser las protagonistas a partir del\u00a0s\u00e1bado\u00a0por la noche en Andaluc\u00eda. Si se cumplen los modelos para el Domingo de Resurrecci\u00f3n, lo mas posible es que veamos este nazareno.<\/strong><\/p>\n<p><a href=\"https:\/\/blogs.diariosur.es\/tormentas-y-rayos\/2014\/04\/17\/prevision-del-tiempo-jueves-santo-y-madruga-en-andalucia-el-anticiclon-sera-el-protagonista-traslado-del-cristo-del-descendimiento-y-maria-de-las-angustias\/nazatristejl-2-11\/\" rel=\"attachment wp-att-8346\"><img loading=\"lazy\" class=\"aligncenter size-full wp-image-8346\" title=\"NazaTristeJL (2)\" src=\"\/tormentas-y-rayos\/wp-content\/uploads\/sites\/12\/2014\/04\/NazaTristeJL-2.jpg\" alt=\"\" width=\"400\" height=\"464\" srcset=\"https:\/\/static-blogs.diariosur.es\/wp-content\/uploads\/sites\/12\/2014\/04\/NazaTristeJL-2.jpg 400w, https:\/\/static-blogs.diariosur.es\/wp-content\/uploads\/sites\/12\/2014\/04\/NazaTristeJL-2-345x400.jpg 345w\" sizes=\"(max-width: 400px) 100vw, 400px\" \/><\/a><\/p>\n<p><strong>Otra cosilla mas, hoy los legionarios son los protagonistas, pero tambi\u00e9n a escasos metros se celebra el traslado del Cristo del Descendimiento y\u00a0<em>\u00a0Mar\u00eda Sant\u00edsima de las Angustia<\/em> en la Capilla del Hospital Noble. Es mi Cristo \u00a0y mi Virgen y le tengo mucho cari\u00f1o por muchos motivos. Por una vez que no veias el desembarco no pasa nada, ok?. A las once de la ma\u00f1ana ya\u00a0pod\u00e9is\u00a0llegaros.<\/strong><\/p>\n<p>&nbsp;<\/p>\n<p><a href=\"https:\/\/blogs.diariosur.es\/tormentas-y-rayos\/2014\/04\/17\/prevision-del-tiempo-jueves-santo-y-madruga-en-andalucia-el-anticiclon-sera-el-protagonista-traslado-del-cristo-del-descendimiento-y-maria-de-las-angustias\/006-10\/\" rel=\"attachment wp-att-8347\"><img loading=\"lazy\" class=\"aligncenter size-full wp-image-8347\" title=\"006\" src=\"\/tormentas-y-rayos\/wp-content\/uploads\/sites\/12\/2014\/04\/0061.jpg\" alt=\"\" width=\"650\" height=\"487\" srcset=\"https:\/\/static-blogs.diariosur.es\/wp-content\/uploads\/sites\/12\/2014\/04\/0061.jpg 650w, https:\/\/static-blogs.diariosur.es\/wp-content\/uploads\/sites\/12\/2014\/04\/0061-534x400.jpg 534w\" sizes=\"(max-width: 650px) 100vw, 650px\" \/><\/a><\/p>\n<p><a href=\"https:\/\/blogs.diariosur.es\/tormentas-y-rayos\/2014\/04\/17\/prevision-del-tiempo-jueves-santo-y-madruga-en-andalucia-el-anticiclon-sera-el-protagonista-traslado-del-cristo-del-descendimiento-y-maria-de-las-angustias\/c6\/\" rel=\"attachment wp-att-8348\"><img loading=\"lazy\" class=\"aligncenter size-full wp-image-8348\" title=\"c6\" src=\"\/tormentas-y-rayos\/wp-content\/uploads\/sites\/12\/2014\/04\/c6.jpg\" alt=\"\" width=\"650\" height=\"487\" srcset=\"https:\/\/static-blogs.diariosur.es\/wp-content\/uploads\/sites\/12\/2014\/04\/c6.jpg 650w, https:\/\/static-blogs.diariosur.es\/wp-content\/uploads\/sites\/12\/2014\/04\/c6-534x400.jpg 534w\" sizes=\"(max-width: 650px) 100vw, 650px\" \/><\/a><\/p>\n<p>&nbsp;<\/p>\n<p><a href=\"https:\/\/blogs.diariosur.es\/tormentas-y-rayos\/2014\/04\/17\/prevision-del-tiempo-jueves-santo-y-madruga-en-andalucia-el-anticiclon-sera-el-protagonista-traslado-del-cristo-del-descendimiento-y-maria-de-las-angustias\/descendimiento_086t\/\" rel=\"attachment wp-att-8349\"><img loading=\"lazy\" class=\"aligncenter size-full wp-image-8349\" title=\"descendimiento_086t\" src=\"\/tormentas-y-rayos\/wp-content\/uploads\/sites\/12\/2014\/04\/descendimiento_086t.jpg\" alt=\"\" width=\"650\" height=\"512\" srcset=\"https:\/\/static-blogs.diariosur.es\/wp-content\/uploads\/sites\/12\/2014\/04\/descendimiento_086t.jpg 650w, https:\/\/static-blogs.diariosur.es\/wp-content\/uploads\/sites\/12\/2014\/04\/descendimiento_086t-508x400.jpg 508w\" sizes=\"(max-width: 650px) 100vw, 650px\" \/><\/a><\/p>\n","protected":false},"excerpt":{"rendered":"<p>Buenos dias amigos de la meteo. Son las ocho de la ma\u00f1ana, registro 16 grados y los cielos est\u00e1n despejados.\u00a0Andaluc\u00eda\u00a0por primera vez en muchos a\u00f1os\u00a0saldr\u00e1n todas las procesiones durante hoy Jueves Santo y Madrug\u00e1 del Viernes Santo. Este mapa previsto lo dice todo.\u00a0 Otro dato a destacar\u00a0ser\u00e1n\u00a0las\u00a0m\u00e1ximas\u00a0que se\u00a0dar\u00e1n\u00a0hoy por el interior de Andaluc\u00eda, en algunos [&hellip;]<\/p>\n","protected":false},"author":16,"featured_media":8350,"comment_status":"open","ping_status":"open","sticky":false,"template":"","format":"standard","meta":[],"categories":[2],"tags":[114,290,537,583,830,903,980],"_links":{"self":[{"href":"https:\/\/blogs.diariosur.es\/tormentas-y-rayos\/wp-json\/wp\/v2\/posts\/8344"}],"collection":[{"href":"https:\/\/blogs.diariosur.es\/tormentas-y-rayos\/wp-json\/wp\/v2\/posts"}],"about":[{"href":"https:\/\/blogs.diariosur.es\/tormentas-y-rayos\/wp-json\/wp\/v2\/types\/post"}],"author":[{"embeddable":true,"href":"https:\/\/blogs.diariosur.es\/tormentas-y-rayos\/wp-json\/wp\/v2\/users\/16"}],"replies":[{"embeddable":true,"href":"https:\/\/blogs.diariosur.es\/tormentas-y-rayos\/wp-json\/wp\/v2\/comments?post=8344"}],"version-history":[{"count":0,"href":"https:\/\/blogs.diariosur.es\/tormentas-y-rayos\/wp-json\/wp\/v2\/posts\/8344\/revisions"}],"wp:featuredmedia":[{"embeddable":true,"href":"https:\/\/blogs.diariosur.es\/tormentas-y-rayos\/wp-json\/wp\/v2\/media\/8350"}],"wp:attachment":[{"href":"https:\/\/blogs.diariosur.es\/tormentas-y-rayos\/wp-json\/wp\/v2\/media?parent=8344"}],"wp:term":[{"taxonomy":"category","embeddable":true,"href":"https:\/\/blogs.diariosur.es\/tormentas-y-rayos\/wp-json\/wp\/v2\/categories?post=8344"},{"taxonomy":"post_tag","embeddable":true,"href":"https:\/\/blogs.diariosur.es\/tormentas-y-rayos\/wp-json\/wp\/v2\/tags?post=8344"}],"curies":[{"name":"wp","href":"https:\/\/api.w.org\/{rel}","templated":true}]}}