{"id":8352,"date":"2014-04-18T08:37:27","date_gmt":"2014-04-18T06:37:27","guid":{"rendered":"http:\/\/blogs.diariosur.es\/tormentas-y-rayos\/?p=8352"},"modified":"2014-04-18T08:37:27","modified_gmt":"2014-04-18T06:37:27","slug":"prevision-del-tiempo-viernes-santo-manana-terral-y-el-domingo-de-resurreccion-la-lluvia-puede-ser-protagonista","status":"publish","type":"post","link":"https:\/\/blogs.diariosur.es\/tormentas-y-rayos\/2014\/04\/18\/prevision-del-tiempo-viernes-santo-manana-terral-y-el-domingo-de-resurreccion-la-lluvia-puede-ser-protagonista\/","title":{"rendered":"Previsi\u00f3n del tiempo Viernes Santo. Ma\u00f1ana terral, y el Domingo de Resurrecci\u00f3n la lluvia puede ser protagonista."},"content":{"rendered":"<p><strong>Buenos dias amigos de la meteo. Son las siete de la ma\u00f1ana, registro 14 grados y los cielos est\u00e1n poco nubosos.<\/strong><\/p>\n<p><strong> Me vais a permitir que hoy comience con este fot\u00f3n de mi amigo Jose Carlos Carbajo Montero, ha venido desde Madrid para disfrutar de nuestra Semana Santa, playas y espetos jijiji. Gracias por compartir la foto Jose.<\/strong><\/p>\n<p><a href=\"https:\/\/blogs.diariosur.es\/tormentas-y-rayos\/2014\/04\/18\/prevision-del-tiempo-viernes-santo-manana-terral-y-el-domingo-de-resurreccion-la-lluvia-puede-ser-protagonista\/img_3878\/\" rel=\"attachment wp-att-8353\"><img loading=\"lazy\" class=\"aligncenter size-full wp-image-8353\" title=\"IMG_3878\" src=\"\/tormentas-y-rayos\/wp-content\/uploads\/sites\/12\/2014\/04\/IMG_3878.jpg\" alt=\"\" width=\"650\" height=\"197\" srcset=\"https:\/\/static-blogs.diariosur.es\/wp-content\/uploads\/sites\/12\/2014\/04\/IMG_3878.jpg 650w, https:\/\/static-blogs.diariosur.es\/wp-content\/uploads\/sites\/12\/2014\/04\/IMG_3878-640x194.jpg 640w\" sizes=\"(max-width: 650px) 100vw, 650px\" \/><\/a><\/p>\n<p>&nbsp;<\/p>\n<p><strong>Bueno amigos, hoy\u00a0pr\u00e1cticamente se acaba la Semana Santa Malague\u00f1a en la capital, el Domingo es la ultima procesi\u00f3n.<\/strong><\/p>\n<p><strong>Hoy seguiremos con tiempo estable, alguna bruma matinal y maxima rondando los 24 grados en M\u00e1laga Capital, a ultima hora de la tarde cambiara el viento a oeste.\u00a0<\/strong><\/p>\n<p><a href=\"https:\/\/blogs.diariosur.es\/tormentas-y-rayos\/2014\/04\/18\/prevision-del-tiempo-viernes-santo-manana-terral-y-el-domingo-de-resurreccion-la-lluvia-puede-ser-protagonista\/nazafelizjl-2-17\/\" rel=\"attachment wp-att-8357\"><img loading=\"lazy\" class=\"aligncenter size-medium wp-image-8357\" title=\"NazaFelizJL (2)\" src=\"\/tormentas-y-rayos\/wp-content\/uploads\/sites\/12\/2014\/04\/NazaFelizJL-24.jpg\" alt=\"\" width=\"348\" height=\"400\" srcset=\"https:\/\/static-blogs.diariosur.es\/wp-content\/uploads\/sites\/12\/2014\/04\/NazaFelizJL-24.jpg 400w, https:\/\/static-blogs.diariosur.es\/wp-content\/uploads\/sites\/12\/2014\/04\/NazaFelizJL-24-349x400.jpg 349w\" sizes=\"(max-width: 348px) 100vw, 348px\" \/><\/a><\/p>\n<p><strong>En el resto de Andaluc\u00eda \u00a0seguir\u00e1 \u00a0el \u00a0anticicl\u00f3n de protagonista hoy Viernes Santo, pero a partir del\u00a0s\u00e1bado\u00a0por la tarde una borrasca\u00a0traer\u00e1\u00a0cambios, que puede dejar\u00a0alg\u00fan\u00a0chubasco en la zona mas occidental de nuestra regi\u00f3n. Os paso un mapa previsto, si os\u00a0fij\u00e1is, la dorsal Africana ha desaparecido.<\/strong><\/p>\n<p>&nbsp;<\/p>\n<p><a href=\"https:\/\/blogs.diariosur.es\/tormentas-y-rayos\/2014\/04\/18\/prevision-del-tiempo-viernes-santo-manana-terral-y-el-domingo-de-resurreccion-la-lluvia-puede-ser-protagonista\/gfs-0-42-2\/\" rel=\"attachment wp-att-8360\"><img loading=\"lazy\" class=\"aligncenter size-medium wp-image-8360\" title=\"gfs-0-42\" src=\"\/tormentas-y-rayos\/wp-content\/uploads\/sites\/12\/2014\/04\/gfs-0-42.png\" alt=\"\" width=\"600\" height=\"400\" srcset=\"https:\/\/static-blogs.diariosur.es\/wp-content\/uploads\/sites\/12\/2014\/04\/gfs-0-42.png 768w, https:\/\/static-blogs.diariosur.es\/wp-content\/uploads\/sites\/12\/2014\/04\/gfs-0-42-600x400.png 600w\" sizes=\"(max-width: 600px) 100vw, 600px\" \/><\/a><\/p>\n<p><strong>\u00a0Ma\u00f1ana hay posibilidad de chubascos\u00a0espor\u00e1dicos\u00a0en la zona mas occidental andaluza, las\u00a0procesiones\u00a0que salgan\u00a0tendr\u00e1n\u00a0que mirar al cielo.<\/strong><\/p>\n<p><a href=\"https:\/\/blogs.diariosur.es\/tormentas-y-rayos\/2014\/04\/18\/prevision-del-tiempo-viernes-santo-manana-terral-y-el-domingo-de-resurreccion-la-lluvia-puede-ser-protagonista\/nazaseriojl-2-10\/\" rel=\"attachment wp-att-8359\"><img loading=\"lazy\" class=\"aligncenter size-full wp-image-8359\" title=\"NazaSerioJL (2)\" src=\"\/tormentas-y-rayos\/wp-content\/uploads\/sites\/12\/2014\/04\/NazaSerioJL-2.jpg\" alt=\"\" width=\"400\" height=\"465\" srcset=\"https:\/\/static-blogs.diariosur.es\/wp-content\/uploads\/sites\/12\/2014\/04\/NazaSerioJL-2.jpg 400w, https:\/\/static-blogs.diariosur.es\/wp-content\/uploads\/sites\/12\/2014\/04\/NazaSerioJL-2-344x400.jpg 344w\" sizes=\"(max-width: 400px) 100vw, 400px\" \/><\/a><\/p>\n<p>&nbsp;<\/p>\n<p><strong>Este\u00a0empeoramiento \u00a0sera el protagonista el Domingo de Resurrecci\u00f3n en buena parte de Andaluc\u00eda. Pero de esto\u00a0hablaremos\u00a0ma\u00f1ana\u00a0S\u00e1bado\u00a0de Gloria.<\/strong><\/p>\n<p><strong><span style=\"color: #ff0000;\"> L<\/span><span style=\"color: #ff0000;\">o que si os\u00a0adelanto es que ma\u00f1ana \u00a0el terral de primavera sera el protagonista en M\u00e1laga Capital.\u00a0<\/span><\/strong><\/p>\n<p><span style=\"color: #0000ff;\"><strong>Os hago un resumen del Jueves Santo.<\/strong><\/span><\/p>\n<p><span style=\"color: #0000ff;\"><strong>Se\u00a0<\/strong><strong>cumplieron \u00a0los \u00a0pron\u00f3sticos\u00a0que daba, la niebla fue la protagonista en algunos puntos del litoral\u00a0Mediterr\u00e1neo\u00a0y\u00a0Atl\u00e1ntico, \u00a0asi como las\u00a0m\u00e1ximas que sobrepasaron los 30 grados por el interior. Fuente Aemet.<\/strong><\/span><\/p>\n<p><span style=\"color: #0000ff;\"><a href=\"https:\/\/blogs.diariosur.es\/tormentas-y-rayos\/2014\/04\/18\/prevision-del-tiempo-viernes-santo-manana-terral-y-el-domingo-de-resurreccion-la-lluvia-puede-ser-protagonista\/captura-313\/\" rel=\"attachment wp-att-8355\"><span style=\"color: #0000ff;\"><img loading=\"lazy\" class=\"aligncenter size-medium wp-image-8355\" title=\"Captura\" src=\"\/tormentas-y-rayos\/wp-content\/uploads\/sites\/12\/2014\/04\/Captura19.jpg\" alt=\"\" width=\"600\" height=\"187\" srcset=\"https:\/\/static-blogs.diariosur.es\/wp-content\/uploads\/sites\/12\/2014\/04\/Captura19.jpg 767w, https:\/\/static-blogs.diariosur.es\/wp-content\/uploads\/sites\/12\/2014\/04\/Captura19-640x200.jpg 640w\" sizes=\"(max-width: 600px) 100vw, 600px\" \/><\/span><\/a><\/span><\/p>\n<p><span style=\"color: #0000ff;\"><a href=\"https:\/\/blogs.diariosur.es\/tormentas-y-rayos\/2014\/04\/18\/prevision-del-tiempo-viernes-santo-manana-terral-y-el-domingo-de-resurreccion-la-lluvia-puede-ser-protagonista\/captura-314\/\" rel=\"attachment wp-att-8356\"><span style=\"color: #0000ff;\"><img loading=\"lazy\" class=\"aligncenter size-medium wp-image-8356\" title=\"Captura\" src=\"\/tormentas-y-rayos\/wp-content\/uploads\/sites\/12\/2014\/04\/Captura20.jpg\" alt=\"\" width=\"527\" height=\"400\" srcset=\"https:\/\/static-blogs.diariosur.es\/wp-content\/uploads\/sites\/12\/2014\/04\/Captura20.jpg 722w, https:\/\/static-blogs.diariosur.es\/wp-content\/uploads\/sites\/12\/2014\/04\/Captura20-527x400.jpg 527w\" sizes=\"(max-width: 527px) 100vw, 527px\" \/><\/span><\/a><\/span><\/p>\n<p><span style=\"color: #0000ff;\"><strong>Estando viendo el traslado del Cristo del Descendimiento, la niebla fue por momentos protagonista.<\/strong><\/span><\/p>\n<p><span style=\"color: #0000ff;\"><img loading=\"lazy\" class=\"aligncenter\" src=\"https:\/\/farm4.staticflickr.com\/3784\/13889603201_8967b129a3_z.jpg\" alt=\"\" width=\"640\" height=\"427\" \/><\/span><\/p>\n<p><span style=\"color: #0000ff;\"><strong>Y no solo en M\u00e1laga, tambi\u00e9n en Marbella. Mi amigo Jose Luis Gil me ha mandado esta preciosa foto.<\/strong><\/span><\/p>\n<p>&nbsp;<\/p>\n<p><span style=\"color: #0000ff;\"><a href=\"https:\/\/blogs.diariosur.es\/tormentas-y-rayos\/2014\/04\/18\/prevision-del-tiempo-viernes-santo-manana-terral-y-el-domingo-de-resurreccion-la-lluvia-puede-ser-protagonista\/10259233_10202688564488217_6608136538729292799_o\/\" rel=\"attachment wp-att-8358\"><span style=\"color: #0000ff;\"><img loading=\"lazy\" class=\"aligncenter size-full wp-image-8358\" title=\"10259233_10202688564488217_6608136538729292799_o\" src=\"\/tormentas-y-rayos\/wp-content\/uploads\/sites\/12\/2014\/04\/10259233_10202688564488217_6608136538729292799_o.jpg\" alt=\"\" width=\"640\" height=\"360\" \/><\/span><\/a><\/span><\/p>\n<p><span style=\"color: #0000ff;\"><img loading=\"lazy\" class=\"aligncenter\" src=\"https:\/\/farm3.staticflickr.com\/2868\/13889557451_c4e00e518b_z.jpg\" alt=\"\" width=\"640\" height=\"454\" \/><\/span><\/p>\n<p><span style=\"color: #0000ff;\"><strong>Sobre la una de la tarde tire para la zona del Espig\u00f3n de la\u00a0T\u00e9rmica, a esa hora la niebla\u00a0hab\u00eda\u00a0desaparecido.Y los malague\u00f1os que no estaban en el centro viendo los legionarios, disfrutaban de la playa. Mi mujer un poquito mas\u00a0y se mete en agua jijijji.<\/strong><\/span><\/p>\n<p><span style=\"color: #0000ff;\"><img loading=\"lazy\" class=\"aligncenter\" src=\"https:\/\/farm8.staticflickr.com\/7455\/13889558892_1d5dce7fb8_z.jpg\" alt=\"\" width=\"640\" height=\"456\" \/><\/span><\/p>\n<p><span style=\"color: #0000ff;\">\u00a0<strong>Poco mas que contar amigos, os resumo. Hoy seguiremos con tiempo estable en Andalucia, pero ma\u00f1ana hay posibilidad de chubascos\u00a0espor\u00e1dicos\u00a0en la zona mas occidental andaluza. El terral de primavera sera el protagonista en M\u00e1laga Capital, esto\u00a0har\u00e1\u00a0subir la maxima. El Domingo de Resurrecci\u00f3n la lluvia sera la protagonista en la mayor parte de Andaluc\u00eda. Hasta ma\u00f1ana no sabre si los chubascos llegaran al\u00a0mediod\u00eda,\u00a0o \u00a0por la tarde noche a la provincia malague\u00f1a.\u00a0<\/strong><\/span><\/p>\n<p><strong>Os dejo con esta impresionante foto de mi amigo Toni Ruiz Molero. Los pescadores echando el copo y las brumas protagonistas.<\/strong><\/p>\n<p><a href=\"https:\/\/blogs.diariosur.es\/tormentas-y-rayos\/2014\/04\/18\/prevision-del-tiempo-viernes-santo-manana-terral-y-el-domingo-de-resurreccion-la-lluvia-puede-ser-protagonista\/10152013_10202821070261378_4696112545012292847_n\/\" rel=\"attachment wp-att-8362\"><img loading=\"lazy\" class=\"aligncenter size-medium wp-image-8362\" title=\"10152013_10202821070261378_4696112545012292847_n\" src=\"\/tormentas-y-rayos\/wp-content\/uploads\/sites\/12\/2014\/04\/10152013_10202821070261378_4696112545012292847_n.jpg\" alt=\"\" width=\"600\" height=\"400\" srcset=\"https:\/\/static-blogs.diariosur.es\/wp-content\/uploads\/sites\/12\/2014\/04\/10152013_10202821070261378_4696112545012292847_n.jpg 800w, https:\/\/static-blogs.diariosur.es\/wp-content\/uploads\/sites\/12\/2014\/04\/10152013_10202821070261378_4696112545012292847_n-600x400.jpg 600w, https:\/\/static-blogs.diariosur.es\/wp-content\/uploads\/sites\/12\/2014\/04\/10152013_10202821070261378_4696112545012292847_n-768x512.jpg 768w\" sizes=\"(max-width: 600px) 100vw, 600px\" \/><\/a><\/p>\n","protected":false},"excerpt":{"rendered":"<p>Buenos dias amigos de la meteo. Son las siete de la ma\u00f1ana, registro 14 grados y los cielos est\u00e1n poco nubosos. Me vais a permitir que hoy comience con este fot\u00f3n de mi amigo Jose Carlos Carbajo Montero, ha venido desde Madrid para disfrutar de nuestra Semana Santa, playas y espetos jijiji. Gracias por compartir [&hellip;]<\/p>\n","protected":false},"author":16,"featured_media":8353,"comment_status":"open","ping_status":"open","sticky":false,"template":"","format":"standard","meta":[],"categories":[2],"tags":[343,569,809,878,903,975,980,1066],"_links":{"self":[{"href":"https:\/\/blogs.diariosur.es\/tormentas-y-rayos\/wp-json\/wp\/v2\/posts\/8352"}],"collection":[{"href":"https:\/\/blogs.diariosur.es\/tormentas-y-rayos\/wp-json\/wp\/v2\/posts"}],"about":[{"href":"https:\/\/blogs.diariosur.es\/tormentas-y-rayos\/wp-json\/wp\/v2\/types\/post"}],"author":[{"embeddable":true,"href":"https:\/\/blogs.diariosur.es\/tormentas-y-rayos\/wp-json\/wp\/v2\/users\/16"}],"replies":[{"embeddable":true,"href":"https:\/\/blogs.diariosur.es\/tormentas-y-rayos\/wp-json\/wp\/v2\/comments?post=8352"}],"version-history":[{"count":0,"href":"https:\/\/blogs.diariosur.es\/tormentas-y-rayos\/wp-json\/wp\/v2\/posts\/8352\/revisions"}],"wp:featuredmedia":[{"embeddable":true,"href":"https:\/\/blogs.diariosur.es\/tormentas-y-rayos\/wp-json\/wp\/v2\/media\/8353"}],"wp:attachment":[{"href":"https:\/\/blogs.diariosur.es\/tormentas-y-rayos\/wp-json\/wp\/v2\/media?parent=8352"}],"wp:term":[{"taxonomy":"category","embeddable":true,"href":"https:\/\/blogs.diariosur.es\/tormentas-y-rayos\/wp-json\/wp\/v2\/categories?post=8352"},{"taxonomy":"post_tag","embeddable":true,"href":"https:\/\/blogs.diariosur.es\/tormentas-y-rayos\/wp-json\/wp\/v2\/tags?post=8352"}],"curies":[{"name":"wp","href":"https:\/\/api.w.org\/{rel}","templated":true}]}}