{"id":8363,"date":"2014-04-19T08:56:41","date_gmt":"2014-04-19T06:56:41","guid":{"rendered":"http:\/\/blogs.diariosur.es\/tormentas-y-rayos\/?p=8363"},"modified":"2014-04-19T08:56:41","modified_gmt":"2014-04-19T06:56:41","slug":"prevision-del-tiempo-la-semana-santa-malaguena-se-despide-hoy-con-terral-y-manana-con-chubascos-aviso-amarillo-por-lluvias-en-huelva-y-cadiz","status":"publish","type":"post","link":"https:\/\/blogs.diariosur.es\/tormentas-y-rayos\/2014\/04\/19\/prevision-del-tiempo-la-semana-santa-malaguena-se-despide-hoy-con-terral-y-manana-con-chubascos-aviso-amarillo-por-lluvias-en-huelva-y-cadiz\/","title":{"rendered":"Previsi\u00f3n del tiempo. La Semana Santa Malague\u00f1a se despide hoy con terral y ma\u00f1ana con chubascos.Aviso amarillo por lluvias en M\u00e1laga, Huelva, Sevilla y C\u00e1diz."},"content":{"rendered":"<p><strong>ACTUALIZACI\u00d3N ULTIMA HORA.<\/strong><\/p>\n<p><strong>La aemet amplia el aviso amarillo por lluvias a la provincia malague\u00f1a ma\u00f1ana Domingo de Resurrecci\u00f3n.\u00a0<\/strong><\/p>\n<p><a href=\"https:\/\/blogs.diariosur.es\/tormentas-y-rayos\/2014\/04\/19\/prevision-del-tiempo-la-semana-santa-malaguena-se-despide-hoy-con-terral-y-manana-con-chubascos-aviso-amarillo-por-lluvias-en-huelva-y-cadiz\/captura-318\/\" rel=\"attachment wp-att-8377\"><img loading=\"lazy\" class=\"aligncenter size-full wp-image-8377\" title=\"Captura\" src=\"\/tormentas-y-rayos\/wp-content\/uploads\/sites\/12\/2014\/04\/Captura24.jpg\" alt=\"\" width=\"613\" height=\"135\" \/><\/a><\/p>\n<p><a href=\"https:\/\/blogs.diariosur.es\/tormentas-y-rayos\/2014\/04\/19\/prevision-del-tiempo-la-semana-santa-malaguena-se-despide-hoy-con-terral-y-manana-con-chubascos-aviso-amarillo-por-lluvias-en-huelva-y-cadiz\/captura-317\/\" rel=\"attachment wp-att-8376\"><img loading=\"lazy\" class=\"aligncenter size-full wp-image-8376\" title=\"Captura\" src=\"\/tormentas-y-rayos\/wp-content\/uploads\/sites\/12\/2014\/04\/Captura23.jpg\" alt=\"\" width=\"567\" height=\"379\" \/><\/a><\/p>\n<p>&nbsp;<\/p>\n<p>&nbsp;<\/p>\n<p><strong>Buenos dias amigos de la meteo. Son las seis y media de la ma\u00f1ana, registro 20 grados y los cielos est\u00e1n nubosos. Asi que en un rato tirare para la playa y fotografiare el posible candilazo.\u00a0<\/strong><\/p>\n<p><strong>Los primeros\u00a0s\u00edntomas\u00a0del cambio de tiempo que se esperan, ya se notan en los cielos andaluces en forma de nubes medias y altas.<\/strong><\/p>\n<p><a href=\"https:\/\/blogs.diariosur.es\/tormentas-y-rayos\/2014\/04\/19\/prevision-del-tiempo-la-semana-santa-malaguena-se-despide-hoy-con-terral-y-manana-con-chubascos-aviso-amarillo-por-lluvias-en-huelva-y-cadiz\/webexterna_ir87_04-00-3\/\" rel=\"attachment wp-att-8368\"><img loading=\"lazy\" class=\"aligncenter size-medium wp-image-8368\" title=\"webexterna_IR87_[04-00]\" src=\"\/tormentas-y-rayos\/wp-content\/uploads\/sites\/12\/2014\/04\/webexterna_IR87_04-00.jpg\" alt=\"\" width=\"579\" height=\"400\" srcset=\"https:\/\/static-blogs.diariosur.es\/wp-content\/uploads\/sites\/12\/2014\/04\/webexterna_IR87_04-00.jpg 750w, https:\/\/static-blogs.diariosur.es\/wp-content\/uploads\/sites\/12\/2014\/04\/webexterna_IR87_04-00-579x400.jpg 579w\" sizes=\"(max-width: 579px) 100vw, 579px\" \/><\/a><\/p>\n<p>&nbsp;<\/p>\n<p><strong>La borrasca que ha estado parada por la dorsal\u00a0Africana tomara fuerza y se ira acercando a la\u00a0pen\u00ednsula. A todo esto hay que unirle aire\u00a0fr\u00edo\u00a0en altura, que de forma retrograda llegara hoy.\u00a0<\/strong><\/p>\n<p><strong>En M\u00e1laga Capital el protagonista sera el terral de primavera, que soplara entre flojo y moderado, esto\u00a0har\u00e1\u00a0subir la maxima. En la zona occidental andaluza hay posibilidad de chubascos, asi que las\u00a0cofrad\u00edas\u00a0tendr\u00e1n\u00a0que estar atentas al radar y al cielo. La posibilidad de chubascos es mayor en las zonas cercanas a los sistemas monta\u00f1osos.<\/strong><\/p>\n<p><a href=\"https:\/\/blogs.diariosur.es\/tormentas-y-rayos\/2014\/04\/19\/prevision-del-tiempo-la-semana-santa-malaguena-se-despide-hoy-con-terral-y-manana-con-chubascos-aviso-amarillo-por-lluvias-en-huelva-y-cadiz\/nazaseriojl-2-11\/\" rel=\"attachment wp-att-8367\"><img loading=\"lazy\" class=\"aligncenter size-full wp-image-8367\" title=\"NazaSerioJL (2)\" src=\"\/tormentas-y-rayos\/wp-content\/uploads\/sites\/12\/2014\/04\/NazaSerioJL-21.jpg\" alt=\"\" width=\"400\" height=\"465\" srcset=\"https:\/\/static-blogs.diariosur.es\/wp-content\/uploads\/sites\/12\/2014\/04\/NazaSerioJL-21.jpg 400w, https:\/\/static-blogs.diariosur.es\/wp-content\/uploads\/sites\/12\/2014\/04\/NazaSerioJL-21-344x400.jpg 344w\" sizes=\"(max-width: 400px) 100vw, 400px\" \/><\/a><\/p>\n<p>&nbsp;<\/p>\n<p>&nbsp;<\/p>\n<p><strong>Ma\u00f1ana Domingo de Resurrecci\u00f3n la aemet activara el aviso amarillo por lluvias en Huelva y C\u00e1diz. Se formara una baja cerca del Cabo de San Vicente, que sera la que traiga estas lluvias. Aun no tengo muy claro sobre que hora\u00a0empezar\u00edan\u00a0los chubascos en la provincia malague\u00f1a. El modelo hirlam los\u00a0prev\u00e9\u00a0sobre el\u00a0mediod\u00eda\u00a0en la zona mas occidental de nuestra provincia, para luego\u00a0mas\u00a0tarde irse\u00a0traslad\u00e1ndose\u00a0a otros puntos de la provincia malague\u00f1a.<\/strong><\/p>\n<p><strong>\u00a0El \u00a0 Domingo se presenta inestable en Andaluc\u00eda con chubascos repartidos, asi que este nazareno sera el protagonista .<\/strong><\/p>\n<p><a href=\"https:\/\/blogs.diariosur.es\/tormentas-y-rayos\/2014\/04\/19\/prevision-del-tiempo-la-semana-santa-malaguena-se-despide-hoy-con-terral-y-manana-con-chubascos-aviso-amarillo-por-lluvias-en-huelva-y-cadiz\/nazatristejl-2-12\/\" rel=\"attachment wp-att-8369\"><img loading=\"lazy\" class=\"aligncenter size-medium wp-image-8369\" title=\"NazaTristeJL (2)\" src=\"\/tormentas-y-rayos\/wp-content\/uploads\/sites\/12\/2014\/04\/NazaTristeJL-21.jpg\" alt=\"\" width=\"344\" height=\"400\" srcset=\"https:\/\/static-blogs.diariosur.es\/wp-content\/uploads\/sites\/12\/2014\/04\/NazaTristeJL-21.jpg 400w, https:\/\/static-blogs.diariosur.es\/wp-content\/uploads\/sites\/12\/2014\/04\/NazaTristeJL-21-345x400.jpg 345w\" sizes=\"(max-width: 344px) 100vw, 344px\" \/><\/a><\/p>\n<p>&nbsp;<\/p>\n<p><strong>Bueno amigos, ahora son las siete de la ma\u00f1ana, preparo la\u00a0c\u00e1mara\u00a0y tiro para la playa, en un rato estoy de nuevo con vosotros. Espero que se de un bonito candilazo.<\/strong><\/p>\n<p><strong>Ya de vuelta de la Playa de la Misericordia, impresionante el candilazo que hemos tenido. Os paso una foto, si\u00a0quer\u00e9is\u00a0ver mas en el lateral derecho del blog esta mi\u00a0galer\u00eda\u00a0de fotos.<\/strong><\/p>\n<p>&nbsp;<\/p>\n<p><img loading=\"lazy\" class=\"aligncenter\" src=\"https:\/\/farm3.staticflickr.com\/2940\/13932724044_9cb36c26f1_z.jpg\" alt=\"\" width=\"640\" height=\"427\" \/><\/p>\n<p><strong>Os hago un resumen del Viernes Santo. La maxima de Andaluc\u00eda se dio en \u00c1lora con 29.9 grados<\/strong><\/p>\n<p><a href=\"https:\/\/blogs.diariosur.es\/tormentas-y-rayos\/2014\/04\/19\/prevision-del-tiempo-la-semana-santa-malaguena-se-despide-hoy-con-terral-y-manana-con-chubascos-aviso-amarillo-por-lluvias-en-huelva-y-cadiz\/captura-315\/\" rel=\"attachment wp-att-8370\"><img loading=\"lazy\" class=\"aligncenter size-full wp-image-8370\" title=\"Captura\" src=\"\/tormentas-y-rayos\/wp-content\/uploads\/sites\/12\/2014\/04\/Captura21.jpg\" alt=\"\" width=\"403\" height=\"238\" \/><\/a><\/p>\n<p><strong>Las playas malague\u00f1as y paseos enseguida se llenaron.<\/strong><\/p>\n<p><a href=\"https:\/\/blogs.diariosur.es\/tormentas-y-rayos\/2014\/04\/19\/prevision-del-tiempo-la-semana-santa-malaguena-se-despide-hoy-con-terral-y-manana-con-chubascos-aviso-amarillo-por-lluvias-en-huelva-y-cadiz\/008-6\/\" rel=\"attachment wp-att-8364\"><img loading=\"lazy\" class=\"aligncenter size-full wp-image-8364\" title=\"008\" src=\"\/tormentas-y-rayos\/wp-content\/uploads\/sites\/12\/2014\/04\/008.jpg\" alt=\"\" width=\"640\" height=\"371\" \/><\/a><\/p>\n<p><strong>Mi amigo Hildrey Llorente preparaba los espetos en el Chiringuito el Escribano, que buena pinta\u00a0ten\u00edan.<\/strong><\/p>\n<p>&nbsp;<\/p>\n<p>&nbsp;<\/p>\n<p><a href=\"https:\/\/blogs.diariosur.es\/tormentas-y-rayos\/2014\/04\/19\/prevision-del-tiempo-la-semana-santa-malaguena-se-despide-hoy-con-terral-y-manana-con-chubascos-aviso-amarillo-por-lluvias-en-huelva-y-cadiz\/011-5\/\" rel=\"attachment wp-att-8365\"><img loading=\"lazy\" class=\"aligncenter size-full wp-image-8365\" title=\"011\" src=\"\/tormentas-y-rayos\/wp-content\/uploads\/sites\/12\/2014\/04\/011.jpg\" alt=\"\" width=\"640\" height=\"427\" srcset=\"https:\/\/static-blogs.diariosur.es\/wp-content\/uploads\/sites\/12\/2014\/04\/011.jpg 640w, https:\/\/static-blogs.diariosur.es\/wp-content\/uploads\/sites\/12\/2014\/04\/011-600x400.jpg 600w\" sizes=\"(max-width: 640px) 100vw, 640px\" \/><\/a><\/p>\n<p>&nbsp;<\/p>\n<p><strong>Por la tarde nos fuimos mi mujer y yo para ver la salida del Descendimiento. Sobre las seis de la tarde se registraba en esa zona 27 grados.<\/strong><\/p>\n<p><img loading=\"lazy\" class=\"aligncenter\" src=\"https:\/\/farm8.staticflickr.com\/7209\/13904330186_3a827f6b5b_z.jpg\" alt=\"\" width=\"404\" height=\"640\" \/><\/p>\n<p>&nbsp;<\/p>\n<p><img loading=\"lazy\" class=\"aligncenter\" src=\"https:\/\/farm3.staticflickr.com\/2920\/13904257562_36849118a3_z.jpg\" alt=\"\" width=\"640\" height=\"427\" \/><\/p>\n<p>&nbsp;<\/p>\n<p>&nbsp;<\/p>\n<p><img loading=\"lazy\" class=\"aligncenter\" src=\"https:\/\/farm4.staticflickr.com\/3703\/13927372285_9f1327ceb3_z.jpg\" alt=\"\" width=\"640\" height=\"427\" \/><\/p>\n<p>&nbsp;<\/p>\n<p>&nbsp;<\/p>\n<p>&nbsp;<\/p>\n<p><strong>Mas tarde vimos la salida del Sepulcro, la verdad que impresiona.<\/strong><\/p>\n<p><img loading=\"lazy\" class=\"aligncenter\" src=\"https:\/\/farm8.staticflickr.com\/7179\/13927613013_4ef5a22ca7_z.jpg\" alt=\"\" width=\"640\" height=\"279\" \/><\/p>\n<p>&nbsp;<\/p>\n<p><img loading=\"lazy\" class=\"aligncenter\" src=\"https:\/\/farm4.staticflickr.com\/3696\/13927410355_a90d84a6d6_z.jpg\" alt=\"\" width=\"640\" height=\"467\" \/><\/p>\n<p>&nbsp;<\/p>\n<p><img loading=\"lazy\" class=\"aligncenter\" src=\"https:\/\/farm3.staticflickr.com\/2932\/13904489461_ff4562079d_z.jpg\" alt=\"\" width=\"640\" height=\"446\" \/><\/p>\n<p>&nbsp;<\/p>\n<p>&nbsp;<\/p>\n<p><strong>Y por ultimo os presento a mi amigo Jose Manuel y su familia, un mes antes de la cuaresma ya me preguntaba por el tiempo que \u00edbamos a tener jijijiji , este a\u00f1o esta muy feliz. Un abrazo amigo.<\/strong><\/p>\n<p><a href=\"https:\/\/blogs.diariosur.es\/tormentas-y-rayos\/2014\/04\/19\/prevision-del-tiempo-la-semana-santa-malaguena-se-despide-hoy-con-terral-y-manana-con-chubascos-aviso-amarillo-por-lluvias-en-huelva-y-cadiz\/attachment\/063\/\" rel=\"attachment wp-att-8366\"><img loading=\"lazy\" class=\"aligncenter size-full wp-image-8366\" title=\"063\" src=\"\/tormentas-y-rayos\/wp-content\/uploads\/sites\/12\/2014\/04\/063.jpg\" alt=\"\" width=\"640\" height=\"486\" srcset=\"https:\/\/static-blogs.diariosur.es\/wp-content\/uploads\/sites\/12\/2014\/04\/063.jpg 640w, https:\/\/static-blogs.diariosur.es\/wp-content\/uploads\/sites\/12\/2014\/04\/063-527x400.jpg 527w\" sizes=\"(max-width: 640px) 100vw, 640px\" \/><\/a><\/p>\n<p>&nbsp;<\/p>\n<p><strong>Os dejo con esta preciosa foto de mi amigo Juan Antonio Espejo. Es un\u00a0atardecer desde Marbella.<\/strong><\/p>\n<p><a href=\"https:\/\/blogs.diariosur.es\/tormentas-y-rayos\/2014\/04\/19\/prevision-del-tiempo-la-semana-santa-malaguena-se-despide-hoy-con-terral-y-manana-con-chubascos-aviso-amarillo-por-lluvias-en-huelva-y-cadiz\/1660216_670192536367614_7634403558584648589_n_1\/\" rel=\"attachment wp-att-8372\"><img loading=\"lazy\" class=\"aligncenter size-full wp-image-8372\" title=\"1660216_670192536367614_7634403558584648589_n_1\" src=\"\/tormentas-y-rayos\/wp-content\/uploads\/sites\/12\/2014\/04\/1660216_670192536367614_7634403558584648589_n_1.jpg\" alt=\"\" width=\"640\" height=\"360\" \/><\/a><\/p>\n","protected":false},"excerpt":{"rendered":"<p>ACTUALIZACI\u00d3N ULTIMA HORA. La aemet amplia el aviso amarillo por lluvias a la provincia malague\u00f1a ma\u00f1ana Domingo de Resurrecci\u00f3n.\u00a0 &nbsp; &nbsp; Buenos dias amigos de la meteo. Son las seis y media de la ma\u00f1ana, registro 20 grados y los cielos est\u00e1n nubosos. Asi que en un rato tirare para la playa y fotografiare el [&hellip;]<\/p>\n","protected":false},"author":16,"featured_media":8374,"comment_status":"open","ping_status":"open","sticky":false,"template":"","format":"standard","meta":[],"categories":[2],"tags":[63,94,100,151,249,569,809,903,975,980],"_links":{"self":[{"href":"https:\/\/blogs.diariosur.es\/tormentas-y-rayos\/wp-json\/wp\/v2\/posts\/8363"}],"collection":[{"href":"https:\/\/blogs.diariosur.es\/tormentas-y-rayos\/wp-json\/wp\/v2\/posts"}],"about":[{"href":"https:\/\/blogs.diariosur.es\/tormentas-y-rayos\/wp-json\/wp\/v2\/types\/post"}],"author":[{"embeddable":true,"href":"https:\/\/blogs.diariosur.es\/tormentas-y-rayos\/wp-json\/wp\/v2\/users\/16"}],"replies":[{"embeddable":true,"href":"https:\/\/blogs.diariosur.es\/tormentas-y-rayos\/wp-json\/wp\/v2\/comments?post=8363"}],"version-history":[{"count":0,"href":"https:\/\/blogs.diariosur.es\/tormentas-y-rayos\/wp-json\/wp\/v2\/posts\/8363\/revisions"}],"wp:featuredmedia":[{"embeddable":true,"href":"https:\/\/blogs.diariosur.es\/tormentas-y-rayos\/wp-json\/wp\/v2\/media\/8374"}],"wp:attachment":[{"href":"https:\/\/blogs.diariosur.es\/tormentas-y-rayos\/wp-json\/wp\/v2\/media?parent=8363"}],"wp:term":[{"taxonomy":"category","embeddable":true,"href":"https:\/\/blogs.diariosur.es\/tormentas-y-rayos\/wp-json\/wp\/v2\/categories?post=8363"},{"taxonomy":"post_tag","embeddable":true,"href":"https:\/\/blogs.diariosur.es\/tormentas-y-rayos\/wp-json\/wp\/v2\/tags?post=8363"}],"curies":[{"name":"wp","href":"https:\/\/api.w.org\/{rel}","templated":true}]}}