{"id":8378,"date":"2014-04-20T09:06:16","date_gmt":"2014-04-20T07:06:16","guid":{"rendered":"http:\/\/blogs.diariosur.es\/tormentas-y-rayos\/?p=8378"},"modified":"2014-04-20T09:06:16","modified_gmt":"2014-04-20T07:06:16","slug":"aviso-amarillo-por-lluvias-y-tormentas-andalucia-domingo-de-resurreccion-pasado-por-agua","status":"publish","type":"post","link":"https:\/\/blogs.diariosur.es\/tormentas-y-rayos\/2014\/04\/20\/aviso-amarillo-por-lluvias-y-tormentas-andalucia-domingo-de-resurreccion-pasado-por-agua\/","title":{"rendered":"Aviso amarillo por lluvias y tormentas en Andaluc\u00eda. Domingo de Resurrecci\u00f3n pasado por agua."},"content":{"rendered":"<p><strong>Buenos dias amigos de la meteo. Son las\u00a0seis\u00a0 de la ma\u00f1ana, registro 16 grados y los cielos est\u00e1n \u00a0nubosos. En estos momentos la lluvia ya es la protagonista en la zona occidental Andaluza, os\u00a0paso el radar de lluvias.<\/strong><\/p>\n<p><a href=\"https:\/\/blogs.diariosur.es\/tormentas-y-rayos\/2014\/04\/20\/aviso-amarillo-por-lluvias-y-tormentas-andalucia-domingo-de-resurreccion-pasado-por-agua\/201404200430_r8se\/\" rel=\"attachment wp-att-8379\"><img loading=\"lazy\" class=\"aligncenter size-full wp-image-8379\" title=\"201404200430_r8se\" src=\"\/tormentas-y-rayos\/wp-content\/uploads\/sites\/12\/2014\/04\/201404200430_r8se.gif\" alt=\"\" width=\"480\" height=\"530\" \/><\/a><\/p>\n<p><strong>En el post de ayer os comentaba que la dorsal Africana nos abandonaba y que en su lugar entraba aire fr\u00edo en altura de forma\u00a0retrograda. La borrasca que casi toda la semana ha estado parada en las Azores \u00a0desde ayer\u00a0empez\u00f3\u00a0a moverse y acercarse a la\u00a0pen\u00ednsula. Hoy se formara una baja secundaria en el Cabo de San Vicente, que sera la que traiga los chubascos que en algunos puntos de\u00a0Andaluc\u00eda\u00a0pueden ser tormentosos.<\/strong><\/p>\n<p>&nbsp;<\/p>\n<p><a href=\"https:\/\/blogs.diariosur.es\/tormentas-y-rayos\/2014\/04\/20\/aviso-amarillo-por-lluvias-y-tormentas-andalucia-domingo-de-resurreccion-pasado-por-agua\/captura-319\/\" rel=\"attachment wp-att-8380\"><img loading=\"lazy\" class=\"aligncenter size-medium wp-image-8380\" title=\"Captura\" src=\"\/tormentas-y-rayos\/wp-content\/uploads\/sites\/12\/2014\/04\/Captura25.jpg\" alt=\"\" width=\"561\" height=\"400\" srcset=\"https:\/\/static-blogs.diariosur.es\/wp-content\/uploads\/sites\/12\/2014\/04\/Captura25.jpg 732w, https:\/\/static-blogs.diariosur.es\/wp-content\/uploads\/sites\/12\/2014\/04\/Captura25-562x400.jpg 562w\" sizes=\"(max-width: 561px) 100vw, 561px\" \/><\/a><\/p>\n<p><strong>En esta imagen del satelite eumetsat se ven las lineas de inestabilidad que nos afectaran hoy.<\/strong><\/p>\n<p><a href=\"https:\/\/blogs.diariosur.es\/tormentas-y-rayos\/2014\/04\/20\/aviso-amarillo-por-lluvias-y-tormentas-andalucia-domingo-de-resurreccion-pasado-por-agua\/webexterna_colorir87_05-45-4\/\" rel=\"attachment wp-att-8381\"><img loading=\"lazy\" class=\"aligncenter size-medium wp-image-8381\" title=\"webexterna_ColorIR87_[05-45]\" src=\"\/tormentas-y-rayos\/wp-content\/uploads\/sites\/12\/2014\/04\/webexterna_ColorIR87_05-45.jpg\" alt=\"\" width=\"579\" height=\"400\" srcset=\"https:\/\/static-blogs.diariosur.es\/wp-content\/uploads\/sites\/12\/2014\/04\/webexterna_ColorIR87_05-45.jpg 750w, https:\/\/static-blogs.diariosur.es\/wp-content\/uploads\/sites\/12\/2014\/04\/webexterna_ColorIR87_05-45-579x400.jpg 579w\" sizes=\"(max-width: 579px) 100vw, 579px\" \/><\/a><\/p>\n<p>&nbsp;<\/p>\n<p><strong>La aemet activa para hoy domingo el aviso amarillo por lluvias en M\u00e1laga, Cadiz, Huelva y Sevilla.\u00a0<\/strong><\/p>\n<p><a href=\"https:\/\/blogs.diariosur.es\/tormentas-y-rayos\/2014\/04\/20\/aviso-amarillo-por-lluvias-y-tormentas-andalucia-domingo-de-resurreccion-pasado-por-agua\/1-43\/\" rel=\"attachment wp-att-8384\"><img loading=\"lazy\" class=\"aligncenter size-medium wp-image-8384\" title=\"1\" src=\"\/tormentas-y-rayos\/wp-content\/uploads\/sites\/12\/2014\/04\/1.jpg\" alt=\"\" width=\"600\" height=\"388\" srcset=\"https:\/\/static-blogs.diariosur.es\/wp-content\/uploads\/sites\/12\/2014\/04\/1.jpg 633w, https:\/\/static-blogs.diariosur.es\/wp-content\/uploads\/sites\/12\/2014\/04\/1-618x400.jpg 618w\" sizes=\"(max-width: 600px) 100vw, 600px\" \/><\/a><\/p>\n<p>&nbsp;<\/p>\n<p><a href=\"https:\/\/blogs.diariosur.es\/tormentas-y-rayos\/2014\/04\/20\/aviso-amarillo-por-lluvias-y-tormentas-andalucia-domingo-de-resurreccion-pasado-por-agua\/nazatristejl-2-13\/\" rel=\"attachment wp-att-8386\"><img loading=\"lazy\" class=\"aligncenter size-medium wp-image-8386\" title=\"NazaTristeJL (2)\" src=\"\/tormentas-y-rayos\/wp-content\/uploads\/sites\/12\/2014\/04\/NazaTristeJL-22.jpg\" alt=\"\" width=\"344\" height=\"400\" srcset=\"https:\/\/static-blogs.diariosur.es\/wp-content\/uploads\/sites\/12\/2014\/04\/NazaTristeJL-22.jpg 400w, https:\/\/static-blogs.diariosur.es\/wp-content\/uploads\/sites\/12\/2014\/04\/NazaTristeJL-22-345x400.jpg 345w\" sizes=\"(max-width: 344px) 100vw, 344px\" \/><\/a><\/p>\n<p>&nbsp;<\/p>\n<p><strong>Ma\u00f1ana lunes sera por tormentas en la Axarqu\u00eda Malague\u00f1a, Granada y Ja\u00e9n.<\/strong><\/p>\n<p><a href=\"https:\/\/blogs.diariosur.es\/tormentas-y-rayos\/2014\/04\/20\/aviso-amarillo-por-lluvias-y-tormentas-andalucia-domingo-de-resurreccion-pasado-por-agua\/2-38\/\" rel=\"attachment wp-att-8385\"><img loading=\"lazy\" class=\"aligncenter size-full wp-image-8385\" title=\"2\" src=\"\/tormentas-y-rayos\/wp-content\/uploads\/sites\/12\" alt=\"\" width=\"594\" height=\"381\" \/><\/a><\/p>\n<p>&nbsp;<\/p>\n<p>&nbsp;<\/p>\n<p><strong>Os dejo un\u00a0momento\u00a0 y tiro para la playa para fotografiar el amanecer, presiento que tiene que estar de\u00a0esc\u00e1ndalo.<\/strong><\/p>\n<p><strong>Ya de vuelta amigos, impresionanteeeeeeeeeeeeeee, hasta un arcoiris he cazado. Menos mal que me ha dado por mirar para\u00a0atr\u00e1s. Os paso un par de fotos.\u00a0<\/strong><\/p>\n<p>&nbsp;<\/p>\n<p>&nbsp;<\/p>\n<p><img loading=\"lazy\" class=\"aligncenter\" src=\"https:\/\/farm8.staticflickr.com\/7253\/13945379945_409fdf8af4_z.jpg\" alt=\"\" width=\"640\" height=\"427\" \/><\/p>\n<p>&nbsp;<\/p>\n<p><img loading=\"lazy\" class=\"aligncenter\" src=\"https:\/\/farm4.staticflickr.com\/3781\/13945429123_30152b4fed_z.jpg\" alt=\"\" width=\"640\" height=\"427\" \/><\/p>\n<p>&nbsp;<\/p>\n<p>&nbsp;<\/p>\n<p>&nbsp;<\/p>\n<p><strong>Ayer\u00a0S\u00e1bado\u00a0el protagonista fue el terral y los cielos nubosos. La maxima en M\u00e1laga Capital fue de 25 grados. Este dia habia menos gente en la playa como\u00a0pod\u00e9is\u00a0comprobar\u00a0en esta foto.<\/strong><\/p>\n<p><img loading=\"lazy\" class=\"aligncenter\" src=\"https:\/\/farm6.staticflickr.com\/5324\/13921158941_044cc8177a_z.jpg\" alt=\"\" width=\"640\" height=\"427\" \/><\/p>\n<p><strong>Lo mas curioso fue lo que\u00a0sucedi\u00f3\u00a0en el Rinc\u00f3n de la Victoria. Sobre las dos de la tarde le pregunte a mi amiga Nadia si soplaba poniente en Torre de Benagalb\u00f3n, me comento que si y que ademas hacia\u00a0fr\u00edo. Pues de pronto en esa zona y sobre las cinco de la tarde entro el viento del norte, dandose una subida impresionante de temperatura a las seis de la tarde. De estar a 19 grados a las dos y media, la temperatura a las seis de la tarde subio hasta los 26.5 grados.<\/strong><\/p>\n<p><a href=\"https:\/\/blogs.diariosur.es\/tormentas-y-rayos\/2014\/04\/20\/aviso-amarillo-por-lluvias-y-tormentas-andalucia-domingo-de-resurreccion-pasado-por-agua\/captura-320\/\" rel=\"attachment wp-att-8382\"><img loading=\"lazy\" class=\"aligncenter size-medium wp-image-8382\" title=\"Captura\" src=\"\/tormentas-y-rayos\/wp-content\/uploads\/sites\/12\/2014\/04\/Captura26.jpg\" alt=\"\" width=\"600\" height=\"250\" srcset=\"https:\/\/static-blogs.diariosur.es\/wp-content\/uploads\/sites\/12\/2014\/04\/Captura26.jpg 765w, https:\/\/static-blogs.diariosur.es\/wp-content\/uploads\/sites\/12\/2014\/04\/Captura26-640x268.jpg 640w\" sizes=\"(max-width: 600px) 100vw, 600px\" \/><\/a><\/p>\n<p><a href=\"https:\/\/blogs.diariosur.es\/tormentas-y-rayos\/2014\/04\/20\/aviso-amarillo-por-lluvias-y-tormentas-andalucia-domingo-de-resurreccion-pasado-por-agua\/captura-321\/\" rel=\"attachment wp-att-8383\"><img loading=\"lazy\" class=\"aligncenter size-full wp-image-8383\" title=\"Captura\" src=\"\/tormentas-y-rayos\/wp-content\/uploads\/sites\/12\/2014\/04\/Captura27.jpg\" alt=\"\" width=\"383\" height=\"229\" \/><\/a><\/p>\n<p><strong>Poco mas que contar amigos. En estos momentos ya se registran chubascos por el interior de la provincia malague\u00f1a. A M\u00e1laga llegaran sobre el\u00a0mediod\u00eda\u00a0y asi estaremos con chubascos hasta ma\u00f1ana\u00a0lunes. Os dejo, un abrazo a todos.<\/strong><\/p>\n<p>&nbsp;<\/p>\n","protected":false},"excerpt":{"rendered":"<p>Buenos dias amigos de la meteo. Son las\u00a0seis\u00a0 de la ma\u00f1ana, registro 16 grados y los cielos est\u00e1n \u00a0nubosos. En estos momentos la lluvia ya es la protagonista en la zona occidental Andaluza, os\u00a0paso el radar de lluvias. En el post de ayer os comentaba que la dorsal Africana nos abandonaba y que en su [&hellip;]<\/p>\n","protected":false},"author":16,"featured_media":8384,"comment_status":"open","ping_status":"open","sticky":false,"template":"","format":"standard","meta":[],"categories":[2],"tags":[63,91,100,151,344,568,587,992],"_links":{"self":[{"href":"https:\/\/blogs.diariosur.es\/tormentas-y-rayos\/wp-json\/wp\/v2\/posts\/8378"}],"collection":[{"href":"https:\/\/blogs.diariosur.es\/tormentas-y-rayos\/wp-json\/wp\/v2\/posts"}],"about":[{"href":"https:\/\/blogs.diariosur.es\/tormentas-y-rayos\/wp-json\/wp\/v2\/types\/post"}],"author":[{"embeddable":true,"href":"https:\/\/blogs.diariosur.es\/tormentas-y-rayos\/wp-json\/wp\/v2\/users\/16"}],"replies":[{"embeddable":true,"href":"https:\/\/blogs.diariosur.es\/tormentas-y-rayos\/wp-json\/wp\/v2\/comments?post=8378"}],"version-history":[{"count":0,"href":"https:\/\/blogs.diariosur.es\/tormentas-y-rayos\/wp-json\/wp\/v2\/posts\/8378\/revisions"}],"wp:featuredmedia":[{"embeddable":true,"href":"https:\/\/blogs.diariosur.es\/tormentas-y-rayos\/wp-json\/wp\/v2\/media\/8384"}],"wp:attachment":[{"href":"https:\/\/blogs.diariosur.es\/tormentas-y-rayos\/wp-json\/wp\/v2\/media?parent=8378"}],"wp:term":[{"taxonomy":"category","embeddable":true,"href":"https:\/\/blogs.diariosur.es\/tormentas-y-rayos\/wp-json\/wp\/v2\/categories?post=8378"},{"taxonomy":"post_tag","embeddable":true,"href":"https:\/\/blogs.diariosur.es\/tormentas-y-rayos\/wp-json\/wp\/v2\/tags?post=8378"}],"curies":[{"name":"wp","href":"https:\/\/api.w.org\/{rel}","templated":true}]}}