{"id":8387,"date":"2014-04-21T10:23:16","date_gmt":"2014-04-21T08:23:16","guid":{"rendered":"http:\/\/blogs.diariosur.es\/tormentas-y-rayos\/?p=8387"},"modified":"2014-04-21T10:23:16","modified_gmt":"2014-04-21T08:23:16","slug":"los-chubascos-posfrontales-protagonistas-hoy-lunes-el-terral-de-primavera-tomara-protagonismo-manana-martes-vuelve-la-estabilidad","status":"publish","type":"post","link":"https:\/\/blogs.diariosur.es\/tormentas-y-rayos\/2014\/04\/21\/los-chubascos-posfrontales-protagonistas-hoy-lunes-el-terral-de-primavera-tomara-protagonismo-manana-martes-vuelve-la-estabilidad\/","title":{"rendered":"Los chubascos posfrontales protagonistas hoy lunes. El terral de primavera tomara protagonismo ma\u00f1ana martes. Vuelve la estabilidad."},"content":{"rendered":"<p><strong>Buenos dias amigos de la meteo. Son las nueve y media de la ma\u00f1ana, registro 17.6 grados y los cielos est\u00e1n nubosos. En estos momentos se registran algunos chubascos por el interior y frente a las costas malague\u00f1as.<\/strong><\/p>\n<p><strong>Asi\u00a0amanec\u00eda hoy Lunes de Pascua en M\u00e1laga Capital a las 7:30 de la ma\u00f1ana.<\/strong><\/p>\n<p><strong><img loading=\"lazy\" class=\"aligncenter\" src=\"https:\/\/farm8.staticflickr.com\/7408\/13965467213_0624b210eb_z.jpg\" alt=\"\" width=\"640\" height=\"427\" \/><\/strong><\/p>\n<p><strong>Hoy\u00a0seguir\u00e1n\u00a0los chubascos\u00a0en muchos puntos de la provincia, esto se\u00a0deber\u00e1\u00a0al aire fr\u00edo que aun tenemos en altura. Estos chubascos\u00a0podr\u00e1n\u00a0ir\u00a0acompa\u00f1ados\u00a0de tormentas.\u00a0<\/strong><\/p>\n<p><strong> A medida que se acerque\u00a0la\u00a0noche\u00a0ir\u00e1n\u00a0disminuyendo, y ma\u00f1ana\u00a0martes\u00a0volver\u00e1\u00a0la\u00a0estabilidad. Eso si amigos, de nuevo el terral de primavera soplara entre flojo y moderado.\u00a0<\/strong><\/p>\n<p><strong>Os paso una imagen del radar de lluvias de hace pocos minutos, frente a la costa malague\u00f1a hay una peque\u00f1a tormenta. Incluso en mi zona cae un chubasco ahora mismo.<\/strong><\/p>\n<p>&nbsp;<\/p>\n<p><a href=\"https:\/\/blogs.diariosur.es\/tormentas-y-rayos\/2014\/04\/21\/los-chubascos-posfrontales-protagonistas-hoy-lunes-el-terral-de-primavera-tomara-protagonismo-manana-martes-vuelve-la-estabilidad\/201404210750_r8ml\/\" rel=\"attachment wp-att-8388\"><img loading=\"lazy\" class=\"aligncenter size-full wp-image-8388\" title=\"201404210750_r8ml\" src=\"\/tormentas-y-rayos\/wp-content\/uploads\/sites\/12\/2014\/04\/201404210750_r8ml.gif\" alt=\"\" width=\"480\" height=\"530\" \/><\/a><\/p>\n<p>&nbsp;<\/p>\n<p>&nbsp;<\/p>\n<p><a href=\"https:\/\/blogs.diariosur.es\/tormentas-y-rayos\/2014\/04\/21\/los-chubascos-posfrontales-protagonistas-hoy-lunes-el-terral-de-primavera-tomara-protagonismo-manana-martes-vuelve-la-estabilidad\/201404210800_r79g\/\" rel=\"attachment wp-att-8389\"><img loading=\"lazy\" class=\"aligncenter size-full wp-image-8389\" title=\"201404210800_r79g\" src=\"\/tormentas-y-rayos\/wp-content\/uploads\/sites\/12\/2014\/04\/201404210800_r79g.gif\" alt=\"\" width=\"500\" height=\"500\" \/><\/a><\/p>\n<p><strong>En esta otra imagen del eumetsat se ven \u00a0las tormentas que se forman por el Golfo de C\u00e1diz. Poco mas que contar amigos, os hago un resumen de ayer en fotos.<\/strong><\/p>\n<p><a href=\"https:\/\/blogs.diariosur.es\/tormentas-y-rayos\/2014\/04\/21\/los-chubascos-posfrontales-protagonistas-hoy-lunes-el-terral-de-primavera-tomara-protagonismo-manana-martes-vuelve-la-estabilidad\/webexterna_colorir87_07-45\/\" rel=\"attachment wp-att-8390\"><img loading=\"lazy\" class=\"aligncenter size-medium wp-image-8390\" title=\"webexterna_ColorIR87_[07-45]\" src=\"\/tormentas-y-rayos\/wp-content\/uploads\/sites\/12\/2014\/04\/webexterna_ColorIR87_07-45.jpg\" alt=\"\" width=\"579\" height=\"400\" srcset=\"https:\/\/static-blogs.diariosur.es\/wp-content\/uploads\/sites\/12\/2014\/04\/webexterna_ColorIR87_07-45.jpg 750w, https:\/\/static-blogs.diariosur.es\/wp-content\/uploads\/sites\/12\/2014\/04\/webexterna_ColorIR87_07-45-579x400.jpg 579w\" sizes=\"(max-width: 579px) 100vw, 579px\" \/><\/a><\/p>\n<p>&nbsp;<\/p>\n<p><span style=\"color: #ff0000;\"><strong>RESUMEN DOMINGO DE RESURRECCI\u00d3N<\/strong><\/span><\/p>\n<p><strong>Se cumplieron los\u00a0pron\u00f3sticos, y la lluvia fue la protagonista. Donde mas llovio fue en la zona occidental de nuestra provincia. En algunos puntos se superaron los 50 litros. En M\u00e1laga\u00a0Capital\u00a0 mi\u00a0pluvi\u00f3metro\u00a0registro 8 litros.\u00a0<\/strong><\/p>\n<p><strong>Asi\u00a0amanec\u00eda\u00a0ayer Domingo.<\/strong><\/p>\n<p><img loading=\"lazy\" class=\"aligncenter\" src=\"https:\/\/farm8.staticflickr.com\/7197\/13929203132_407f1f05b8_z.jpg\" alt=\"\" width=\"640\" height=\"428\" \/><\/p>\n<p>&nbsp;<\/p>\n<p>&nbsp;<\/p>\n<p>&nbsp;<\/p>\n<p><img loading=\"lazy\" class=\"aligncenter\" src=\"https:\/\/farm8.staticflickr.com\/7396\/13952298595_220b17bd3d_z.jpg\" alt=\"\" width=\"640\" height=\"344\" \/><\/p>\n<p>&nbsp;<\/p>\n<p><strong>A medida que se acercaba las diez de la ma\u00f1ana las nubes tomaron protagonismo. Sobre las once se registraban los primeros chubascos en M\u00e1laga Capital, que tomaron mas intensidad sobre la una de la tarde. Por la tarde escampo, pero los cielos permanecieron cubiertos. Os paso unas cuantas fotos desde el Espig\u00f3n de la\u00a0t\u00e9rmica cuando era las tres y media de la tarde.<\/strong><\/p>\n<p><img loading=\"lazy\" class=\"aligncenter\" src=\"https:\/\/farm8.staticflickr.com\/7096\/13929194231_9738611d4a_z.jpg\" alt=\"\" width=\"640\" height=\"428\" \/><\/p>\n<p>&nbsp;<\/p>\n<p><img loading=\"lazy\" class=\"aligncenter\" src=\"https:\/\/farm8.staticflickr.com\/7017\/13929195762_b358e737bd_z.jpg\" alt=\"\" width=\"640\" height=\"428\" \/><\/p>\n<p>&nbsp;<\/p>\n<p><img loading=\"lazy\" class=\"aligncenter\" src=\"https:\/\/farm3.staticflickr.com\/2900\/13952364603_14607c3f11_z.jpg\" alt=\"\" width=\"640\" height=\"428\" \/><\/p>\n<p>&nbsp;<\/p>\n<p><img loading=\"lazy\" class=\"aligncenter\" src=\"https:\/\/farm4.staticflickr.com\/3821\/13952757204_0e1bf32884_z.jpg\" alt=\"\" width=\"640\" height=\"428\" \/><\/p>\n<p><strong>Os dejo amigos.\u00a0<\/strong><\/p>\n<p><a href=\"https:\/\/blogs.diariosur.es\/tormentas-y-rayos\/2014\/04\/21\/los-chubascos-posfrontales-protagonistas-hoy-lunes-el-terral-de-primavera-tomara-protagonismo-manana-martes-vuelve-la-estabilidad\/zz-3\/\" rel=\"attachment wp-att-8391\"><img loading=\"lazy\" class=\"aligncenter size-full wp-image-8391\" title=\"zz\" src=\"\/tormentas-y-rayos\/wp-content\/uploads\/sites\/12\/2014\/04\/zz1.jpg\" alt=\"\" width=\"640\" height=\"427\" srcset=\"https:\/\/static-blogs.diariosur.es\/wp-content\/uploads\/sites\/12\/2014\/04\/zz1.jpg 640w, https:\/\/static-blogs.diariosur.es\/wp-content\/uploads\/sites\/12\/2014\/04\/zz1-600x400.jpg 600w\" sizes=\"(max-width: 640px) 100vw, 640px\" \/><\/a><\/p>\n","protected":false},"excerpt":{"rendered":"<p>Buenos dias amigos de la meteo. Son las nueve y media de la ma\u00f1ana, registro 17.6 grados y los cielos est\u00e1n nubosos. En estos momentos se registran algunos chubascos por el interior y frente a las costas malague\u00f1as. Asi\u00a0amanec\u00eda hoy Lunes de Pascua en M\u00e1laga Capital a las 7:30 de la ma\u00f1ana. Hoy\u00a0seguir\u00e1n\u00a0los chubascos\u00a0en muchos [&hellip;]<\/p>\n","protected":false},"author":16,"featured_media":8390,"comment_status":"open","ping_status":"open","sticky":false,"template":"","format":"standard","meta":[],"categories":[2],"tags":[381,975],"_links":{"self":[{"href":"https:\/\/blogs.diariosur.es\/tormentas-y-rayos\/wp-json\/wp\/v2\/posts\/8387"}],"collection":[{"href":"https:\/\/blogs.diariosur.es\/tormentas-y-rayos\/wp-json\/wp\/v2\/posts"}],"about":[{"href":"https:\/\/blogs.diariosur.es\/tormentas-y-rayos\/wp-json\/wp\/v2\/types\/post"}],"author":[{"embeddable":true,"href":"https:\/\/blogs.diariosur.es\/tormentas-y-rayos\/wp-json\/wp\/v2\/users\/16"}],"replies":[{"embeddable":true,"href":"https:\/\/blogs.diariosur.es\/tormentas-y-rayos\/wp-json\/wp\/v2\/comments?post=8387"}],"version-history":[{"count":0,"href":"https:\/\/blogs.diariosur.es\/tormentas-y-rayos\/wp-json\/wp\/v2\/posts\/8387\/revisions"}],"wp:featuredmedia":[{"embeddable":true,"href":"https:\/\/blogs.diariosur.es\/tormentas-y-rayos\/wp-json\/wp\/v2\/media\/8390"}],"wp:attachment":[{"href":"https:\/\/blogs.diariosur.es\/tormentas-y-rayos\/wp-json\/wp\/v2\/media?parent=8387"}],"wp:term":[{"taxonomy":"category","embeddable":true,"href":"https:\/\/blogs.diariosur.es\/tormentas-y-rayos\/wp-json\/wp\/v2\/categories?post=8387"},{"taxonomy":"post_tag","embeddable":true,"href":"https:\/\/blogs.diariosur.es\/tormentas-y-rayos\/wp-json\/wp\/v2\/tags?post=8387"}],"curies":[{"name":"wp","href":"https:\/\/api.w.org\/{rel}","templated":true}]}}