{"id":8393,"date":"2014-04-22T07:37:25","date_gmt":"2014-04-22T05:37:25","guid":{"rendered":"http:\/\/blogs.diariosur.es\/tormentas-y-rayos\/?p=8393"},"modified":"2014-04-22T07:37:25","modified_gmt":"2014-04-22T05:37:25","slug":"cortes-de-la-frontera-110-litros-pujerra-100-jubrique-94-malaga-26-hoy-vuelve-el-terral-de-primavera-con-subida-de-temperaturas-en-malaga-capital","status":"publish","type":"post","link":"https:\/\/blogs.diariosur.es\/tormentas-y-rayos\/2014\/04\/22\/cortes-de-la-frontera-110-litros-pujerra-100-jubrique-94-malaga-26-hoy-vuelve-el-terral-de-primavera-con-subida-de-temperaturas-en-malaga-capital\/","title":{"rendered":"Cortes de la Frontera 110 litros, Pujerra 100, Jubrique 94,, M\u00e1laga 26. Hoy vuelve el terral de primavera con subida de temperaturas en M\u00e1laga Capital."},"content":{"rendered":"<p><span style=\"color: #0000ff;\"><strong>Buenos dias amigos de la meteo. \u00a0Son las siete de la ma\u00f1ana, registro 14.8 grados y los cielos malague\u00f1os est\u00e1n poco nubosos. El terral de primavera sera el protagonista hoy martes, soplara moderado y\u00a0traer\u00e1\u00a0una subida de temperatura en M\u00e1laga Capital y en zonas de costa\u00a0expuestas\u00a0a este viento de tierra. En Torrox \u00a0por poner un ejemplo, le entrara de poniente, con lo cual la maxima no sera muy alta.<\/strong><\/span><\/p>\n<p>&nbsp;<\/p>\n<p><span style=\"color: #ff0000;\"><strong>Impresionantes cantidades de lluvias que han\u00a0ca\u00eddo\u00a0en estos dos dias en la provincia malague\u00f1a. Destaca Cortes de la Frontera con 110 litros. Os paso unos\u00a0gr\u00e1ficos\u00a0fuente de Hidrosur y de la Aemet.<\/strong><\/span><\/p>\n<p><span style=\"color: #ff0000;\"><a href=\"https:\/\/blogs.diariosur.es\/tormentas-y-rayos\/2014\/04\/22\/cortes-de-la-frontera-110-litros-pujerra-100-jubrique-94-malaga-26-hoy-vuelve-el-terral-de-primavera-con-subida-de-temperaturas-en-malaga-capital\/z-21\/\" rel=\"attachment wp-att-8394\"><span style=\"color: #ff0000;\"><img loading=\"lazy\" class=\"aligncenter size-medium wp-image-8394\" title=\"z\" src=\"\/tormentas-y-rayos\/wp-content\/uploads\/sites\/12\/2014\/04\/z1.jpg\" alt=\"\" width=\"600\" height=\"103\" srcset=\"https:\/\/static-blogs.diariosur.es\/wp-content\/uploads\/sites\/12\/2014\/04\/z1.jpg 920w, https:\/\/static-blogs.diariosur.es\/wp-content\/uploads\/sites\/12\/2014\/04\/z1-640x110.jpg 640w, https:\/\/static-blogs.diariosur.es\/wp-content\/uploads\/sites\/12\/2014\/04\/z1-768x132.jpg 768w\" sizes=\"(max-width: 600px) 100vw, 600px\" \/><\/span><\/a><a href=\"https:\/\/blogs.diariosur.es\/tormentas-y-rayos\/2014\/04\/22\/cortes-de-la-frontera-110-litros-pujerra-100-jubrique-94-malaga-26-hoy-vuelve-el-terral-de-primavera-con-subida-de-temperaturas-en-malaga-capital\/z2-5\/\" rel=\"attachment wp-att-8395\"><span style=\"color: #ff0000;\"><img loading=\"lazy\" class=\"aligncenter size-medium wp-image-8395\" title=\"z2\" src=\"\/tormentas-y-rayos\/wp-content\/uploads\/sites\/12\/2014\/04\/z2.jpg\" alt=\"\" width=\"600\" height=\"202\" srcset=\"https:\/\/static-blogs.diariosur.es\/wp-content\/uploads\/sites\/12\/2014\/04\/z2.jpg 946w, https:\/\/static-blogs.diariosur.es\/wp-content\/uploads\/sites\/12\/2014\/04\/z2-640x216.jpg 640w, https:\/\/static-blogs.diariosur.es\/wp-content\/uploads\/sites\/12\/2014\/04\/z2-768x259.jpg 768w\" sizes=\"(max-width: 600px) 100vw, 600px\" \/><\/span><\/a><a href=\"https:\/\/blogs.diariosur.es\/tormentas-y-rayos\/2014\/04\/22\/cortes-de-la-frontera-110-litros-pujerra-100-jubrique-94-malaga-26-hoy-vuelve-el-terral-de-primavera-con-subida-de-temperaturas-en-malaga-capital\/z3-4\/\" rel=\"attachment wp-att-8396\"><span style=\"color: #ff0000;\"><img loading=\"lazy\" class=\"aligncenter size-medium wp-image-8396\" title=\"z3\" src=\"\/tormentas-y-rayos\/wp-content\/uploads\/sites\/12\/2014\/04\/z3.jpg\" alt=\"\" width=\"600\" height=\"267\" srcset=\"https:\/\/static-blogs.diariosur.es\/wp-content\/uploads\/sites\/12\/2014\/04\/z3.jpg 719w, https:\/\/static-blogs.diariosur.es\/wp-content\/uploads\/sites\/12\/2014\/04\/z3-640x285.jpg 640w\" sizes=\"(max-width: 600px) 100vw, 600px\" \/><\/span><\/a><\/span><\/p>\n<p><span style=\"color: #ff0000;\"><strong>Estupenda regada que ha tenido el campo, esperemos que se repita esta imagen de un impresionante moco verde jijiji afectando a toda la provincia. Y unos cielos tan encapotados.<\/strong><\/span><\/p>\n<p><span style=\"color: #ff0000;\"><a href=\"https:\/\/blogs.diariosur.es\/tormentas-y-rayos\/2014\/04\/22\/cortes-de-la-frontera-110-litros-pujerra-100-jubrique-94-malaga-26-hoy-vuelve-el-terral-de-primavera-con-subida-de-temperaturas-en-malaga-capital\/zzzzz\/\" rel=\"attachment wp-att-8398\"><span style=\"color: #ff0000;\"><img loading=\"lazy\" class=\"aligncenter size-full wp-image-8398\" title=\"zzzzz\" src=\"\/tormentas-y-rayos\/wp-content\/uploads\/sites\/12\/2014\/04\/zzzzz.gif\" alt=\"\" width=\"480\" height=\"530\" \/><\/span><\/a><\/span><\/p>\n<p><a href=\"https:\/\/blogs.diariosur.es\/tormentas-y-rayos\/2014\/04\/22\/cortes-de-la-frontera-110-litros-pujerra-100-jubrique-94-malaga-26-hoy-vuelve-el-terral-de-primavera-con-subida-de-temperaturas-en-malaga-capital\/attachment\/026\/\" rel=\"attachment wp-att-8399\"><img loading=\"lazy\" class=\"aligncenter size-full wp-image-8399\" title=\"026\" src=\"\/tormentas-y-rayos\/wp-content\/uploads\/sites\/12\/2014\/04\/026.jpg\" alt=\"\" width=\"640\" height=\"427\" srcset=\"https:\/\/static-blogs.diariosur.es\/wp-content\/uploads\/sites\/12\/2014\/04\/026.jpg 640w, https:\/\/static-blogs.diariosur.es\/wp-content\/uploads\/sites\/12\/2014\/04\/026-600x400.jpg 600w\" sizes=\"(max-width: 640px) 100vw, 640px\" \/><\/a><\/p>\n<p>&nbsp;<\/p>\n<p><strong><span style=\"color: #ff0000;\">Ayer os comentaba por facebook \u00a0que tendr\u00edamos desplomes de temperaturas , y\u00a0as\u00ed\u00a0ocurri\u00f3. La primera tormenta entraba sobre las doce y media de la ma\u00f1ana. A muchos les\u00a0cogi\u00f3\u00a0de sorpresa.<\/span><\/strong><\/p>\n<p><a href=\"https:\/\/blogs.diariosur.es\/tormentas-y-rayos\/2014\/04\/22\/cortes-de-la-frontera-110-litros-pujerra-100-jubrique-94-malaga-26-hoy-vuelve-el-terral-de-primavera-con-subida-de-temperaturas-en-malaga-capital\/664363_10202554526603350_3905953230225042280_o_1\/\" rel=\"attachment wp-att-8404\"><img loading=\"lazy\" class=\"aligncenter size-full wp-image-8404\" title=\"664363_10202554526603350_3905953230225042280_o_1\" src=\"\/tormentas-y-rayos\/wp-content\/uploads\/sites\/12\/2014\/04\/664363_10202554526603350_3905953230225042280_o_1.jpg\" alt=\"\" width=\"640\" height=\"448\" srcset=\"https:\/\/static-blogs.diariosur.es\/wp-content\/uploads\/sites\/12\/2014\/04\/664363_10202554526603350_3905953230225042280_o_1.jpg 640w, https:\/\/static-blogs.diariosur.es\/wp-content\/uploads\/sites\/12\/2014\/04\/664363_10202554526603350_3905953230225042280_o_1-571x400.jpg 571w\" sizes=\"(max-width: 640px) 100vw, 640px\" \/><\/a><\/p>\n<p>&nbsp;<\/p>\n<p>&nbsp;<\/p>\n<p><span style=\"color: #ff0000;\"><strong>A las cinco de la tarde se llego a 13 grados, en esos momentos pasaba una tormenta que hizo bajar la\u00a0temperatura. Esto se debe a las corrientes ascendentes y\u00a0descendentes que hay en el seno de los cumulonimbus, que hacer bajar el aire\u00a0fr\u00edo\u00a0que tienen.\u00a0Os paso un\u00a0gr\u00e1fico\u00a0alto elocuente, donde se ve\u00a0que\u00a0a partir\u00a0de las cinco vuelve a subir la temperatura.<\/strong><\/span><\/p>\n<p><span style=\"color: #ff0000;\"><a href=\"https:\/\/blogs.diariosur.es\/tormentas-y-rayos\/2014\/04\/22\/cortes-de-la-frontera-110-litros-pujerra-100-jubrique-94-malaga-26-hoy-vuelve-el-terral-de-primavera-con-subida-de-temperaturas-en-malaga-capital\/z4-2\/\" rel=\"attachment wp-att-8397\"><span style=\"color: #ff0000;\"><img loading=\"lazy\" class=\"aligncenter size-medium wp-image-8397\" title=\"z4\" src=\"\/tormentas-y-rayos\/wp-content\/uploads\/sites\/12\/2014\/04\/z4.jpg\" alt=\"\" width=\"600\" height=\"256\" srcset=\"https:\/\/static-blogs.diariosur.es\/wp-content\/uploads\/sites\/12\/2014\/04\/z4.jpg 708w, https:\/\/static-blogs.diariosur.es\/wp-content\/uploads\/sites\/12\/2014\/04\/z4-640x274.jpg 640w\" sizes=\"(max-width: 600px) 100vw, 600px\" \/><\/span><\/a><\/span><\/p>\n<p><strong><span style=\"color: #ff0000;\">El broche de ayer lunes lo puso este precioso arcoiris que\u00a0fotografi\u00e9\u00a0desde la terraza.<\/span><\/strong><\/p>\n<p><img loading=\"lazy\" class=\"aligncenter\" src=\"https:\/\/farm8.staticflickr.com\/7136\/13954033291_01ce54efeb_z.jpg\" alt=\"\" width=\"640\" height=\"429\" \/><\/p>\n<p>&nbsp;<\/p>\n<p><strong>Poco mas que contar amigos, os dejo con estas impresionantes cortinas de agua que\u00a0fotografi\u00f3\u00a0 mi amigo Jose Luis Gil en Marbella.<\/strong><\/p>\n<p><a href=\"https:\/\/blogs.diariosur.es\/tormentas-y-rayos\/2014\/04\/22\/cortes-de-la-frontera-110-litros-pujerra-100-jubrique-94-malaga-26-hoy-vuelve-el-terral-de-primavera-con-subida-de-temperaturas-en-malaga-capital\/10157118_10202735424859697_6579550597341507635_n\/\" rel=\"attachment wp-att-8400\"><img loading=\"lazy\" class=\"aligncenter size-full wp-image-8400\" title=\"10157118_10202735424859697_6579550597341507635_n\" src=\"\/tormentas-y-rayos\/wp-content\/uploads\/sites\/12\/2014\/04\/10157118_10202735424859697_6579550597341507635_n.jpg\" alt=\"\" width=\"640\" height=\"385\" \/><\/a><\/p>\n<p><a href=\"https:\/\/blogs.diariosur.es\/tormentas-y-rayos\/2014\/04\/22\/cortes-de-la-frontera-110-litros-pujerra-100-jubrique-94-malaga-26-hoy-vuelve-el-terral-de-primavera-con-subida-de-temperaturas-en-malaga-capital\/10171286_10202735429899823_8206587544444890074_n\/\" rel=\"attachment wp-att-8401\"><img loading=\"lazy\" class=\"aligncenter size-full wp-image-8401\" title=\"10171286_10202735429899823_8206587544444890074_n\" src=\"\/tormentas-y-rayos\/wp-content\/uploads\/sites\/12\/2014\/04\/10171286_10202735429899823_8206587544444890074_n.jpg\" alt=\"\" width=\"640\" height=\"385\" \/><\/a><\/p>\n","protected":false},"excerpt":{"rendered":"<p>Buenos dias amigos de la meteo. \u00a0Son las siete de la ma\u00f1ana, registro 14.8 grados y los cielos malague\u00f1os est\u00e1n poco nubosos. El terral de primavera sera el protagonista hoy martes, soplara moderado y\u00a0traer\u00e1\u00a0una subida de temperatura en M\u00e1laga Capital y en zonas de costa\u00a0expuestas\u00a0a este viento de tierra. En Torrox \u00a0por poner un ejemplo, [&hellip;]<\/p>\n","protected":false},"author":16,"featured_media":8403,"comment_status":"open","ping_status":"open","sticky":false,"template":"","format":"standard","meta":[],"categories":[2],"tags":[283,440,534,569,587,835,975],"_links":{"self":[{"href":"https:\/\/blogs.diariosur.es\/tormentas-y-rayos\/wp-json\/wp\/v2\/posts\/8393"}],"collection":[{"href":"https:\/\/blogs.diariosur.es\/tormentas-y-rayos\/wp-json\/wp\/v2\/posts"}],"about":[{"href":"https:\/\/blogs.diariosur.es\/tormentas-y-rayos\/wp-json\/wp\/v2\/types\/post"}],"author":[{"embeddable":true,"href":"https:\/\/blogs.diariosur.es\/tormentas-y-rayos\/wp-json\/wp\/v2\/users\/16"}],"replies":[{"embeddable":true,"href":"https:\/\/blogs.diariosur.es\/tormentas-y-rayos\/wp-json\/wp\/v2\/comments?post=8393"}],"version-history":[{"count":0,"href":"https:\/\/blogs.diariosur.es\/tormentas-y-rayos\/wp-json\/wp\/v2\/posts\/8393\/revisions"}],"wp:featuredmedia":[{"embeddable":true,"href":"https:\/\/blogs.diariosur.es\/tormentas-y-rayos\/wp-json\/wp\/v2\/media\/8403"}],"wp:attachment":[{"href":"https:\/\/blogs.diariosur.es\/tormentas-y-rayos\/wp-json\/wp\/v2\/media?parent=8393"}],"wp:term":[{"taxonomy":"category","embeddable":true,"href":"https:\/\/blogs.diariosur.es\/tormentas-y-rayos\/wp-json\/wp\/v2\/categories?post=8393"},{"taxonomy":"post_tag","embeddable":true,"href":"https:\/\/blogs.diariosur.es\/tormentas-y-rayos\/wp-json\/wp\/v2\/tags?post=8393"}],"curies":[{"name":"wp","href":"https:\/\/api.w.org\/{rel}","templated":true}]}}