{"id":8405,"date":"2014-04-24T06:42:59","date_gmt":"2014-04-24T04:42:59","guid":{"rendered":"http:\/\/blogs.diariosur.es\/tormentas-y-rayos\/?p=8405"},"modified":"2014-04-24T06:42:59","modified_gmt":"2014-04-24T04:42:59","slug":"aviso-amarillo-por-viento-y-olas-en-andalucia-oriental-y-por-tormentas-en-cataluna-y-aragon","status":"publish","type":"post","link":"https:\/\/blogs.diariosur.es\/tormentas-y-rayos\/2014\/04\/24\/aviso-amarillo-por-viento-y-olas-en-andalucia-oriental-y-por-tormentas-en-cataluna-y-aragon\/","title":{"rendered":"Aviso amarillo por viento y olas en Andaluc\u00eda Oriental, y por tormentas en Catalu\u00f1a y Arag\u00f3n."},"content":{"rendered":"<p><strong>Buenos dias amigos de la meteo. Son las seis de la ma\u00f1ana, registro 17 grados y los cielos est\u00e1n nubosos . Los altocumulus y cirrus ser\u00e1n hoy los protagonistas.<\/strong><\/p>\n<p><strong> La aemet activa el aviso amarillo por viento y olas en las provincias de Almer\u00eda y Granada. En Catalu\u00f1a y Arag\u00f3n este aviso sera por lluvias y tormentas. \u00a0<\/strong><\/p>\n<p><a href=\"https:\/\/blogs.diariosur.es\/tormentas-y-rayos\/2014\/04\/24\/aviso-amarillo-por-viento-y-olas-en-andalucia-oriental-y-por-tormentas-en-cataluna-y-aragon\/20140424033000_avi_hoy\/\" rel=\"attachment wp-att-8406\"><img loading=\"lazy\" class=\"aligncenter size-full wp-image-8406\" title=\"20140424033000_avi_hoy\" src=\"\/tormentas-y-rayos\/wp-content\/uploads\/sites\/12\/2014\/04\/20140424033000_avi_hoy.png\" alt=\"\" width=\"500\" height=\"334\" \/><\/a><\/p>\n<p>&nbsp;<\/p>\n<p><strong>\u00a0Un frente fr\u00edo afecta \u00a0en estos momentos a Galicia, ademas le acompa\u00f1a una bolsa de aire que sera la que deje las tormentas antes mencionadas.<\/strong><\/p>\n<p><a href=\"https:\/\/blogs.diariosur.es\/tormentas-y-rayos\/2014\/04\/24\/aviso-amarillo-por-viento-y-olas-en-andalucia-oriental-y-por-tormentas-en-cataluna-y-aragon\/webexterna_colorir87_03-15-2\/\" rel=\"attachment wp-att-8407\"><img loading=\"lazy\" class=\"aligncenter size-medium wp-image-8407\" title=\"webexterna_ColorIR87_[03-15]\" src=\"\/tormentas-y-rayos\/wp-content\/uploads\/sites\/12\/2014\/04\/webexterna_ColorIR87_03-15.jpg\" alt=\"\" width=\"579\" height=\"400\" srcset=\"https:\/\/static-blogs.diariosur.es\/wp-content\/uploads\/sites\/12\/2014\/04\/webexterna_ColorIR87_03-15.jpg 750w, https:\/\/static-blogs.diariosur.es\/wp-content\/uploads\/sites\/12\/2014\/04\/webexterna_ColorIR87_03-15-579x400.jpg 579w\" sizes=\"(max-width: 579px) 100vw, 579px\" \/><\/a><\/p>\n<p>&nbsp;<\/p>\n<p><a href=\"https:\/\/blogs.diariosur.es\/tormentas-y-rayos\/2014\/04\/24\/aviso-amarillo-por-viento-y-olas-en-andalucia-oriental-y-por-tormentas-en-cataluna-y-aragon\/captura-322\/\" rel=\"attachment wp-att-8408\"><img loading=\"lazy\" class=\"aligncenter size-medium wp-image-8408\" title=\"Captura\" src=\"\/tormentas-y-rayos\/wp-content\/uploads\/sites\/12\/2014\/04\/Captura28.jpg\" alt=\"\" width=\"600\" height=\"386\" srcset=\"https:\/\/static-blogs.diariosur.es\/wp-content\/uploads\/sites\/12\/2014\/04\/Captura28.jpg 776w, https:\/\/static-blogs.diariosur.es\/wp-content\/uploads\/sites\/12\/2014\/04\/Captura28-621x400.jpg 621w, https:\/\/static-blogs.diariosur.es\/wp-content\/uploads\/sites\/12\/2014\/04\/Captura28-768x495.jpg 768w\" sizes=\"(max-width: 600px) 100vw, 600px\" \/><\/a><\/p>\n<p><strong>En M\u00e1laga, el viento de terral de primavera tomara protagonismo a ultima hora de la tarde noche, soplara de moderado a fuerte. La maxima de nuevo sera alta y rondaremos hoy jueves los 26 grados. Poco mas que contar. Este frente que cruza la pen\u00ednsula llega muy desgastado a Andaluc\u00eda .\u00a0<\/strong><\/p>\n<p><strong>Os hago un peque\u00f1o resumen de ayer.\u00a0<\/strong><\/p>\n<p><strong>La maxima de Andaluc\u00eda la dio Co\u00edn con 27.5 grados y la\u00a0m\u00ednima\u00a0V\u00e9lez Blanco con 4.5 grados.<\/strong><\/p>\n<p><strong>\u00a0Los cumulus humilis y mediocris fueron los protagonista a partir del mediodia en muchos puntos de Andaluc\u00eda. Mi amiga Yolanda Paneque los \u00a0cazo y quiere compartirlos con todos nosotros. Muy bonita la foto.<\/strong><\/p>\n<p><a href=\"https:\/\/blogs.diariosur.es\/tormentas-y-rayos\/2014\/04\/24\/aviso-amarillo-por-viento-y-olas-en-andalucia-oriental-y-por-tormentas-en-cataluna-y-aragon\/1424499_756822207670086_721498004503942012_n\/\" rel=\"attachment wp-att-8410\"><img loading=\"lazy\" class=\"aligncenter size-full wp-image-8410\" title=\"1424499_756822207670086_721498004503942012_n\" src=\"\/tormentas-y-rayos\/wp-content\/uploads\/sites\/12\/2014\/04\/1424499_756822207670086_721498004503942012_n.jpg\" alt=\"\" width=\"640\" height=\"480\" srcset=\"https:\/\/static-blogs.diariosur.es\/wp-content\/uploads\/sites\/12\/2014\/04\/1424499_756822207670086_721498004503942012_n.jpg 640w, https:\/\/static-blogs.diariosur.es\/wp-content\/uploads\/sites\/12\/2014\/04\/1424499_756822207670086_721498004503942012_n-533x400.jpg 533w\" sizes=\"(max-width: 640px) 100vw, 640px\" \/><\/a><\/p>\n<p><strong>El amanecer de ayer fue precioso, unos cirrus y el mar hecho un plato contribuyo a un amanecer impresionante. Os dejo con unas cuantas fotos y nos vemos ma\u00f1ana con la previsi\u00f3n del fin de semana.<\/strong><\/p>\n<p><a href=\"https:\/\/blogs.diariosur.es\/tormentas-y-rayos\/2014\/04\/24\/aviso-amarillo-por-viento-y-olas-en-andalucia-oriental-y-por-tormentas-en-cataluna-y-aragon\/008-7\/\" rel=\"attachment wp-att-8411\"><img loading=\"lazy\" class=\"aligncenter size-full wp-image-8411\" title=\"008\" src=\"\/tormentas-y-rayos\/wp-content\/uploads\/sites\/12\/2014\/04\/0081.jpg\" alt=\"\" width=\"640\" height=\"427\" srcset=\"https:\/\/static-blogs.diariosur.es\/wp-content\/uploads\/sites\/12\/2014\/04\/0081.jpg 640w, https:\/\/static-blogs.diariosur.es\/wp-content\/uploads\/sites\/12\/2014\/04\/0081-600x400.jpg 600w\" sizes=\"(max-width: 640px) 100vw, 640px\" \/><\/a><\/p>\n<p>&nbsp;<\/p>\n<p><a href=\"https:\/\/blogs.diariosur.es\/tormentas-y-rayos\/2014\/04\/24\/aviso-amarillo-por-viento-y-olas-en-andalucia-oriental-y-por-tormentas-en-cataluna-y-aragon\/014-9\/\" rel=\"attachment wp-att-8412\"><img loading=\"lazy\" class=\"aligncenter size-full wp-image-8412\" title=\"014\" src=\"\/tormentas-y-rayos\/wp-content\/uploads\/sites\/12\/2014\/04\/014.jpg\" alt=\"\" width=\"640\" height=\"427\" srcset=\"https:\/\/static-blogs.diariosur.es\/wp-content\/uploads\/sites\/12\/2014\/04\/014.jpg 640w, https:\/\/static-blogs.diariosur.es\/wp-content\/uploads\/sites\/12\/2014\/04\/014-600x400.jpg 600w\" sizes=\"(max-width: 640px) 100vw, 640px\" \/><\/a><\/p>\n<p>&nbsp;<\/p>\n<p><a href=\"https:\/\/blogs.diariosur.es\/tormentas-y-rayos\/2014\/04\/24\/aviso-amarillo-por-viento-y-olas-en-andalucia-oriental-y-por-tormentas-en-cataluna-y-aragon\/016-7\/\" rel=\"attachment wp-att-8413\"><img loading=\"lazy\" class=\"aligncenter size-full wp-image-8413\" title=\"016\" src=\"\/tormentas-y-rayos\/wp-content\/uploads\/sites\/12\/2014\/04\/016.jpg\" alt=\"\" width=\"640\" height=\"427\" srcset=\"https:\/\/static-blogs.diariosur.es\/wp-content\/uploads\/sites\/12\/2014\/04\/016.jpg 640w, https:\/\/static-blogs.diariosur.es\/wp-content\/uploads\/sites\/12\/2014\/04\/016-600x400.jpg 600w\" sizes=\"(max-width: 640px) 100vw, 640px\" \/><\/a><\/p>\n<p>&nbsp;<\/p>\n<p>&nbsp;<\/p>\n<p>&nbsp;<\/p>\n","protected":false},"excerpt":{"rendered":"<p>Buenos dias amigos de la meteo. Son las seis de la ma\u00f1ana, registro 17 grados y los cielos est\u00e1n nubosos . Los altocumulus y cirrus ser\u00e1n hoy los protagonistas. La aemet activa el aviso amarillo por viento y olas en las provincias de Almer\u00eda y Granada. En Catalu\u00f1a y Arag\u00f3n este aviso sera por lluvias [&hellip;]<\/p>\n","protected":false},"author":16,"featured_media":8411,"comment_status":"open","ping_status":"open","sticky":false,"template":"","format":"standard","meta":[],"categories":[2],"tags":[63,91,100,120,151,232,992,1059],"_links":{"self":[{"href":"https:\/\/blogs.diariosur.es\/tormentas-y-rayos\/wp-json\/wp\/v2\/posts\/8405"}],"collection":[{"href":"https:\/\/blogs.diariosur.es\/tormentas-y-rayos\/wp-json\/wp\/v2\/posts"}],"about":[{"href":"https:\/\/blogs.diariosur.es\/tormentas-y-rayos\/wp-json\/wp\/v2\/types\/post"}],"author":[{"embeddable":true,"href":"https:\/\/blogs.diariosur.es\/tormentas-y-rayos\/wp-json\/wp\/v2\/users\/16"}],"replies":[{"embeddable":true,"href":"https:\/\/blogs.diariosur.es\/tormentas-y-rayos\/wp-json\/wp\/v2\/comments?post=8405"}],"version-history":[{"count":0,"href":"https:\/\/blogs.diariosur.es\/tormentas-y-rayos\/wp-json\/wp\/v2\/posts\/8405\/revisions"}],"wp:featuredmedia":[{"embeddable":true,"href":"https:\/\/blogs.diariosur.es\/tormentas-y-rayos\/wp-json\/wp\/v2\/media\/8411"}],"wp:attachment":[{"href":"https:\/\/blogs.diariosur.es\/tormentas-y-rayos\/wp-json\/wp\/v2\/media?parent=8405"}],"wp:term":[{"taxonomy":"category","embeddable":true,"href":"https:\/\/blogs.diariosur.es\/tormentas-y-rayos\/wp-json\/wp\/v2\/categories?post=8405"},{"taxonomy":"post_tag","embeddable":true,"href":"https:\/\/blogs.diariosur.es\/tormentas-y-rayos\/wp-json\/wp\/v2\/tags?post=8405"}],"curies":[{"name":"wp","href":"https:\/\/api.w.org\/{rel}","templated":true}]}}