{"id":8416,"date":"2014-04-25T07:41:56","date_gmt":"2014-04-25T05:41:56","guid":{"rendered":"http:\/\/blogs.diariosur.es\/tormentas-y-rayos\/?p=8416"},"modified":"2014-04-25T07:41:56","modified_gmt":"2014-04-25T05:41:56","slug":"prevision-del-tiempo-circulacion-zonal-la-meteo-te-da-sorpresas-sorpresas-te-da-la-met","status":"publish","type":"post","link":"https:\/\/blogs.diariosur.es\/tormentas-y-rayos\/2014\/04\/25\/prevision-del-tiempo-circulacion-zonal-la-meteo-te-da-sorpresas-sorpresas-te-da-la-met\/","title":{"rendered":"Previsi\u00f3n del tiempo. Circulaci\u00f3n zonal. La meteo te da sorpresas, sorpresas te da la met&#8230;&#8230;"},"content":{"rendered":"<p><strong>Buenos dias amigos de la meteo. Son las seis de la ma\u00f1ana, registro 14.8 grados y el viento de terral de primavera hace que la sensaci\u00f3n\u00a0t\u00e9rmica\u00a0en estos momentos sea de fresquete. Durante esta pasada\u00a0madrugada este viento ha soplado entre moderado y fuerte en la capital, la racha maxima se ha dado en el Aeropuerto con 50 km\/h. Pero donde las rachas han sido mas fuertes es en Almeria, os paso unos datos fuente aemet.<\/strong><\/p>\n<p><a href=\"https:\/\/blogs.diariosur.es\/tormentas-y-rayos\/2014\/04\/25\/prevision-del-tiempo-circulacion-zonal-la-meteo-te-da-sorpresas-sorpresas-te-da-la-met\/captura-323\/\" rel=\"attachment wp-att-8417\"><img loading=\"lazy\" class=\"aligncenter size-medium wp-image-8417\" title=\"Captura\" src=\"\/tormentas-y-rayos\/wp-content\/uploads\/sites\/12\/2014\/04\/Captura29.jpg\" alt=\"\" width=\"600\" height=\"156\" srcset=\"https:\/\/static-blogs.diariosur.es\/wp-content\/uploads\/sites\/12\/2014\/04\/Captura29.jpg 774w, https:\/\/static-blogs.diariosur.es\/wp-content\/uploads\/sites\/12\/2014\/04\/Captura29-640x167.jpg 640w, https:\/\/static-blogs.diariosur.es\/wp-content\/uploads\/sites\/12\/2014\/04\/Captura29-768x200.jpg 768w\" sizes=\"(max-width: 600px) 100vw, 600px\" \/><\/a><\/p>\n<p><strong>Hoy viernes el terral de primavera\u00a0seguir\u00e1\u00a0soplando entre moderado y fuerte hasta el\u00a0mediod\u00eda\u00a0o primeras horas de la tarde. Luego ira amainando pero\u00a0seguir\u00e1\u00a0siendo el viento predominante. Hoy\u00a0no\u00a0habr\u00e1\u00a0sorpresas y\u00a0los\u00a0cielos\u00a0permanecer\u00e1n\u00a0poco\u00a0nubosos.\u00a0<\/strong><\/p>\n<p><strong>Tanto el\u00a0s\u00e1bado\u00a0como el domingo no espero lluvias en Andaluc\u00eda, lo\u00a0\u00fanico\u00a0destacable pueden ser nieblas, que se\u00a0dar\u00e1n\u00a0por el interior de la regi\u00f3n el\u00a0pr\u00f3ximo\u00a0domingo. Las\u00a0m\u00e1ximas\u00a0se\u00a0ir\u00e1n\u00a0recuperando en muchos\u00a0puntos de Andaluc\u00eda. En la Capital Malague\u00f1a rondaremos ma\u00f1ana\u00a0s\u00e1bado\u00a0los 27 grados asi como el domingo.<\/strong><\/p>\n<p><strong>Las lluvias \u00a0ser\u00e1n\u00a0\u00a0 protagonista en el noroeste y norte peninsular, hemos entrado en una circulaci\u00f3n zonal desde hace varios dias. Esta circulaci\u00f3n zonal tipo alta, hace que sucesivos frentes afecten en mayor medida a esta zona peninsular, dejando lluvias moderadas y bajadas de temperaturas. Como alguno os\u00a0hab\u00e9is\u00a0quedado pensativos preguntadose que es una circulaci\u00f3n zonal os lo\u00a0explico muy\u00a0f\u00e1cilmente. Es simplemente cuando el jet, vientos \u00a0y presiones a 500 hpa ( 5500 metros ) \u00a0van de oeste a este. Luego hay varios tipos, zonal alta y baja. Si se diera una zonal muy baja las lluvias serian protagonistas en todo el tercio occidental peninsular, incluida M\u00e1laga.<\/strong><\/p>\n<p><span style=\"color: #ff0000;\"><strong>RESUMEN DEL JUEVES 24 DE ABRIL:<\/strong><\/span><\/p>\n<p><strong>Antes comente la palabra sorpresa un poco mas arriba, y si amigos de la meteo ayer se dio un sorpres\u00f3n jijijij. Nada mas y nada menos que a ultima hora de la tarde\u00a0llovi\u00f3\u00a0en el norte de la provincia\u00a0malague\u00f1a, ni la aemet lo esperaba y yo menos.\u00a0Tambi\u00e9n\u00a0se dieron estos chubascos en Huelva, Sevilla, Ja\u00e9n, Granada y Huelva. En la provincia malague\u00f1a destaca Archidona con dos litros. Incluso en la zona de pedregalejo cayeron goterones.<\/strong><\/p>\n<p><a href=\"https:\/\/blogs.diariosur.es\/tormentas-y-rayos\/2014\/04\/25\/prevision-del-tiempo-circulacion-zonal-la-meteo-te-da-sorpresas-sorpresas-te-da-la-met\/10150589_10202576944963795_7983502203021036544_n\/\" rel=\"attachment wp-att-8419\"><img loading=\"lazy\" class=\"aligncenter size-full wp-image-8419\" title=\"10150589_10202576944963795_7983502203021036544_n\" src=\"\/tormentas-y-rayos\/wp-content\/uploads\/sites\/12\/2014\/04\/10150589_10202576944963795_7983502203021036544_n.jpg\" alt=\"\" width=\"480\" height=\"530\" srcset=\"https:\/\/static-blogs.diariosur.es\/wp-content\/uploads\/sites\/12\/2014\/04\/10150589_10202576944963795_7983502203021036544_n.jpg 480w, https:\/\/static-blogs.diariosur.es\/wp-content\/uploads\/sites\/12\/2014\/04\/10150589_10202576944963795_7983502203021036544_n-362x400.jpg 362w\" sizes=\"(max-width: 480px) 100vw, 480px\" \/><\/a><\/p>\n<p><a href=\"https:\/\/blogs.diariosur.es\/tormentas-y-rayos\/2014\/04\/25\/prevision-del-tiempo-circulacion-zonal-la-meteo-te-da-sorpresas-sorpresas-te-da-la-met\/captura-324\/\" rel=\"attachment wp-att-8418\"><img loading=\"lazy\" class=\"aligncenter size-full wp-image-8418\" title=\"Captura\" src=\"\/tormentas-y-rayos\/wp-content\/uploads\/sites\/12\/2014\/04\/Captura30.jpg\" alt=\"\" width=\"373\" height=\"194\" \/><\/a><\/p>\n<p><strong>La parte menos activa del frente que cruzo ayer la\u00a0pen\u00ednsula se reactivo al llegar al oeste de Andaluc\u00eda.\u00a0<\/strong><\/p>\n<p><strong>Lo que si que no fue una sorpresa fue el bonito amanecer que tuvimos de nuevo. Y que yo disfrute en compa\u00f1ia de mi amigo Joaquin.<\/strong><\/p>\n<p><strong><img loading=\"lazy\" class=\"aligncenter\" src=\"https:\/\/farm8.staticflickr.com\/7439\/14000175242_85417b74bb_z.jpg\" alt=\"\" width=\"640\" height=\"428\" \/>\u00a0<\/strong><\/p>\n<p><strong>Tampoco fue sorpresa las rachas de viento fuerte que tuvimos en toda la Costa Malague\u00f1a. Mi amigo Jose Luis Gil me manda este foton desde Marbella.<\/strong><\/p>\n<p><a href=\"https:\/\/blogs.diariosur.es\/tormentas-y-rayos\/2014\/04\/25\/prevision-del-tiempo-circulacion-zonal-la-meteo-te-da-sorpresas-sorpresas-te-da-la-met\/10258920_10202759118492023_7107748090908627530_o\/\" rel=\"attachment wp-att-8420\"><img loading=\"lazy\" class=\"aligncenter size-full wp-image-8420\" title=\"10258920_10202759118492023_7107748090908627530_o\" src=\"\/tormentas-y-rayos\/wp-content\/uploads\/sites\/12\/2014\/04\/10258920_10202759118492023_7107748090908627530_o.jpg\" alt=\"\" width=\"640\" height=\"360\" \/><\/a><\/p>\n<p><strong>Y tampoco fue una sorpresa ver altocumulus a primera hora de la ma\u00f1ana, esto era una se\u00f1al de la sorpresa. Mi amiga \u00a0Mari Carmen Parra \u00a0Gil los cazo magistralmente.<\/strong><\/p>\n<p><a href=\"https:\/\/blogs.diariosur.es\/tormentas-y-rayos\/2014\/04\/25\/prevision-del-tiempo-circulacion-zonal-la-meteo-te-da-sorpresas-sorpresas-te-da-la-met\/10271108_668446706524822_1541841253_o\/\" rel=\"attachment wp-att-8421\"><img loading=\"lazy\" class=\"aligncenter size-full wp-image-8421\" title=\"10271108_668446706524822_1541841253_o\" src=\"\/tormentas-y-rayos\/wp-content\/uploads\/sites\/12\/2014\/04\/10271108_668446706524822_1541841253_o.jpg\" alt=\"\" width=\"640\" height=\"480\" srcset=\"https:\/\/static-blogs.diariosur.es\/wp-content\/uploads\/sites\/12\/2014\/04\/10271108_668446706524822_1541841253_o.jpg 640w, https:\/\/static-blogs.diariosur.es\/wp-content\/uploads\/sites\/12\/2014\/04\/10271108_668446706524822_1541841253_o-533x400.jpg 533w\" sizes=\"(max-width: 640px) 100vw, 640px\" \/><\/a><\/p>\n<p><strong>La maxima fue de 26 grados en el aeropuerto malague\u00f1o, aunque destaca Rinc\u00f3n de la Victoria y Velez Malaga con 26.3 y 26.2 respectivamente.<\/strong><\/p>\n<p><strong>Poco mas que contar amigos de la meteo. A los moteros un fuerte abrazo.<\/strong><\/p>\n","protected":false},"excerpt":{"rendered":"<p>Buenos dias amigos de la meteo. Son las seis de la ma\u00f1ana, registro 14.8 grados y el viento de terral de primavera hace que la sensaci\u00f3n\u00a0t\u00e9rmica\u00a0en estos momentos sea de fresquete. Durante esta pasada\u00a0madrugada este viento ha soplado entre moderado y fuerte en la capital, la racha maxima se ha dado en el Aeropuerto con [&hellip;]<\/p>\n","protected":false},"author":16,"featured_media":8419,"comment_status":"open","ping_status":"open","sticky":false,"template":"","format":"standard","meta":[],"categories":[2],"tags":[100,257,809,975,980,1084],"_links":{"self":[{"href":"https:\/\/blogs.diariosur.es\/tormentas-y-rayos\/wp-json\/wp\/v2\/posts\/8416"}],"collection":[{"href":"https:\/\/blogs.diariosur.es\/tormentas-y-rayos\/wp-json\/wp\/v2\/posts"}],"about":[{"href":"https:\/\/blogs.diariosur.es\/tormentas-y-rayos\/wp-json\/wp\/v2\/types\/post"}],"author":[{"embeddable":true,"href":"https:\/\/blogs.diariosur.es\/tormentas-y-rayos\/wp-json\/wp\/v2\/users\/16"}],"replies":[{"embeddable":true,"href":"https:\/\/blogs.diariosur.es\/tormentas-y-rayos\/wp-json\/wp\/v2\/comments?post=8416"}],"version-history":[{"count":0,"href":"https:\/\/blogs.diariosur.es\/tormentas-y-rayos\/wp-json\/wp\/v2\/posts\/8416\/revisions"}],"wp:featuredmedia":[{"embeddable":true,"href":"https:\/\/blogs.diariosur.es\/tormentas-y-rayos\/wp-json\/wp\/v2\/media\/8419"}],"wp:attachment":[{"href":"https:\/\/blogs.diariosur.es\/tormentas-y-rayos\/wp-json\/wp\/v2\/media?parent=8416"}],"wp:term":[{"taxonomy":"category","embeddable":true,"href":"https:\/\/blogs.diariosur.es\/tormentas-y-rayos\/wp-json\/wp\/v2\/categories?post=8416"},{"taxonomy":"post_tag","embeddable":true,"href":"https:\/\/blogs.diariosur.es\/tormentas-y-rayos\/wp-json\/wp\/v2\/tags?post=8416"}],"curies":[{"name":"wp","href":"https:\/\/api.w.org\/{rel}","templated":true}]}}