{"id":8422,"date":"2014-04-27T08:18:44","date_gmt":"2014-04-27T06:18:44","guid":{"rendered":"http:\/\/blogs.diariosur.es\/tormentas-y-rayos\/?p=8422"},"modified":"2014-04-27T08:18:44","modified_gmt":"2014-04-27T06:18:44","slug":"rincon-de-la-victoria-registro-ayer-sabado-una-maxima-de-301-puede-ser-cierto","status":"publish","type":"post","link":"https:\/\/blogs.diariosur.es\/tormentas-y-rayos\/2014\/04\/27\/rincon-de-la-victoria-registro-ayer-sabado-una-maxima-de-301-puede-ser-cierto\/","title":{"rendered":"Rinc\u00f3n de la Victoria registro ayer s\u00e1bado  una maxima de 30,1.\u00bf puede ser cierto?."},"content":{"rendered":"<p><strong>Buenos dias amigos de la meteo. Son las ocho menos cuarto de la ma\u00f1ana, registro 18,8 grados, los cielos est\u00e1n despejados y sigue el terral de primavera de protagonista. Hoy domingo \u00a0M\u00e1laga puede llegar a los 30 grados.<\/strong><\/p>\n<p>&nbsp;<\/p>\n<p><a href=\"https:\/\/blogs.diariosur.es\/tormentas-y-rayos\/2014\/04\/27\/rincon-de-la-victoria-registro-ayer-sabado-una-maxima-de-301-puede-ser-cierto\/sabado-maxima\/\" rel=\"attachment wp-att-8423\"><img loading=\"lazy\" class=\"aligncenter size-medium wp-image-8423\" title=\"sabado maxima\" src=\"\/tormentas-y-rayos\/wp-content\/uploads\/sites\/12\/2014\/04\/sabado-maxima.jpg\" alt=\"\" width=\"600\" height=\"177\" srcset=\"https:\/\/static-blogs.diariosur.es\/wp-content\/uploads\/sites\/12\/2014\/04\/sabado-maxima.jpg 786w, https:\/\/static-blogs.diariosur.es\/wp-content\/uploads\/sites\/12\/2014\/04\/sabado-maxima-640x190.jpg 640w, https:\/\/static-blogs.diariosur.es\/wp-content\/uploads\/sites\/12\/2014\/04\/sabado-maxima-768x228.jpg 768w\" sizes=\"(max-width: 600px) 100vw, 600px\" \/><\/a><\/p>\n<p><strong>No pensaba actualizar el blog, \u00a0pero anoche cuando llegue del curro me\u00a0sorprendi\u00f3\u00a0la maxima que se dio en el Rinc\u00f3n de la\u00a0Victoria ayer\u00a0s\u00e1bado\u00a026. Todos\u00a0sab\u00e9is\u00a0que cuando sopla terral en M\u00e1laga\u00a0Capital, en la zona del Rinc\u00f3n le entra de poniente y siempre hay diferencia de temperaturas. No he podido ponerme en contacto con nadie de esa zona, asi que como hoy tiro para esa zona preguntare si es cierto y sacare conclusiones que pueden ser estas que os comento a continuaci\u00f3n. \u00a0<\/strong><strong>Han podido ocurrir dos cosas, \u00a0que la estaci\u00f3n de la aemet este fallando, o tambi\u00e9n que se de el caso que el terral haya logrado subir los sistemas monta\u00f1osos que tiene el Rinc\u00f3n y bajara el aire recalentado por las cuencas de los arroyos. Hace unos a\u00f1os se dio este caso en verano y el Rinc\u00f3n registro 41.7 grados. Eso\u00a0ocurri\u00f3\u00a0un 14 de julio del 2012. Al dia siguiente os\u00a0explique\u00a0que pudo pasar\u00a0<\/strong><\/p>\n<p><span style=\"color: #ff0000;\"><strong> Os pego aqui mismo la explicaci\u00f3n\u00a0<\/strong><\/span><\/p>\n<p>&nbsp;<\/p>\n<p>&nbsp;<\/p>\n<p><span style=\"color: #ff0000;\"><strong>\u00bf Porque el s\u00e1bado 14 de julio del 2012, el Rinc\u00f3n de la Victoria llego a 41,7 grados ?<\/strong><\/span><\/p>\n<p><span style=\"color: #ff0000;\"><a href=\"https:\/\/blogs.diariosur.es\/tormentas-y-rayos\/2012\/07\/16\/porque-el-sabado-el-rincon-de-la-victoria-llego-a-417-grados-record-historico\/recorddddddd\/\" rel=\"attachment wp-att-2997\"><span style=\"color: #ff0000;\"><img loading=\"lazy\" title=\"recorddddddd\" src=\"\/tormentas-y-rayos\/wp-content\/uploads\/sites\/12\/2012\/07\/recorddddddd.jpg\" alt=\"\" width=\"600\" height=\"259\" \/><\/span><\/a><\/span><\/p>\n<p>&nbsp;<\/p>\n<p><span style=\"color: #ff0000;\"><strong>Bueno amigos, voy a intentar de manera sencilla explicar lo que paso el s\u00e1bado en el Rinc\u00f3n de la Victoria, que por cierto ha sido la m\u00e1xima temperatura dada en este pueblo desde que hay datos.<\/strong><\/span><\/p>\n<p>&nbsp;<\/p>\n<p><span style=\"color: #ff0000;\"><strong>Ya sab\u00e9is que el terral al pasar los sistemas monta\u00f1osos que rodean la hoya de M\u00e1laga baja recalentado por compresi\u00f3n adiab\u00e1tica por el Valle del Guadalhorce y Guadalmedina.<\/strong><\/span><\/p>\n<p><span style=\"color: #ff0000;\"><a href=\"https:\/\/blogs.diariosur.es\/tormentas-y-rayos\/2012\/07\/16\/porque-el-sabado-el-rincon-de-la-victoria-llego-a-417-grados-record-historico\/hoya\/\" rel=\"attachment wp-att-2994\"><span style=\"color: #ff0000;\"><img loading=\"lazy\" title=\"hoya\" src=\"\/tormentas-y-rayos\/wp-content\/uploads\/sites\/12\/2012\/07\/hoya.jpg\" alt=\"\" width=\"500\" height=\"420\" \/><\/span><\/a><\/span><\/p>\n<p>&nbsp;<\/p>\n<p><span style=\"color: #ff0000;\"><strong>\u00a0<\/strong><\/span><\/p>\n<p>&nbsp;<\/p>\n<p><span style=\"color: #ff0000;\"><strong>En esta ocasi\u00f3n, la fuerza del terral ha sido muy fuerte, en algunos puntos de la provincia se \u00a0llegaron a rachas de mas de 60 km\/h, como ha sido la Comarca de Antequera, esto ha influido mucho para que \u00a0pasara esto en el Rinc\u00f3n.<\/strong><\/span><\/p>\n<p>&nbsp;<\/p>\n<p><span style=\"color: #ff0000;\"><strong>\u00a0Os explico.<\/strong><\/span><\/p>\n<p>&nbsp;<\/p>\n<p><span style=\"color: #ff0000;\"><strong>\u00a0La Sierra de Camarolos esta situada en la zona nororiental de la provincia malague\u00f1a, hace de frontera entre la comarca de Antequera y la Axarquia, siendo su pico mas alto el Cerro de la Cruz con 1440 metros.<\/strong><\/span><\/p>\n<p><span style=\"color: #ff0000;\"><strong>\u00a0Durante el dia del s\u00e1bado hubo dos ocasiones en que el viento logro pasar esta sierra y colindantes cosa poco habitual en verano.\u00a0La primera vez\u00a0sobre el medio dia y otra por la tarde. Una vez pasada la sierra bajo recalentado por los arroyos que pasan por el Rinc\u00f3n . La primera se dio al medio dia, una vez el terral no pudo pasar la Sierra de Camarolos se quito en esta zona cuando era las dos de la tarde. Pero de nuevo las rachas que se daban por el interior de Antequera hicieron que de nuevo el terral lograra pasar la sierra y \u00a0a las seis se registrara la m\u00e1xima hist\u00f3rica en el Rinc\u00f3n con 41,7 grados.\u00a0<\/strong><strong>Por este motivo tambi\u00e9n V\u00e9lez M\u00e1laga llego a los 40 grados.<\/strong><\/span><\/p>\n<p><strong><a href=\"https:\/\/blogs.diariosur.es\/tormentas-y-rayos\/2012\/07\/16\/porque-el-sabado-el-rincon-de-la-victoria-llego-a-417-grados-record-historico\/camarolos\/\" rel=\"attachment wp-att-2995\"><img loading=\"lazy\" title=\"camarolos\" src=\"\/tormentas-y-rayos\/wp-content\/uploads\/sites\/12\/2012\/07\/camarolos.jpg\" alt=\"\" width=\"660\" height=\"478\" \/><\/a><\/strong><\/p>\n<p>&nbsp;<\/p>\n<p><span style=\"color: #ff0000;\"><strong>Era curioso estar en la playa de Torre de Benagalb\u00f3n\u00a0 y llegarte aire caliente a tu espalda y mas fresco mirando al mar. Pienso que lo hab\u00e9is entendido amigos de la meteo. Tambi\u00e9n en la vertical de la Axarquia las isos 1500 hpa eran muy altas, en el caso contrario en la zona del Valle del Guadalhorce ten\u00edan un par de grados menos, esto hizo que la zona mas al oeste de la capital la m\u00e1xima fuera de 39. La vaguada cogi\u00f3 un poquito mas de fuerza y las isos mal altas la desplaz\u00f3 hacia el este. Incluso de madrugada se dieron gotas de lluvias en algunos puntos de la provincia. Menos mal que el viernes no os aconseje que fuerais al Rinc\u00f3n jejeje.<\/strong><\/span><\/p>\n<p><strong>En cuanto llegue a Torre de Benagalb\u00f3n preguntare a los vecinos, tambien llamare a mi hija que ahora vive en la Cala. Ma\u00f1ana cuando actualice el blog os dire si se ha dado un fallo en la estaci\u00f3n o ha ocurrido lo mismo que hace dos a\u00f1os. <\/strong><\/p>\n<p><strong>Os dejo con un par de fotos de lenticularis, cuando sopla este viento malague\u00f1o y se dan las\u00a0circunstancias\u00a0propicias, los lenticularis son los protagonistas.<\/strong><\/p>\n<p><strong>La primera foto es de mi amiga Mari Carmen Parra, cazo en Torre del Mar este precioso \u00a0lenticular que parece un barco.<\/strong><\/p>\n<p><strong><a href=\"https:\/\/blogs.diariosur.es\/tormentas-y-rayos\/2014\/04\/27\/rincon-de-la-victoria-registro-ayer-sabado-una-maxima-de-301-puede-ser-cierto\/10309970_668989553137204_1405771683_o_1\/\" rel=\"attachment wp-att-8424\"><img loading=\"lazy\" class=\"aligncenter size-full wp-image-8424\" title=\"10309970_668989553137204_1405771683_o_1\" src=\"\/tormentas-y-rayos\/wp-content\/uploads\/sites\/12\/2014\/04\/10309970_668989553137204_1405771683_o_1.jpg\" alt=\"\" width=\"640\" height=\"480\" srcset=\"https:\/\/static-blogs.diariosur.es\/wp-content\/uploads\/sites\/12\/2014\/04\/10309970_668989553137204_1405771683_o_1.jpg 640w, https:\/\/static-blogs.diariosur.es\/wp-content\/uploads\/sites\/12\/2014\/04\/10309970_668989553137204_1405771683_o_1-533x400.jpg 533w\" sizes=\"(max-width: 640px) 100vw, 640px\" \/><\/a>\u00a0<\/strong><\/p>\n<p><strong>Yo fotografi\u00e9 dos\u00a0chiquitos\u00a0desde la terraza.\u00a0<\/strong><\/p>\n<p><a href=\"https:\/\/blogs.diariosur.es\/tormentas-y-rayos\/2014\/04\/27\/rincon-de-la-victoria-registro-ayer-sabado-una-maxima-de-301-puede-ser-cierto\/001-16\/\" rel=\"attachment wp-att-8425\"><img loading=\"lazy\" class=\"aligncenter size-full wp-image-8425\" title=\"001\" src=\"\/tormentas-y-rayos\/wp-content\/uploads\/sites\/12\/2014\/04\/0011.jpg\" alt=\"\" width=\"640\" height=\"427\" srcset=\"https:\/\/static-blogs.diariosur.es\/wp-content\/uploads\/sites\/12\/2014\/04\/0011.jpg 640w, https:\/\/static-blogs.diariosur.es\/wp-content\/uploads\/sites\/12\/2014\/04\/0011-600x400.jpg 600w\" sizes=\"(max-width: 640px) 100vw, 640px\" \/><\/a><\/p>\n","protected":false},"excerpt":{"rendered":"<p>Buenos dias amigos de la meteo. Son las ocho menos cuarto de la ma\u00f1ana, registro 18,8 grados, los cielos est\u00e1n despejados y sigue el terral de primavera de protagonista. Hoy domingo \u00a0M\u00e1laga puede llegar a los 30 grados. &nbsp; No pensaba actualizar el blog, \u00a0pero anoche cuando llegue del curro me\u00a0sorprendi\u00f3\u00a0la maxima que se dio [&hellip;]<\/p>\n","protected":false},"author":16,"featured_media":8424,"comment_status":"open","ping_status":"open","sticky":false,"template":"","format":"standard","meta":[],"categories":[2],"tags":[624,864,975],"_links":{"self":[{"href":"https:\/\/blogs.diariosur.es\/tormentas-y-rayos\/wp-json\/wp\/v2\/posts\/8422"}],"collection":[{"href":"https:\/\/blogs.diariosur.es\/tormentas-y-rayos\/wp-json\/wp\/v2\/posts"}],"about":[{"href":"https:\/\/blogs.diariosur.es\/tormentas-y-rayos\/wp-json\/wp\/v2\/types\/post"}],"author":[{"embeddable":true,"href":"https:\/\/blogs.diariosur.es\/tormentas-y-rayos\/wp-json\/wp\/v2\/users\/16"}],"replies":[{"embeddable":true,"href":"https:\/\/blogs.diariosur.es\/tormentas-y-rayos\/wp-json\/wp\/v2\/comments?post=8422"}],"version-history":[{"count":0,"href":"https:\/\/blogs.diariosur.es\/tormentas-y-rayos\/wp-json\/wp\/v2\/posts\/8422\/revisions"}],"wp:featuredmedia":[{"embeddable":true,"href":"https:\/\/blogs.diariosur.es\/tormentas-y-rayos\/wp-json\/wp\/v2\/media\/8424"}],"wp:attachment":[{"href":"https:\/\/blogs.diariosur.es\/tormentas-y-rayos\/wp-json\/wp\/v2\/media?parent=8422"}],"wp:term":[{"taxonomy":"category","embeddable":true,"href":"https:\/\/blogs.diariosur.es\/tormentas-y-rayos\/wp-json\/wp\/v2\/categories?post=8422"},{"taxonomy":"post_tag","embeddable":true,"href":"https:\/\/blogs.diariosur.es\/tormentas-y-rayos\/wp-json\/wp\/v2\/tags?post=8422"}],"curies":[{"name":"wp","href":"https:\/\/api.w.org\/{rel}","templated":true}]}}