{"id":8428,"date":"2014-04-28T07:27:34","date_gmt":"2014-04-28T05:27:34","guid":{"rendered":"http:\/\/blogs.diariosur.es\/tormentas-y-rayos\/?p=8428"},"modified":"2014-04-28T07:27:34","modified_gmt":"2014-04-28T05:27:34","slug":"rincon-de-la-victoria-registra-la-maxima-mas-alta-de-espana-con-31-1-grados-el-terral-nos-dara-un-alivio","status":"publish","type":"post","link":"https:\/\/blogs.diariosur.es\/tormentas-y-rayos\/2014\/04\/28\/rincon-de-la-victoria-registra-la-maxima-mas-alta-de-espana-con-31-1-grados-el-terral-nos-dara-un-alivio\/","title":{"rendered":"Rinc\u00f3n de la Victoria registra la m\u00e1xima m\u00e1s alta de Espa\u00f1a con 31.1 grados. El terral nos dar\u00e1 un alivio."},"content":{"rendered":"<p><strong>Buenos d\u00edas amigos de la meteo, son las seis y media de la ma\u00f1ana, registro 20 grados y los cielos est\u00e1n poco nubosos. Tanto hoy lunes como ma\u00f1ana martes \u00a0el terral nos\u00a0dar\u00e1\u00a0un respiro, el viento soplara de direcci\u00f3n variable y en ocasiones del oeste. Aunque en los\u00a0pron\u00f3sticos\u00a0no se esperan brumas ni nieblas, pienso que se pueden dar en zona de costa esta semana.<\/strong><\/p>\n<p><strong> Las\u00a0m\u00e1ximas\u00a0subir\u00e1n\u00a0moderadamente en el Valle del Guadaquivir con\u00a0respecto\u00a0a estos dias pasados.<\/strong><\/p>\n<p><strong>\u00a0<\/strong><\/p>\n<p><strong>Como hab\u00e9is podido leer en el t\u00edtulo del post , ayer domingo 27 de abril \u00a0el Rinc\u00f3n de la Victoria registro la maxima de Espa\u00f1a con 31.1 grados, tambien el\u00a0s\u00e1bado\u00a0pasado dio la maxima pero en Andaluc\u00eda\u00a0con 30.1. Ayer os actualice el blog para daros la explicaci\u00f3n del por qu\u00e9 se daba esta\u00a0circunstancia\u00a0tan poco habitual. Como todos\u00a0sab\u00e9is cuando en M\u00e1laga Capital sopla terral, la zona del Rinc\u00f3n registra la\u00a0mayor\u00eda\u00a0de las veces bastantes grados menos.\u00a0<a href=\"https:\/\/blogs.diariosur.es\/tormentas-y-rayos\/2014\/04\/27\/rincon-de-la-victoria-registro-ayer-sabado-una-maxima-de-301-puede-ser-cierto\/\">\u00a0PINCHAR\u00a0AQU\u00cd\u00a0DONDE EXPLICO ESTO.<\/a><\/strong><\/p>\n<p><a href=\"https:\/\/blogs.diariosur.es\/tormentas-y-rayos\/2014\/04\/28\/rincon-de-la-victoria-registra-la-maxima-mas-alta-de-espana-con-31-1-grados-el-terral-nos-dara-un-alivio\/captura-326\/\" rel=\"attachment wp-att-8432\"><img loading=\"lazy\" class=\"aligncenter size-full wp-image-8432\" title=\"Captura\" src=\"\/tormentas-y-rayos\/wp-content\/uploads\/sites\/12\/2014\/04\/Captura32.jpg\" alt=\"\" width=\"406\" height=\"232\" \/><\/a><\/p>\n<p>&nbsp;<\/p>\n<p><strong>Ayer estuve en Torre de Benagalb\u00f3n, \u00a0y en mis paseos habituales\u00a0comprob\u00e9\u00a0como en ocasiones el aire venia fresquete y en otras caliente, mis amigos del chiringuito la Marina me comentaron que desde hacia varios dias se estaba dando eso. Esta\u00a0gr\u00e1fica\u00a0lo dice todo amigos de la meteo, fijaros los altibajos de temperatura.<\/strong><\/p>\n<p><a href=\"https:\/\/blogs.diariosur.es\/tormentas-y-rayos\/2014\/04\/28\/rincon-de-la-victoria-registra-la-maxima-mas-alta-de-espana-con-31-1-grados-el-terral-nos-dara-un-alivio\/rincon-3\/\" rel=\"attachment wp-att-8435\"><img loading=\"lazy\" class=\"aligncenter size-medium wp-image-8435\" title=\"rincon\" src=\"\/tormentas-y-rayos\/wp-content\/uploads\/sites\/12\/2014\/04\/rincon.jpg\" alt=\"\" width=\"600\" height=\"268\" srcset=\"https:\/\/static-blogs.diariosur.es\/wp-content\/uploads\/sites\/12\/2014\/04\/rincon.jpg 700w, https:\/\/static-blogs.diariosur.es\/wp-content\/uploads\/sites\/12\/2014\/04\/rincon-640x286.jpg 640w\" sizes=\"(max-width: 600px) 100vw, 600px\" \/><\/a><\/p>\n<p><strong> Hoy os traigo pocas fotos, ayer me deje la\u00a0bater\u00eda\u00a0de la\u00a0c\u00e1mara en M\u00e1laga, asi que las pocas que hice fueron con el\u00a0m\u00f3vil. Eso si&#8230;. ma\u00f1ana que libro me pienso\u00a0desquitar en el\u00a0Jard\u00edn\u00a0Bot\u00e1nico\u00a0de la\u00a0Concepci\u00f3n, tiene que estar precioso. Si alguien se apunta\u00a0estar\u00e9\u00a0all\u00ed\u00a0nada mas que abran.<\/strong><\/p>\n<p><strong>Os paso un par de fotos.<\/strong><\/p>\n<p><a href=\"https:\/\/blogs.diariosur.es\/tormentas-y-rayos\/2014\/04\/28\/rincon-de-la-victoria-registra-la-maxima-mas-alta-de-espana-con-31-1-grados-el-terral-nos-dara-un-alivio\/1980257_10202594125113288_8904632792310059600_o\/\" rel=\"attachment wp-att-8430\"><img loading=\"lazy\" class=\"aligncenter size-full wp-image-8430\" title=\"1980257_10202594125113288_8904632792310059600_o\" src=\"\/tormentas-y-rayos\/wp-content\/uploads\/sites\/12\/2014\/04\/1980257_10202594125113288_8904632792310059600_o.jpg\" alt=\"\" width=\"640\" height=\"478\" srcset=\"https:\/\/static-blogs.diariosur.es\/wp-content\/uploads\/sites\/12\/2014\/04\/1980257_10202594125113288_8904632792310059600_o.jpg 640w, https:\/\/static-blogs.diariosur.es\/wp-content\/uploads\/sites\/12\/2014\/04\/1980257_10202594125113288_8904632792310059600_o-536x400.jpg 536w\" sizes=\"(max-width: 640px) 100vw, 640px\" \/><\/a><\/p>\n<p>&nbsp;<\/p>\n<p>&nbsp;<\/p>\n<p>&nbsp;<\/p>\n<p><a href=\"https:\/\/blogs.diariosur.es\/tormentas-y-rayos\/2014\/04\/28\/rincon-de-la-victoria-registra-la-maxima-mas-alta-de-espana-con-31-1-grados-el-terral-nos-dara-un-alivio\/891986_10202594230635926_5809705783465131894_o_1\/\" rel=\"attachment wp-att-8431\"><img loading=\"lazy\" class=\"aligncenter size-full wp-image-8431\" title=\"891986_10202594230635926_5809705783465131894_o_1\" src=\"\/tormentas-y-rayos\/wp-content\/uploads\/sites\/12\/2014\/04\/891986_10202594230635926_5809705783465131894_o_1.jpg\" alt=\"\" width=\"640\" height=\"478\" srcset=\"https:\/\/static-blogs.diariosur.es\/wp-content\/uploads\/sites\/12\/2014\/04\/891986_10202594230635926_5809705783465131894_o_1.jpg 640w, https:\/\/static-blogs.diariosur.es\/wp-content\/uploads\/sites\/12\/2014\/04\/891986_10202594230635926_5809705783465131894_o_1-536x400.jpg 536w\" sizes=\"(max-width: 640px) 100vw, 640px\" \/><\/a><\/p>\n<p>&nbsp;<\/p>\n<p>&nbsp;<\/p>\n<p><strong>Otro dato curioso es la diferencia tan grande de temperatura entre Vel\u00e9z M\u00e1laga y Torrox Costa, a tan pocos\u00a0kil\u00f3metros\u00a0Vel\u00e9z daba 30 grados y Torrox no pasaba de 24. Os paso las\u00a0gr\u00e1ficas\u00a0fuente aemet.<\/strong><\/p>\n<p><a href=\"https:\/\/blogs.diariosur.es\/tormentas-y-rayos\/2014\/04\/28\/rincon-de-la-victoria-registra-la-maxima-mas-alta-de-espana-con-31-1-grados-el-terral-nos-dara-un-alivio\/torro\/\" rel=\"attachment wp-att-8433\"><img loading=\"lazy\" class=\"aligncenter size-medium wp-image-8433\" title=\"torro\" src=\"\/tormentas-y-rayos\/wp-content\/uploads\/sites\/12\/2014\/04\/torro.jpg\" alt=\"\" width=\"600\" height=\"260\" srcset=\"https:\/\/static-blogs.diariosur.es\/wp-content\/uploads\/sites\/12\/2014\/04\/torro.jpg 719w, https:\/\/static-blogs.diariosur.es\/wp-content\/uploads\/sites\/12\/2014\/04\/torro-640x278.jpg 640w\" sizes=\"(max-width: 600px) 100vw, 600px\" \/><\/a><a href=\"https:\/\/blogs.diariosur.es\/tormentas-y-rayos\/2014\/04\/28\/rincon-de-la-victoria-registra-la-maxima-mas-alta-de-espana-con-31-1-grados-el-terral-nos-dara-un-alivio\/velez-3\/\" rel=\"attachment wp-att-8434\"><img loading=\"lazy\" class=\"aligncenter size-medium wp-image-8434\" title=\"velez\" src=\"\/tormentas-y-rayos\/wp-content\/uploads\/sites\/12\/2014\/04\/velez.jpg\" alt=\"\" width=\"600\" height=\"245\" srcset=\"https:\/\/static-blogs.diariosur.es\/wp-content\/uploads\/sites\/12\/2014\/04\/velez.jpg 756w, https:\/\/static-blogs.diariosur.es\/wp-content\/uploads\/sites\/12\/2014\/04\/velez-640x262.jpg 640w\" sizes=\"(max-width: 600px) 100vw, 600px\" \/><\/a><\/p>\n<p><strong>Poco mas que contar amigos, en estos\u00a0momentos\u00a0estoy escuchando que varios tornados han dejado \u00a0victimas en EEUU. Como todos\u00a0sab\u00e9is\u00a0el mes de abril y mayo es la\u00a0\u00e9poca\u00a0de estos\u00a0fen\u00f3menos.<\/strong><\/p>\n<p><strong>Os dejo, con esta impresionante foto de \u00a0Guido Monta\u00f1ez, una pasada. \u00a0Hasta ma\u00f1ana.<\/strong><\/p>\n<p><a href=\"https:\/\/blogs.diariosur.es\/tormentas-y-rayos\/2014\/04\/28\/rincon-de-la-victoria-registra-la-maxima-mas-alta-de-espana-con-31-1-grados-el-terral-nos-dara-un-alivio\/guido-montanez\/\" rel=\"attachment wp-att-8436\"><img loading=\"lazy\" class=\"aligncenter size-full wp-image-8436\" title=\"guido monta\u00f1ez\" src=\"\/tormentas-y-rayos\/wp-content\/uploads\/sites\/12\/2014\/04\/guido-monta\u00f1ez.jpg\" alt=\"\" width=\"640\" height=\"428\" srcset=\"https:\/\/static-blogs.diariosur.es\/wp-content\/uploads\/sites\/12\/2014\/04\/guido-monta\u00f1ez.jpg 640w, https:\/\/static-blogs.diariosur.es\/wp-content\/uploads\/sites\/12\/2014\/04\/guido-monta\u00f1ez-598x400.jpg 598w\" sizes=\"(max-width: 640px) 100vw, 640px\" \/><\/a><\/p>\n<p>&nbsp;<\/p>\n<p>&nbsp;<\/p>\n","protected":false},"excerpt":{"rendered":"<p>Buenos d\u00edas amigos de la meteo, son las seis y media de la ma\u00f1ana, registro 20 grados y los cielos est\u00e1n poco nubosos. Tanto hoy lunes como ma\u00f1ana martes \u00a0el terral nos\u00a0dar\u00e1\u00a0un respiro, el viento soplara de direcci\u00f3n variable y en ocasiones del oeste. Aunque en los\u00a0pron\u00f3sticos\u00a0no se esperan brumas ni nieblas, pienso que se [&hellip;]<\/p>\n","protected":false},"author":16,"featured_media":8436,"comment_status":"open","ping_status":"open","sticky":false,"template":"","format":"standard","meta":[],"categories":[2],"tags":[],"_links":{"self":[{"href":"https:\/\/blogs.diariosur.es\/tormentas-y-rayos\/wp-json\/wp\/v2\/posts\/8428"}],"collection":[{"href":"https:\/\/blogs.diariosur.es\/tormentas-y-rayos\/wp-json\/wp\/v2\/posts"}],"about":[{"href":"https:\/\/blogs.diariosur.es\/tormentas-y-rayos\/wp-json\/wp\/v2\/types\/post"}],"author":[{"embeddable":true,"href":"https:\/\/blogs.diariosur.es\/tormentas-y-rayos\/wp-json\/wp\/v2\/users\/16"}],"replies":[{"embeddable":true,"href":"https:\/\/blogs.diariosur.es\/tormentas-y-rayos\/wp-json\/wp\/v2\/comments?post=8428"}],"version-history":[{"count":0,"href":"https:\/\/blogs.diariosur.es\/tormentas-y-rayos\/wp-json\/wp\/v2\/posts\/8428\/revisions"}],"wp:featuredmedia":[{"embeddable":true,"href":"https:\/\/blogs.diariosur.es\/tormentas-y-rayos\/wp-json\/wp\/v2\/media\/8436"}],"wp:attachment":[{"href":"https:\/\/blogs.diariosur.es\/tormentas-y-rayos\/wp-json\/wp\/v2\/media?parent=8428"}],"wp:term":[{"taxonomy":"category","embeddable":true,"href":"https:\/\/blogs.diariosur.es\/tormentas-y-rayos\/wp-json\/wp\/v2\/categories?post=8428"},{"taxonomy":"post_tag","embeddable":true,"href":"https:\/\/blogs.diariosur.es\/tormentas-y-rayos\/wp-json\/wp\/v2\/tags?post=8428"}],"curies":[{"name":"wp","href":"https:\/\/api.w.org\/{rel}","templated":true}]}}