{"id":8438,"date":"2014-04-29T08:03:50","date_gmt":"2014-04-29T06:03:50","guid":{"rendered":"http:\/\/blogs.diariosur.es\/tormentas-y-rayos\/?p=8438"},"modified":"2014-04-29T08:03:50","modified_gmt":"2014-04-29T06:03:50","slug":"prevision-del-tiempo-puente-1-de-mayo-en-andalucia-coin-y-carcaixent-dan-la-maxima-mas-alta-de-espana-con-31-6-grados","status":"publish","type":"post","link":"https:\/\/blogs.diariosur.es\/tormentas-y-rayos\/2014\/04\/29\/prevision-del-tiempo-puente-1-de-mayo-en-andalucia-coin-y-carcaixent-dan-la-maxima-mas-alta-de-espana-con-31-6-grados\/","title":{"rendered":"Previsi\u00f3n del tiempo Puente 1 de Mayo en Andaluc\u00eda. Co\u00edn y Carcaixent  dan la maxima mas alta de Espa\u00f1a con 31.6 grados."},"content":{"rendered":"<p><strong>Buenos dias amigos de la meteo son las siete de la ma\u00f1ana, registro 19 grados y los cielos est\u00e1n despejados.<\/strong><\/p>\n<p><strong> He recibido muchos correos\u00a0preguntado\u00a0\u00a0por el tiempo que\u00a0har\u00e1\u00a0en este\u00a0pr\u00f3ximo\u00a0&#8221; Puente del 1 de Mayo&#8221;, si entre comillas, porque no todos lo tienen pero para los afortunados que se cojan el viernes comentarles que no se esperan lluvias. Las\u00a0m\u00e1ximas\u00a0en el Valle del Guadalquivir e interior de\u00a0Andaluc\u00eda\u00a0 rondaran los 30 grados, en zona de Costa\u00a0estar\u00e1n sobre los 25, aunque las nieblas pueden ser protagonistas. El dia mas caluroso se\u00a0dar\u00e1\u00a0el viernes dia 2, el\u00a0s\u00e1bado\u00a0y el domingo\u00a0bajar\u00edan\u00a0un poco las\u00a0m\u00e1ximas.\u00a0<\/strong><\/p>\n<p><a href=\"https:\/\/blogs.diariosur.es\/tormentas-y-rayos\/2014\/04\/29\/prevision-del-tiempo-puente-1-de-mayo-en-andalucia-coin-y-carcaixent-dan-la-maxima-mas-alta-de-espana-con-31-6-grados\/90-582sp\/\" rel=\"attachment wp-att-8439\"><img loading=\"lazy\" class=\"aligncenter size-large wp-image-8439\" title=\"90-582SP\" src=\"\/tormentas-y-rayos\/wp-content\/uploads\/sites\/12\/2014\/04\/90-582SP.gif\" alt=\"\" width=\"600\" height=\"600\" \/><\/a><\/p>\n<p><strong>Donde el tiempo puede ser un poco mas inestable y sobre todo mas fresco es en la zona del\u00a0Cant\u00e1brico, Pirineos, Catalu\u00f1a y norte de las Islas Baleares, en estas zonas el viento del norte\u00a0har\u00e1\u00a0bajar\u00a0las\u00a0temperaturas y se pueden registrar algunos chubascos durante estos dias.<\/strong><\/p>\n<p><strong>Poco mas que contar amigos de la meteo sobre el puente. Os hago un peque\u00f1o resumen de ayer lunes.<\/strong><\/p>\n<p><strong>De nuevo un pueblo de M\u00e1laga da la maxima mas alta de Espa\u00f1a, pero esta vez acompa\u00f1ado de Carcaixent un pueblo Valenciano.<\/strong><\/p>\n<p><a href=\"https:\/\/blogs.diariosur.es\/tormentas-y-rayos\/2014\/04\/29\/prevision-del-tiempo-puente-1-de-mayo-en-andalucia-coin-y-carcaixent-dan-la-maxima-mas-alta-de-espana-con-31-6-grados\/1-44\/\" rel=\"attachment wp-att-8440\"><img loading=\"lazy\" class=\"aligncenter size-full wp-image-8440\" title=\"1\" src=\"\/tormentas-y-rayos\/wp-content\/uploads\/sites\/12\/2014\/04\/11.jpg\" alt=\"\" width=\"384\" height=\"375\" \/><\/a><\/p>\n<p>&nbsp;<\/p>\n<p><strong>El terral dio sus\u00a0\u00faltimos\u00a0coletazos y hizo subir las temperaturas en el\u00a0Valle del Guadalhorce y en la zona de teatinos en M\u00e1laga Capital. En el Valle siguio mas rato el terral de primavera, pero en la capital malague\u00f1a sobre las doce del medio se dio la maxima, a partir de ese momento bajo como podeis ver en estos graficos fuente aemet.<\/strong><\/p>\n<p><a href=\"https:\/\/blogs.diariosur.es\/tormentas-y-rayos\/2014\/04\/29\/prevision-del-tiempo-puente-1-de-mayo-en-andalucia-coin-y-carcaixent-dan-la-maxima-mas-alta-de-espana-con-31-6-grados\/t-7\/\" rel=\"attachment wp-att-8441\"><img loading=\"lazy\" class=\"aligncenter size-medium wp-image-8441\" title=\"t\" src=\"\/tormentas-y-rayos\/wp-content\/uploads\/sites\/12\/2014\/04\/t.jpg\" alt=\"\" width=\"600\" height=\"241\" srcset=\"https:\/\/static-blogs.diariosur.es\/wp-content\/uploads\/sites\/12\/2014\/04\/t.jpg 772w, https:\/\/static-blogs.diariosur.es\/wp-content\/uploads\/sites\/12\/2014\/04\/t-640x258.jpg 640w, https:\/\/static-blogs.diariosur.es\/wp-content\/uploads\/sites\/12\/2014\/04\/t-768x309.jpg 768w\" sizes=\"(max-width: 600px) 100vw, 600px\" \/><\/a><a href=\"https:\/\/blogs.diariosur.es\/tormentas-y-rayos\/2014\/04\/29\/prevision-del-tiempo-puente-1-de-mayo-en-andalucia-coin-y-carcaixent-dan-la-maxima-mas-alta-de-espana-con-31-6-grados\/tt-5\/\" rel=\"attachment wp-att-8442\"><img loading=\"lazy\" class=\"aligncenter size-medium wp-image-8442\" title=\"tt\" src=\"\/tormentas-y-rayos\/wp-content\/uploads\/sites\/12\/2014\/04\/tt.jpg\" alt=\"\" width=\"600\" height=\"260\" srcset=\"https:\/\/static-blogs.diariosur.es\/wp-content\/uploads\/sites\/12\/2014\/04\/tt.jpg 709w, https:\/\/static-blogs.diariosur.es\/wp-content\/uploads\/sites\/12\/2014\/04\/tt-640x278.jpg 640w\" sizes=\"(max-width: 600px) 100vw, 600px\" \/><\/a><\/p>\n<p><strong>Pero lo mas curioso se dio en Co\u00edn, la maxima se registro a las siete de la tarde. No hay graficas de viento en esa estaci\u00f3n, pero supongo que el terral dio a esa hora su ultimo achuch\u00f3n.<\/strong><\/p>\n<p><a href=\"https:\/\/blogs.diariosur.es\/tormentas-y-rayos\/2014\/04\/29\/prevision-del-tiempo-puente-1-de-mayo-en-andalucia-coin-y-carcaixent-dan-la-maxima-mas-alta-de-espana-con-31-6-grados\/coin-3\/\" rel=\"attachment wp-att-8443\"><img loading=\"lazy\" class=\"aligncenter size-medium wp-image-8443\" title=\"coin\" src=\"\/tormentas-y-rayos\/wp-content\/uploads\/sites\/12\/2014\/04\/coin.jpg\" alt=\"\" width=\"600\" height=\"272\" srcset=\"https:\/\/static-blogs.diariosur.es\/wp-content\/uploads\/sites\/12\/2014\/04\/coin.jpg 714w, https:\/\/static-blogs.diariosur.es\/wp-content\/uploads\/sites\/12\/2014\/04\/coin-640x290.jpg 640w\" sizes=\"(max-width: 600px) 100vw, 600px\" \/><\/a><\/p>\n<p><strong>Hoy es mi dia libre amigos de la meteo, asi que cojo la camara con bateria jijijij y tiro para el\u00a0Jard\u00edn\u00a0Bot\u00e1nico\u00a0de la\u00a0Concepci\u00f3n. Os prometo poner luego fotos en facebook y en mi galeria.<\/strong><\/p>\n<p><strong>Os dejo con este fot\u00f3n de mi amiga \u00a0Maria Canals Esteva. Es muy poco habitual ver un lenticular en Mallorca. Amiga Mar\u00eda, mis felicitaciones.<\/strong><\/p>\n<p>&nbsp;<\/p>\n<p>&nbsp;<\/p>\n<p><a href=\"https:\/\/blogs.diariosur.es\/tormentas-y-rayos\/2014\/04\/29\/prevision-del-tiempo-puente-1-de-mayo-en-andalucia-coin-y-carcaixent-dan-la-maxima-mas-alta-de-espana-con-31-6-grados\/1481426_686919954689613_189762945_n_1\/\" rel=\"attachment wp-att-8445\"><img loading=\"lazy\" class=\"aligncenter size-full wp-image-8445\" title=\"1481426_686919954689613_189762945_n_1\" src=\"\/tormentas-y-rayos\/wp-content\/uploads\/sites\/12\/2014\/04\/1481426_686919954689613_189762945_n_1.jpg\" alt=\"\" width=\"600\" height=\"804\" srcset=\"https:\/\/static-blogs.diariosur.es\/wp-content\/uploads\/sites\/12\/2014\/04\/1481426_686919954689613_189762945_n_1.jpg 600w, https:\/\/static-blogs.diariosur.es\/wp-content\/uploads\/sites\/12\/2014\/04\/1481426_686919954689613_189762945_n_1-299x400.jpg 299w\" sizes=\"(max-width: 600px) 100vw, 600px\" \/><\/a><\/p>\n","protected":false},"excerpt":{"rendered":"<p>Buenos dias amigos de la meteo son las siete de la ma\u00f1ana, registro 19 grados y los cielos est\u00e1n despejados. He recibido muchos correos\u00a0preguntado\u00a0\u00a0por el tiempo que\u00a0har\u00e1\u00a0en este\u00a0pr\u00f3ximo\u00a0&#8221; Puente del 1 de Mayo&#8221;, si entre comillas, porque no todos lo tienen pero para los afortunados que se cojan el viernes comentarles que no se esperan [&hellip;]<\/p>\n","protected":false},"author":16,"featured_media":8445,"comment_status":"open","ping_status":"open","sticky":false,"template":"","format":"standard","meta":[],"categories":[2],"tags":[4,100,375,809,832,980],"_links":{"self":[{"href":"https:\/\/blogs.diariosur.es\/tormentas-y-rayos\/wp-json\/wp\/v2\/posts\/8438"}],"collection":[{"href":"https:\/\/blogs.diariosur.es\/tormentas-y-rayos\/wp-json\/wp\/v2\/posts"}],"about":[{"href":"https:\/\/blogs.diariosur.es\/tormentas-y-rayos\/wp-json\/wp\/v2\/types\/post"}],"author":[{"embeddable":true,"href":"https:\/\/blogs.diariosur.es\/tormentas-y-rayos\/wp-json\/wp\/v2\/users\/16"}],"replies":[{"embeddable":true,"href":"https:\/\/blogs.diariosur.es\/tormentas-y-rayos\/wp-json\/wp\/v2\/comments?post=8438"}],"version-history":[{"count":0,"href":"https:\/\/blogs.diariosur.es\/tormentas-y-rayos\/wp-json\/wp\/v2\/posts\/8438\/revisions"}],"wp:featuredmedia":[{"embeddable":true,"href":"https:\/\/blogs.diariosur.es\/tormentas-y-rayos\/wp-json\/wp\/v2\/media\/8445"}],"wp:attachment":[{"href":"https:\/\/blogs.diariosur.es\/tormentas-y-rayos\/wp-json\/wp\/v2\/media?parent=8438"}],"wp:term":[{"taxonomy":"category","embeddable":true,"href":"https:\/\/blogs.diariosur.es\/tormentas-y-rayos\/wp-json\/wp\/v2\/categories?post=8438"},{"taxonomy":"post_tag","embeddable":true,"href":"https:\/\/blogs.diariosur.es\/tormentas-y-rayos\/wp-json\/wp\/v2\/tags?post=8438"}],"curies":[{"name":"wp","href":"https:\/\/api.w.org\/{rel}","templated":true}]}}