{"id":8447,"date":"2014-05-01T09:36:40","date_gmt":"2014-05-01T07:36:40","guid":{"rendered":"http:\/\/blogs.diariosur.es\/tormentas-y-rayos\/?p=8447"},"modified":"2014-05-01T09:36:40","modified_gmt":"2014-05-01T07:36:40","slug":"los-tornados-dejan-mas-de-30-muertos-en-eeuu-video-y-fotos-la-niebla-protagonista-en-malaga-fotos","status":"publish","type":"post","link":"https:\/\/blogs.diariosur.es\/tormentas-y-rayos\/2014\/05\/01\/los-tornados-dejan-mas-de-30-muertos-en-eeuu-video-y-fotos-la-niebla-protagonista-en-malaga-fotos\/","title":{"rendered":"La niebla protagonista en M\u00e1laga fotos. Los tornados dejan mas de 30 muertos en EEUU, video y fotos."},"content":{"rendered":"<p><strong>Buenos dias amigos de la meteo. Son las seis y media de la ma\u00f1ana, registro 18 grados y viendo el\u00a0sat\u00e9lite\u00a0me parece que de nuevo tenemos niebla. Os hago un peque\u00f1o resumen del dia de ayer, y con vuestro permiso tiro para la playa, me da la corazona que el amanecer sera bestial jijiji.<\/strong><\/p>\n<p><strong>La maxima rondo ayer\u00a0mi\u00e9rcoles\u00a0los 25 grados en la capital malague\u00f1a, la niebla fue la protagonista a primera hora de la ma\u00f1ana. Mi amigo Lui Garcia Mar\u00edn la cazo\u00a0magistralmente.<\/strong><\/p>\n<p><a href=\"https:\/\/blogs.diariosur.es\/tormentas-y-rayos\/2014\/05\/01\/los-tornados-dejan-mas-de-30-muertos-en-eeuu-video-y-fotos-la-niebla-protagonista-en-malaga-fotos\/1622486_543881142396526_4041662569789812240_o\/\" rel=\"attachment wp-att-8448\"><img loading=\"lazy\" class=\"aligncenter size-full wp-image-8448\" title=\"1622486_543881142396526_4041662569789812240_o\" src=\"\/tormentas-y-rayos\/wp-content\/uploads\/sites\/12\/2014\/05\/1622486_543881142396526_4041662569789812240_o.jpg\" alt=\"\" width=\"640\" height=\"427\" srcset=\"https:\/\/static-blogs.diariosur.es\/wp-content\/uploads\/sites\/12\/2014\/05\/1622486_543881142396526_4041662569789812240_o.jpg 640w, https:\/\/static-blogs.diariosur.es\/wp-content\/uploads\/sites\/12\/2014\/05\/1622486_543881142396526_4041662569789812240_o-600x400.jpg 600w\" sizes=\"(max-width: 640px) 100vw, 640px\" \/><\/a><\/p>\n<p>&nbsp;<\/p>\n<p><strong>Los cielos se despejaron, y al atardecer no\u00a0ten\u00edamos\u00a0ninguna nube en el cielo.\u00a0<\/strong><\/p>\n<p>&nbsp;<\/p>\n<p><strong>La maxima de\u00a0Andaluc\u00eda\u00a0la dio Jerez y la\u00a0m\u00ednima Baza.<\/strong><\/p>\n<p><strong>\u00a0<a href=\"https:\/\/blogs.diariosur.es\/tormentas-y-rayos\/2014\/05\/01\/los-tornados-dejan-mas-de-30-muertos-en-eeuu-video-y-fotos-la-niebla-protagonista-en-malaga-fotos\/captura-327\/\" rel=\"attachment wp-att-8450\"><img loading=\"lazy\" class=\"aligncenter size-medium wp-image-8450\" title=\"Captura\" src=\"\/tormentas-y-rayos\/wp-content\/uploads\/sites\/12\/2014\/05\/Captura.jpg\" alt=\"\" width=\"600\" height=\"175\" srcset=\"https:\/\/static-blogs.diariosur.es\/wp-content\/uploads\/sites\/12\/2014\/05\/Captura.jpg 797w, https:\/\/static-blogs.diariosur.es\/wp-content\/uploads\/sites\/12\/2014\/05\/Captura-640x187.jpg 640w, https:\/\/static-blogs.diariosur.es\/wp-content\/uploads\/sites\/12\/2014\/05\/Captura-768x225.jpg 768w\" sizes=\"(max-width: 600px) 100vw, 600px\" \/><\/a><\/strong><\/p>\n<p>&nbsp;<\/p>\n<p>&nbsp;<\/p>\n<p><strong>Bueno amigos os dejo que se me va el amanecer, en un rato estoy aqui.<\/strong><\/p>\n<p><strong>Amigos de la meteo, ha sido impresionante, una pasada. Al principio de llegar no veia ni tres en una barca jijijji, burros no hay en la playa. Os paso tres fotos. \u00a0Luego en facebook y en mi\u00a0galer\u00eda\u00a0pondr\u00e9\u00a0mas.<\/strong><\/p>\n<p><img loading=\"lazy\" class=\"aligncenter\" src=\"https:\/\/farm8.staticflickr.com\/7314\/13892519297_95c407583d_z.jpg\" alt=\"\" width=\"640\" height=\"428\" \/><\/p>\n<p>&nbsp;<\/p>\n<p>&nbsp;<\/p>\n<p><img loading=\"lazy\" class=\"aligncenter\" src=\"https:\/\/farm6.staticflickr.com\/5553\/13892518987_e47ff2192d_z.jpg\" alt=\"\" width=\"640\" height=\"428\" \/><\/p>\n<p>&nbsp;<\/p>\n<p>&nbsp;<\/p>\n<p><img loading=\"lazy\" class=\"aligncenter\" src=\"https:\/\/farm8.staticflickr.com\/7188\/13892551090_481ca2a863_z.jpg\" alt=\"\" width=\"640\" height=\"428\" \/><\/p>\n<p>&nbsp;<\/p>\n<p><strong>Cuando salia de la playa a las ocho se estaba quitando la niebla, pero de nuevo es la protagonista cuando son las nueve de la ma\u00f1ana. Pero tranquilos que en un rato se\u00a0podr\u00e1\u00a0disfrutar de la playa.<\/strong><\/p>\n<p><a href=\"https:\/\/blogs.diariosur.es\/tormentas-y-rayos\/2014\/05\/01\/los-tornados-dejan-mas-de-30-muertos-en-eeuu-video-y-fotos-la-niebla-protagonista-en-malaga-fotos\/attachment\/073\/\" rel=\"attachment wp-att-8455\"><img loading=\"lazy\" class=\"aligncenter size-full wp-image-8455\" title=\"073\" src=\"\/tormentas-y-rayos\/wp-content\/uploads\/sites\/12\/2014\/05\/073.jpg\" alt=\"\" width=\"640\" height=\"427\" srcset=\"https:\/\/static-blogs.diariosur.es\/wp-content\/uploads\/sites\/12\/2014\/05\/073.jpg 640w, https:\/\/static-blogs.diariosur.es\/wp-content\/uploads\/sites\/12\/2014\/05\/073-600x400.jpg 600w\" sizes=\"(max-width: 640px) 100vw, 640px\" \/><\/a><\/p>\n<p>&nbsp;<\/p>\n<p><strong>Mi amigo Jose Luis Gil me manda hace unos minutos desde Marbella una foto donde la niebla es tambien la protagonista.<\/strong><\/p>\n<p><a href=\"https:\/\/blogs.diariosur.es\/tormentas-y-rayos\/2014\/05\/01\/los-tornados-dejan-mas-de-30-muertos-en-eeuu-video-y-fotos-la-niebla-protagonista-en-malaga-fotos\/10317560_10202829561693059_18986343946842861_o\/\" rel=\"attachment wp-att-8457\"><img loading=\"lazy\" class=\"aligncenter size-medium wp-image-8457\" title=\"10317560_10202829561693059_18986343946842861_o\" src=\"\/tormentas-y-rayos\/wp-content\/uploads\/sites\/12\/2014\/05\/10317560_10202829561693059_18986343946842861_o.jpg\" alt=\"\" width=\"600\" height=\"337\" srcset=\"https:\/\/static-blogs.diariosur.es\/wp-content\/uploads\/sites\/12\/2014\/05\/10317560_10202829561693059_18986343946842861_o.jpg 2048w, https:\/\/static-blogs.diariosur.es\/wp-content\/uploads\/sites\/12\/2014\/05\/10317560_10202829561693059_18986343946842861_o-640x360.jpg 640w, https:\/\/static-blogs.diariosur.es\/wp-content\/uploads\/sites\/12\/2014\/05\/10317560_10202829561693059_18986343946842861_o-768x432.jpg 768w\" sizes=\"(max-width: 600px) 100vw, 600px\" \/><\/a><\/p>\n<p>&nbsp;<\/p>\n<p><strong>El lunes pasado ya avisaba de estas nieblas en el post que os\u00a0abr\u00ed, \u00a0os comentaba esto <span style=\"color: #ff0000;\">(<strong>\u00a0Aunque en los\u00a0pron\u00f3sticos\u00a0no se esperan brumas ni nieblas, pienso que se pueden dar en zona de costa esta semana) Es que hace tiempo que no me pongo una medalla jijiji.<\/strong><\/span><\/strong><\/p>\n<p>&nbsp;<\/p>\n<p><strong>Os paso las fotos y el\u00a0v\u00eddeo\u00a0de los tornados que han estado afectando desde el domingo pasado a EEUU.\u00a0Seg\u00fan\u00a0las ultimas noticias se han contabilizado 30 muertos. Algo ha fallado en los avisos (alertas)para que se den tantos muertos.<\/strong><\/p>\n<p><strong>Hasta ma\u00f1ana<\/strong><\/p>\n<p>&nbsp;<\/p>\n<p><a href=\"https:\/\/blogs.diariosur.es\/tormentas-y-rayos\/2014\/05\/01\/los-tornados-dejan-mas-de-30-muertos-en-eeuu-video-y-fotos-la-niebla-protagonista-en-malaga-fotos\/1398766182_484943_1398766608_album_normal\/\" rel=\"attachment wp-att-8451\"><img loading=\"lazy\" class=\"aligncenter size-medium wp-image-8451\" title=\"1398766182_484943_1398766608_album_normal\" src=\"\/tormentas-y-rayos\/wp-content\/uploads\/sites\/12\/2014\/05\/1398766182_484943_1398766608_album_normal.jpg\" alt=\"\" width=\"600\" height=\"400\" srcset=\"https:\/\/static-blogs.diariosur.es\/wp-content\/uploads\/sites\/12\/2014\/05\/1398766182_484943_1398766608_album_normal.jpg 980w, https:\/\/static-blogs.diariosur.es\/wp-content\/uploads\/sites\/12\/2014\/05\/1398766182_484943_1398766608_album_normal-600x400.jpg 600w, https:\/\/static-blogs.diariosur.es\/wp-content\/uploads\/sites\/12\/2014\/05\/1398766182_484943_1398766608_album_normal-768x512.jpg 768w\" sizes=\"(max-width: 600px) 100vw, 600px\" \/><\/a><\/p>\n<p>&nbsp;<\/p>\n<p><a href=\"https:\/\/blogs.diariosur.es\/tormentas-y-rayos\/2014\/05\/01\/los-tornados-dejan-mas-de-30-muertos-en-eeuu-video-y-fotos-la-niebla-protagonista-en-malaga-fotos\/1398766182_484943_1398766661_album_normal\/\" rel=\"attachment wp-att-8452\"><img loading=\"lazy\" class=\"aligncenter size-medium wp-image-8452\" title=\"1398766182_484943_1398766661_album_normal\" src=\"\/tormentas-y-rayos\/wp-content\/uploads\/sites\/12\/2014\/05\/1398766182_484943_1398766661_album_normal.jpg\" alt=\"\" width=\"600\" height=\"377\" srcset=\"https:\/\/static-blogs.diariosur.es\/wp-content\/uploads\/sites\/12\/2014\/05\/1398766182_484943_1398766661_album_normal.jpg 980w, https:\/\/static-blogs.diariosur.es\/wp-content\/uploads\/sites\/12\/2014\/05\/1398766182_484943_1398766661_album_normal-635x400.jpg 635w, https:\/\/static-blogs.diariosur.es\/wp-content\/uploads\/sites\/12\/2014\/05\/1398766182_484943_1398766661_album_normal-768x484.jpg 768w\" sizes=\"(max-width: 600px) 100vw, 600px\" \/><\/a><\/p>\n<p>&nbsp;<\/p>\n<p><a href=\"https:\/\/blogs.diariosur.es\/tormentas-y-rayos\/2014\/05\/01\/los-tornados-dejan-mas-de-30-muertos-en-eeuu-video-y-fotos-la-niebla-protagonista-en-malaga-fotos\/1398766182_484943_1398766762_album_normal\/\" rel=\"attachment wp-att-8453\"><img loading=\"lazy\" class=\"aligncenter size-medium wp-image-8453\" title=\"1398766182_484943_1398766762_album_normal\" src=\"\/tormentas-y-rayos\/wp-content\/uploads\/sites\/12\/2014\/05\/1398766182_484943_1398766762_album_normal.jpg\" alt=\"\" width=\"600\" height=\"400\" srcset=\"https:\/\/static-blogs.diariosur.es\/wp-content\/uploads\/sites\/12\/2014\/05\/1398766182_484943_1398766762_album_normal.jpg 980w, https:\/\/static-blogs.diariosur.es\/wp-content\/uploads\/sites\/12\/2014\/05\/1398766182_484943_1398766762_album_normal-600x400.jpg 600w, https:\/\/static-blogs.diariosur.es\/wp-content\/uploads\/sites\/12\/2014\/05\/1398766182_484943_1398766762_album_normal-768x512.jpg 768w\" sizes=\"(max-width: 600px) 100vw, 600px\" \/><\/a><\/p>\n<p>&nbsp;<\/p>\n<p><a href=\"https:\/\/blogs.diariosur.es\/tormentas-y-rayos\/2014\/05\/01\/los-tornados-dejan-mas-de-30-muertos-en-eeuu-video-y-fotos-la-niebla-protagonista-en-malaga-fotos\/1398766182_484943_1398767639_album_normal\/\" rel=\"attachment wp-att-8454\"><img loading=\"lazy\" class=\"aligncenter size-medium wp-image-8454\" title=\"1398766182_484943_1398767639_album_normal\" src=\"\/tormentas-y-rayos\/wp-content\/uploads\/sites\/12\/2014\/05\/1398766182_484943_1398767639_album_normal.jpg\" alt=\"\" width=\"600\" height=\"400\" srcset=\"https:\/\/static-blogs.diariosur.es\/wp-content\/uploads\/sites\/12\/2014\/05\/1398766182_484943_1398767639_album_normal.jpg 980w, https:\/\/static-blogs.diariosur.es\/wp-content\/uploads\/sites\/12\/2014\/05\/1398766182_484943_1398767639_album_normal-600x400.jpg 600w, https:\/\/static-blogs.diariosur.es\/wp-content\/uploads\/sites\/12\/2014\/05\/1398766182_484943_1398767639_album_normal-768x512.jpg 768w\" sizes=\"(max-width: 600px) 100vw, 600px\" \/><\/a><\/p>\n<p>&nbsp;<\/p>\n<p><iframe loading=\"lazy\" src=\"\/\/www.youtube.com\/embed\/W5C_1Hmx82M\" frameborder=\"0\" width=\"640\" height=\"360\"><\/iframe><\/p>\n","protected":false},"excerpt":{"rendered":"<p>Buenos dias amigos de la meteo. Son las seis y media de la ma\u00f1ana, registro 18 grados y viendo el\u00a0sat\u00e9lite\u00a0me parece que de nuevo tenemos niebla. Os hago un peque\u00f1o resumen del dia de ayer, y con vuestro permiso tiro para la playa, me da la corazona que el amanecer sera bestial jijiji. La maxima [&hellip;]<\/p>\n","protected":false},"author":16,"featured_media":8451,"comment_status":"open","ping_status":"open","sticky":false,"template":"","format":"standard","meta":[],"categories":[2],"tags":[281,351,384,424,587,695,1007,1056],"_links":{"self":[{"href":"https:\/\/blogs.diariosur.es\/tormentas-y-rayos\/wp-json\/wp\/v2\/posts\/8447"}],"collection":[{"href":"https:\/\/blogs.diariosur.es\/tormentas-y-rayos\/wp-json\/wp\/v2\/posts"}],"about":[{"href":"https:\/\/blogs.diariosur.es\/tormentas-y-rayos\/wp-json\/wp\/v2\/types\/post"}],"author":[{"embeddable":true,"href":"https:\/\/blogs.diariosur.es\/tormentas-y-rayos\/wp-json\/wp\/v2\/users\/16"}],"replies":[{"embeddable":true,"href":"https:\/\/blogs.diariosur.es\/tormentas-y-rayos\/wp-json\/wp\/v2\/comments?post=8447"}],"version-history":[{"count":0,"href":"https:\/\/blogs.diariosur.es\/tormentas-y-rayos\/wp-json\/wp\/v2\/posts\/8447\/revisions"}],"wp:featuredmedia":[{"embeddable":true,"href":"https:\/\/blogs.diariosur.es\/tormentas-y-rayos\/wp-json\/wp\/v2\/media\/8451"}],"wp:attachment":[{"href":"https:\/\/blogs.diariosur.es\/tormentas-y-rayos\/wp-json\/wp\/v2\/media?parent=8447"}],"wp:term":[{"taxonomy":"category","embeddable":true,"href":"https:\/\/blogs.diariosur.es\/tormentas-y-rayos\/wp-json\/wp\/v2\/categories?post=8447"},{"taxonomy":"post_tag","embeddable":true,"href":"https:\/\/blogs.diariosur.es\/tormentas-y-rayos\/wp-json\/wp\/v2\/tags?post=8447"}],"curies":[{"name":"wp","href":"https:\/\/api.w.org\/{rel}","templated":true}]}}