{"id":8481,"date":"2014-05-07T07:40:27","date_gmt":"2014-05-07T05:40:27","guid":{"rendered":"http:\/\/blogs.diariosur.es\/tormentas-y-rayos\/?p=8481"},"modified":"2014-05-07T07:40:27","modified_gmt":"2014-05-07T05:40:27","slug":"abril-extremadamente-calido-y-seco-en-precipitaciones-fuente-aemet-la-dorsal-africana-seguira-de-protagonista","status":"publish","type":"post","link":"https:\/\/blogs.diariosur.es\/tormentas-y-rayos\/2014\/05\/07\/abril-extremadamente-calido-y-seco-en-precipitaciones-fuente-aemet-la-dorsal-africana-seguira-de-protagonista\/","title":{"rendered":"Abril, extremadamente c\u00e1lido y seco en precipitaciones fuente Aemet. La dorsal Africana seguir\u00e1 de protagonista."},"content":{"rendered":"<p><strong>Buenos dias amigos de la meteo.<\/strong><\/p>\n<p><strong> Son las siete menos diez \u00a0de la ma\u00f1ana, registro 17.7 grados en M\u00e1laga Capital \u00a0y los cielos andaluces est\u00e1n despejados.<\/strong><\/p>\n<p><strong>\u00a0Que\u00a0dar\u00eda\u00a0yo por ver estos rayos que cazo mi amigo Juan Antonio Lucena Garcia en M\u00e1laga hace unos a\u00f1os. Un fot\u00f3n amigo.\u00a0<\/strong><\/p>\n<p><a href=\"https:\/\/blogs.diariosur.es\/tormentas-y-rayos\/2014\/05\/07\/abril-extremadamente-calido-y-seco-en-precipitaciones-fuente-aemet-la-dorsal-africana-seguira-de-protagonista\/juan-antonio-lucena-garcia-2\/\" rel=\"attachment wp-att-8484\"><img loading=\"lazy\" class=\"aligncenter size-full wp-image-8484\" title=\"juan antonio lucena garcia.\" src=\"\/tormentas-y-rayos\/wp-content\/uploads\/sites\/12\/2014\/05\/juan-antonio-lucena-garcia.1.jpg\" alt=\"\" width=\"640\" height=\"397\" \/><\/a><\/p>\n<p>&nbsp;<\/p>\n<p><strong> Hoy\u00a0mi\u00e9rcoles\u00a0y ma\u00f1ana jueves seguiremos \u00a0con la misma\u00a0t\u00f3nica,\u00a0m\u00e1ximas\u00a0que pasaran de los\u00a030\u00a0grados en el interior de Andaluc\u00eda y Valle del Guadalquivir. En la Costa Malague\u00f1a las\u00a0m\u00e1ximas\u00a0estar\u00e1n\u00a0entre los 23 y 25 grados. Ma\u00f1ana \u00a0jueves lo \u00fanico\u00a0destacable puede ser\u00a0alg\u00fan \u00a0desarrollo en los sistemas monta\u00f1osos de\u00a0Andaluc\u00eda\u00a0Oriental<\/strong><\/p>\n<p><strong> El anticicl\u00f3n\u00a0seguir\u00e1\u00a0de protagonista, asi como tambien la dorsal Africana. La temperatura a 850 hpa ( 1500 m )\u00a0estar\u00e1\u00a0rondando los 20 grados. Fuente GFS.<\/strong><\/p>\n<p><a href=\"https:\/\/blogs.diariosur.es\/tormentas-y-rayos\/2014\/05\/07\/abril-extremadamente-calido-y-seco-en-precipitaciones-fuente-aemet-la-dorsal-africana-seguira-de-protagonista\/captura-329\/\" rel=\"attachment wp-att-8482\"><img loading=\"lazy\" class=\"aligncenter size-medium wp-image-8482\" title=\"Captura\" src=\"\/tormentas-y-rayos\/wp-content\/uploads\/sites\/12\/2014\/05\/Captura2.jpg\" alt=\"\" width=\"493\" height=\"400\" srcset=\"https:\/\/static-blogs.diariosur.es\/wp-content\/uploads\/sites\/12\/2014\/05\/Captura2.jpg 743w, https:\/\/static-blogs.diariosur.es\/wp-content\/uploads\/sites\/12\/2014\/05\/Captura2-494x400.jpg 494w\" sizes=\"(max-width: 493px) 100vw, 493px\" \/><\/a><\/p>\n<p>&nbsp;<\/p>\n<p>&nbsp;<\/p>\n<p><strong>Poco mas que contar de la previsi\u00f3n amigos de la meteo. Aburrimiento total, hoy que libro \u00a0ni tan siquiera una nube para fotografiar el amanecer. Lo\u00a0\u00fanico\u00a0positivo de esta situaci\u00f3n es que los que tenemos \u00a0alergia llevamos unos dias bastante bien gracias al levante. Os paso una foto de como amanece ahora mismo cuando son las siete y veinticuatro minutos \u00a0en M\u00e1laga.<\/strong><\/p>\n<p><a href=\"https:\/\/blogs.diariosur.es\/tormentas-y-rayos\/2014\/05\/07\/abril-extremadamente-calido-y-seco-en-precipitaciones-fuente-aemet-la-dorsal-africana-seguira-de-protagonista\/002-8\/\" rel=\"attachment wp-att-8485\"><img loading=\"lazy\" class=\"aligncenter size-full wp-image-8485\" title=\"002\" src=\"\/tormentas-y-rayos\/wp-content\/uploads\/sites\/12\/2014\/05\/002.jpg\" alt=\"\" width=\"640\" height=\"427\" srcset=\"https:\/\/static-blogs.diariosur.es\/wp-content\/uploads\/sites\/12\/2014\/05\/002.jpg 640w, https:\/\/static-blogs.diariosur.es\/wp-content\/uploads\/sites\/12\/2014\/05\/002-600x400.jpg 600w\" sizes=\"(max-width: 640px) 100vw, 640px\" \/><\/a><\/p>\n<p><strong>Como hab\u00e9is podido leer en \u00a0el titulo del post, el mes de abril ha sido extremadamente c\u00e1lido y seco en la pen\u00ednsula. El resumen climatol\u00f3gico de\u00a0Andaluc\u00eda\u00a0no ha salido aun, en cuanto lo pongan\u00a0abrir\u00e9\u00a0un nuevo post. \u00a0Os dejo el enlace: <a href=\"http:\/\/www.aemet.es\/es\/noticias\/2014\/05\/climaticoabril2014\" rel=\"external nofollow\">\u00a0 ABRIL EXTREMADAMENTE C\u00c1LIDO Y SECO EN PRECIPITACIONES.<\/a><\/strong><\/p>\n<p>&nbsp;<\/p>\n<p><strong>Os dejo hasta el viernes que os dare la aburrida previsi\u00f3n del fin de semana. Mientras yo cargare las pilas con la foto de mi amigo Juan Antonio y esta otra \u00a0de un pedazo superc\u00e9lula captada por Chris Allington en Arcadia (Nebraska, EEUU). Impresionante. A punto estoy de hacer las maletas y tirar para\u00a0all\u00ed.<\/strong><\/p>\n<p><a href=\"https:\/\/blogs.diariosur.es\/tormentas-y-rayos\/2014\/05\/07\/abril-extremadamente-calido-y-seco-en-precipitaciones-fuente-aemet-la-dorsal-africana-seguira-de-protagonista\/chris-allington-en-arcadia-nebraska-eeuu\/\" rel=\"attachment wp-att-8486\"><img loading=\"lazy\" class=\"aligncenter size-full wp-image-8486\" title=\"Chris Allington en Arcadia (Nebraska, EEUU)\" src=\"\/tormentas-y-rayos\/wp-content\/uploads\/sites\/12\/2014\/05\/Chris-Allington-en-Arcadia-Nebraska-EEUU.jpg\" alt=\"\" width=\"640\" height=\"424\" srcset=\"https:\/\/static-blogs.diariosur.es\/wp-content\/uploads\/sites\/12\/2014\/05\/Chris-Allington-en-Arcadia-Nebraska-EEUU.jpg 640w, https:\/\/static-blogs.diariosur.es\/wp-content\/uploads\/sites\/12\/2014\/05\/Chris-Allington-en-Arcadia-Nebraska-EEUU-604x400.jpg 604w\" sizes=\"(max-width: 640px) 100vw, 640px\" \/><\/a><\/p>\n<p>&nbsp;<\/p>\n<p>&nbsp;<\/p>\n","protected":false},"excerpt":{"rendered":"<p>Buenos dias amigos de la meteo. Son las siete menos diez \u00a0de la ma\u00f1ana, registro 17.7 grados en M\u00e1laga Capital \u00a0y los cielos andaluces est\u00e1n despejados. \u00a0Que\u00a0dar\u00eda\u00a0yo por ver estos rayos que cazo mi amigo Juan Antonio Lucena Garcia en M\u00e1laga hace unos a\u00f1os. Un fot\u00f3n amigo.\u00a0 &nbsp; Hoy\u00a0mi\u00e9rcoles\u00a0y ma\u00f1ana jueves seguiremos \u00a0con la misma\u00a0t\u00f3nica,\u00a0m\u00e1ximas\u00a0que [&hellip;]<\/p>\n","protected":false},"author":16,"featured_media":8484,"comment_status":"open","ping_status":"open","sticky":false,"template":"","format":"standard","meta":[],"categories":[2],"tags":[35,46,49,346,397,898],"_links":{"self":[{"href":"https:\/\/blogs.diariosur.es\/tormentas-y-rayos\/wp-json\/wp\/v2\/posts\/8481"}],"collection":[{"href":"https:\/\/blogs.diariosur.es\/tormentas-y-rayos\/wp-json\/wp\/v2\/posts"}],"about":[{"href":"https:\/\/blogs.diariosur.es\/tormentas-y-rayos\/wp-json\/wp\/v2\/types\/post"}],"author":[{"embeddable":true,"href":"https:\/\/blogs.diariosur.es\/tormentas-y-rayos\/wp-json\/wp\/v2\/users\/16"}],"replies":[{"embeddable":true,"href":"https:\/\/blogs.diariosur.es\/tormentas-y-rayos\/wp-json\/wp\/v2\/comments?post=8481"}],"version-history":[{"count":0,"href":"https:\/\/blogs.diariosur.es\/tormentas-y-rayos\/wp-json\/wp\/v2\/posts\/8481\/revisions"}],"wp:featuredmedia":[{"embeddable":true,"href":"https:\/\/blogs.diariosur.es\/tormentas-y-rayos\/wp-json\/wp\/v2\/media\/8484"}],"wp:attachment":[{"href":"https:\/\/blogs.diariosur.es\/tormentas-y-rayos\/wp-json\/wp\/v2\/media?parent=8481"}],"wp:term":[{"taxonomy":"category","embeddable":true,"href":"https:\/\/blogs.diariosur.es\/tormentas-y-rayos\/wp-json\/wp\/v2\/categories?post=8481"},{"taxonomy":"post_tag","embeddable":true,"href":"https:\/\/blogs.diariosur.es\/tormentas-y-rayos\/wp-json\/wp\/v2\/tags?post=8481"}],"curies":[{"name":"wp","href":"https:\/\/api.w.org\/{rel}","templated":true}]}}