{"id":8489,"date":"2014-05-12T07:12:50","date_gmt":"2014-05-12T05:12:50","guid":{"rendered":"http:\/\/blogs.diariosur.es\/tormentas-y-rayos\/?p=8489"},"modified":"2014-05-12T07:12:50","modified_gmt":"2014-05-12T05:12:50","slug":"terrorifica-impresionante-supercelula-en-video-alora-da-la-maxima-de-espana-con-36-7-grados-seguiremos-con-verano-anticipado-en-andalucia","status":"publish","type":"post","link":"https:\/\/blogs.diariosur.es\/tormentas-y-rayos\/2014\/05\/12\/terrorifica-impresionante-supercelula-en-video-alora-da-la-maxima-de-espana-con-36-7-grados-seguiremos-con-verano-anticipado-en-andalucia\/","title":{"rendered":"Terror\u00edfica, impresionante supercelula en v\u00eddeo. \u00c1lora da la maxima de Espa\u00f1a con 36.7 grados. Seguiremos con verano anticipado en Andaluc\u00eda."},"content":{"rendered":"<p>&nbsp;<\/p>\n<p><strong>Buenos dias amigos de la meteo.<\/strong><\/p>\n<p><strong> Son las seis de la ma\u00f1ana, registro 20.5 grados y los cielos malague\u00f1os est\u00e1n despejados. Hoy lunes hay posibilidad de brumas y nieblas en la Costa Malague\u00f1a y\u00a0Mediterr\u00e1nea.<\/strong><\/p>\n<p><span style=\"color: #ff0000;\"><strong>El dia pasado me pasaron un\u00a0v\u00eddeo\u00a0de una supercelula que se dio el a\u00f1o pasado en Texas. A partir del minuto dos es una pasada, y el final \u00a0ni os cuento, los vellos se me pusieron de punta de pensar que dentro de unos a\u00f1os mi hija Lidia y yo podremos ver esto\u00a0en\u00a0EEUU. El video esta al final del post.<\/strong><\/span><\/p>\n<p><strong>Antes de que\u00a0ve\u00e1is\u00a0el\u00a0v\u00eddeo, comentaros que el verano anticipado\u00a0seguir\u00e1\u00a0en\u00a0Andaluc\u00eda, la dorsal africana tomara protagonismo y se sobrepasaran los\u00a0treinta tantos\u00a0grados en el interior y Valle del\u00a0Guadalquivir. En la Costa Malague\u00f1a las\u00a0m\u00e1ximas\u00a0ser\u00e1n\u00a0mas agradables, ya que el levante sera el\u00a0protagonista. En el norte peninsular la iso a 850 hpa ( 1500 m)\u00a0ser\u00e1n\u00a0mas bajas, por lo tanto\u00a0las\u00a0m\u00e1ximas\u00a0en esa zona no pasaran de los 15 grados. Os paso un mapa previsto de temperaturas a 850 hpa para ma\u00f1ana.<\/strong><\/p>\n<p>&nbsp;<\/p>\n<p><a href=\"https:\/\/blogs.diariosur.es\/tormentas-y-rayos\/2014\/05\/12\/terrorifica-impresionante-supercelula-en-video-alora-da-la-maxima-de-espana-con-36-7-grados-seguiremos-con-verano-anticipado-en-andalucia\/gfs-1-42-2\/\" rel=\"attachment wp-att-8490\"><img loading=\"lazy\" class=\"aligncenter size-medium wp-image-8490\" title=\"gfs-1-42\" src=\"\/tormentas-y-rayos\/wp-content\/uploads\/sites\/12\/2014\/05\/gfs-1-421.png\" alt=\"\" width=\"600\" height=\"400\" srcset=\"https:\/\/static-blogs.diariosur.es\/wp-content\/uploads\/sites\/12\/2014\/05\/gfs-1-421.png 768w, https:\/\/static-blogs.diariosur.es\/wp-content\/uploads\/sites\/12\/2014\/05\/gfs-1-421-600x400.png 600w\" sizes=\"(max-width: 600px) 100vw, 600px\" \/><\/a><\/p>\n<p><strong>Al final no ha entrado el terral hoy lunes, por ese motivo no actualice el blog ayer domingo. Os hago un peque\u00f1o resumen del\u00a0s\u00e1bado\u00a0y del domingo. \u00a0Del\u00a0s\u00e1bado\u00a0no tengo fotos, os paso los registros mas destacados\u00a0seg\u00fan\u00a0la Aemet.<\/strong><\/p>\n<p><a href=\"https:\/\/blogs.diariosur.es\/tormentas-y-rayos\/2014\/05\/12\/terrorifica-impresionante-supercelula-en-video-alora-da-la-maxima-de-espana-con-36-7-grados-seguiremos-con-verano-anticipado-en-andalucia\/sabado-14\/\" rel=\"attachment wp-att-8491\"><img loading=\"lazy\" class=\"aligncenter size-medium wp-image-8491\" title=\"sabado\" src=\"\/tormentas-y-rayos\/wp-content\/uploads\/sites\/12\/2014\/05\/sabado1.jpg\" alt=\"\" width=\"600\" height=\"179\" srcset=\"https:\/\/static-blogs.diariosur.es\/wp-content\/uploads\/sites\/12\/2014\/05\/sabado1.jpg 788w, https:\/\/static-blogs.diariosur.es\/wp-content\/uploads\/sites\/12\/2014\/05\/sabado1-640x192.jpg 640w, https:\/\/static-blogs.diariosur.es\/wp-content\/uploads\/sites\/12\/2014\/05\/sabado1-768x230.jpg 768w\" sizes=\"(max-width: 600px) 100vw, 600px\" \/><\/a><\/p>\n<p>&nbsp;<\/p>\n<p>&nbsp;<\/p>\n<p><strong>El domingo muy temprano tire para la playa, a las siete de la ma\u00f1ana ya estaba fotografiando el amanecer. Os paso algunas fotos.<\/strong><\/p>\n<p><img loading=\"lazy\" class=\"aligncenter\" src=\"https:\/\/farm8.staticflickr.com\/7308\/13974819520_4d422cda3f_z.jpg\" alt=\"\" width=\"640\" height=\"427\" \/><\/p>\n<p>&nbsp;<\/p>\n<p><img loading=\"lazy\" class=\"aligncenter\" src=\"https:\/\/farm6.staticflickr.com\/5496\/14181547413_5c33fa68d7_z.jpg\" alt=\"\" width=\"640\" height=\"427\" \/><\/p>\n<p>&nbsp;<\/p>\n<p><img loading=\"lazy\" class=\"aligncenter\" src=\"https:\/\/farm6.staticflickr.com\/5077\/14158679122_172b5f15f4_z.jpg\" alt=\"\" width=\"640\" height=\"427\" \/><\/p>\n<p>&nbsp;<\/p>\n<p><strong>Hasta un parhelio pude cazar cuando llegaba el melillero.<\/strong><\/p>\n<p><img loading=\"lazy\" class=\"aligncenter\" src=\"https:\/\/farm6.staticflickr.com\/5472\/13974821378_752dd831d6_z.jpg\" alt=\"\" width=\"640\" height=\"427\" \/><\/p>\n<p>&nbsp;<\/p>\n<p><strong>Sobre las once de la ma\u00f1ana mi mujer Geno y yo nos dimos una vuelta por el Paseo\u00a0Mar\u00edtimo\u00a0Antonio Banderas. Ya\u00a0hab\u00eda\u00a0gente en la playa.<\/strong><\/p>\n<p><a href=\"https:\/\/blogs.diariosur.es\/tormentas-y-rayos\/2014\/05\/12\/terrorifica-impresionante-supercelula-en-video-alora-da-la-maxima-de-espana-con-36-7-grados-seguiremos-con-verano-anticipado-en-andalucia\/_dsc1858\/\" rel=\"attachment wp-att-8493\"><img loading=\"lazy\" class=\"aligncenter size-full wp-image-8493\" title=\"_DSC1858\" src=\"\/tormentas-y-rayos\/wp-content\/uploads\/sites\/12\/2014\/05\/DSC1858.jpg\" alt=\"\" width=\"640\" height=\"427\" srcset=\"https:\/\/static-blogs.diariosur.es\/wp-content\/uploads\/sites\/12\/2014\/05\/DSC1858.jpg 640w, https:\/\/static-blogs.diariosur.es\/wp-content\/uploads\/sites\/12\/2014\/05\/DSC1858-600x400.jpg 600w\" sizes=\"(max-width: 640px) 100vw, 640px\" \/><\/a><\/p>\n<p>&nbsp;<\/p>\n<p>&nbsp;<\/p>\n<p><strong>Tambi\u00e9n le hice unas fotos a la carrera de las mujeres unidas contra el cancer.<\/strong><\/p>\n<p><a href=\"https:\/\/blogs.diariosur.es\/tormentas-y-rayos\/2014\/05\/12\/terrorifica-impresionante-supercelula-en-video-alora-da-la-maxima-de-espana-con-36-7-grados-seguiremos-con-verano-anticipado-en-andalucia\/_dsc1851\/\" rel=\"attachment wp-att-8494\"><img loading=\"lazy\" class=\"aligncenter size-full wp-image-8494\" title=\"_DSC1851\" src=\"\/tormentas-y-rayos\/wp-content\/uploads\/sites\/12\/2014\/05\/DSC1851.jpg\" alt=\"\" width=\"640\" height=\"427\" srcset=\"https:\/\/static-blogs.diariosur.es\/wp-content\/uploads\/sites\/12\/2014\/05\/DSC1851.jpg 640w, https:\/\/static-blogs.diariosur.es\/wp-content\/uploads\/sites\/12\/2014\/05\/DSC1851-600x400.jpg 600w\" sizes=\"(max-width: 640px) 100vw, 640px\" \/><\/a><\/p>\n<p>&nbsp;<\/p>\n<p><a href=\"https:\/\/blogs.diariosur.es\/tormentas-y-rayos\/2014\/05\/12\/terrorifica-impresionante-supercelula-en-video-alora-da-la-maxima-de-espana-con-36-7-grados-seguiremos-con-verano-anticipado-en-andalucia\/_dsc1856\/\" rel=\"attachment wp-att-8495\"><img loading=\"lazy\" class=\"aligncenter size-full wp-image-8495\" title=\"_DSC1856\" src=\"\/tormentas-y-rayos\/wp-content\/uploads\/sites\/12\/2014\/05\/DSC1856.jpg\" alt=\"\" width=\"640\" height=\"461\" srcset=\"https:\/\/static-blogs.diariosur.es\/wp-content\/uploads\/sites\/12\/2014\/05\/DSC1856.jpg 640w, https:\/\/static-blogs.diariosur.es\/wp-content\/uploads\/sites\/12\/2014\/05\/DSC1856-555x400.jpg 555w\" sizes=\"(max-width: 640px) 100vw, 640px\" \/><\/a><\/p>\n<p><strong>Los datos mas destacados del domingo \u00a0fueron estos.\u00a0M\u00e1ximas\u00a0muy altas para un mes de mayo. Destaca \u00c1lora \u00a0( M\u00e1laga) con 36.7 grados, ha sido la maxima mas alta de Espa\u00f1a. Sobre las cuatro de la tarde tuvo que entrar en esa zona terral.<\/strong><\/p>\n<p><strong> Fuente Aemet<\/strong><\/p>\n<p>&nbsp;<\/p>\n<p><a href=\"https:\/\/blogs.diariosur.es\/tormentas-y-rayos\/2014\/05\/12\/terrorifica-impresionante-supercelula-en-video-alora-da-la-maxima-de-espana-con-36-7-grados-seguiremos-con-verano-anticipado-en-andalucia\/captura-330\/\" rel=\"attachment wp-att-8497\"><img loading=\"lazy\" class=\"aligncenter size-full wp-image-8497\" title=\"Captura\" src=\"\/tormentas-y-rayos\/wp-content\/uploads\/sites\/12\/2014\/05\/Captura3.jpg\" alt=\"\" width=\"425\" height=\"179\" \/><\/a><a href=\"https:\/\/blogs.diariosur.es\/tormentas-y-rayos\/2014\/05\/12\/terrorifica-impresionante-supercelula-en-video-alora-da-la-maxima-de-espana-con-36-7-grados-seguiremos-con-verano-anticipado-en-andalucia\/dddd\/\" rel=\"attachment wp-att-8498\"><img loading=\"lazy\" class=\"aligncenter size-medium wp-image-8498\" title=\"dddd\" src=\"\/tormentas-y-rayos\/wp-content\/uploads\/sites\/12\/2014\/05\/dddd.jpg\" alt=\"\" width=\"600\" height=\"187\" srcset=\"https:\/\/static-blogs.diariosur.es\/wp-content\/uploads\/sites\/12\/2014\/05\/dddd.jpg 795w, https:\/\/static-blogs.diariosur.es\/wp-content\/uploads\/sites\/12\/2014\/05\/dddd-640x200.jpg 640w, https:\/\/static-blogs.diariosur.es\/wp-content\/uploads\/sites\/12\/2014\/05\/dddd-768x240.jpg 768w\" sizes=\"(max-width: 600px) 100vw, 600px\" \/><\/a><\/p>\n<p>&nbsp;<\/p>\n<p><strong>Poco mas que contar amigos de la meteo,<span style=\"color: #ff0000;\"> os dejo con este impresionante\u00a0v\u00eddeo\u00a0<\/span>. Fuente: Xanthaar (Youtube). A partir del minuto dos y el final es una pasada. De verdad no tengo palabras.<\/strong><\/p>\n<p>&nbsp;<\/p>\n<p>&nbsp;<\/p>\n<p>&nbsp;<\/p>\n<p>&nbsp;<\/p>\n<p>&nbsp;<\/p>\n<p><iframe loading=\"lazy\" src=\"\/\/www.youtube.com\/embed\/QQBo3w9bTEY\" frameborder=\"0\" width=\"640\" height=\"360\"><\/iframe><\/p>\n<p>&nbsp;<\/p>\n<p>&nbsp;<\/p>\n<p>&nbsp;<\/p>\n<p>&nbsp;<\/p>\n<p>&nbsp;<\/p>\n<p>&nbsp;<\/p>\n<p>&nbsp;<\/p>\n<p>&nbsp;<\/p>\n<p>&nbsp;<\/p>\n<p>&nbsp;<\/p>\n<p>&nbsp;<\/p>\n<p>&nbsp;<\/p>\n<p>&nbsp;<\/p>\n<p>&nbsp;<\/p>\n<p>&nbsp;<\/p>\n","protected":false},"excerpt":{"rendered":"<p>&nbsp; Buenos dias amigos de la meteo. Son las seis de la ma\u00f1ana, registro 20.5 grados y los cielos malague\u00f1os est\u00e1n despejados. Hoy lunes hay posibilidad de brumas y nieblas en la Costa Malague\u00f1a y\u00a0Mediterr\u00e1nea. El dia pasado me pasaron un\u00a0v\u00eddeo\u00a0de una supercelula que se dio el a\u00f1o pasado en Texas. A partir del minuto [&hellip;]<\/p>\n","protected":false},"author":16,"featured_media":8499,"comment_status":"open","ping_status":"open","sticky":false,"template":"","format":"standard","meta":[],"categories":[2],"tags":[78,80,116,375,503,614,624,944,978,1052,1056],"_links":{"self":[{"href":"https:\/\/blogs.diariosur.es\/tormentas-y-rayos\/wp-json\/wp\/v2\/posts\/8489"}],"collection":[{"href":"https:\/\/blogs.diariosur.es\/tormentas-y-rayos\/wp-json\/wp\/v2\/posts"}],"about":[{"href":"https:\/\/blogs.diariosur.es\/tormentas-y-rayos\/wp-json\/wp\/v2\/types\/post"}],"author":[{"embeddable":true,"href":"https:\/\/blogs.diariosur.es\/tormentas-y-rayos\/wp-json\/wp\/v2\/users\/16"}],"replies":[{"embeddable":true,"href":"https:\/\/blogs.diariosur.es\/tormentas-y-rayos\/wp-json\/wp\/v2\/comments?post=8489"}],"version-history":[{"count":0,"href":"https:\/\/blogs.diariosur.es\/tormentas-y-rayos\/wp-json\/wp\/v2\/posts\/8489\/revisions"}],"wp:featuredmedia":[{"embeddable":true,"href":"https:\/\/blogs.diariosur.es\/tormentas-y-rayos\/wp-json\/wp\/v2\/media\/8499"}],"wp:attachment":[{"href":"https:\/\/blogs.diariosur.es\/tormentas-y-rayos\/wp-json\/wp\/v2\/media?parent=8489"}],"wp:term":[{"taxonomy":"category","embeddable":true,"href":"https:\/\/blogs.diariosur.es\/tormentas-y-rayos\/wp-json\/wp\/v2\/categories?post=8489"},{"taxonomy":"post_tag","embeddable":true,"href":"https:\/\/blogs.diariosur.es\/tormentas-y-rayos\/wp-json\/wp\/v2\/tags?post=8489"}],"curies":[{"name":"wp","href":"https:\/\/api.w.org\/{rel}","templated":true}]}}