{"id":8500,"date":"2014-05-13T07:42:45","date_gmt":"2014-05-13T05:42:45","guid":{"rendered":"http:\/\/blogs.diariosur.es\/tormentas-y-rayos\/?p=8500"},"modified":"2014-05-13T07:42:45","modified_gmt":"2014-05-13T05:42:45","slug":"el-fin-del-mundo-nos-fumigan-que-paso-el-lunes-en-el-cielo-malagueno","status":"publish","type":"post","link":"https:\/\/blogs.diariosur.es\/tormentas-y-rayos\/2014\/05\/13\/el-fin-del-mundo-nos-fumigan-que-paso-el-lunes-en-el-cielo-malagueno\/","title":{"rendered":"El fin del mundo, nos fumigan  \u00bfque paso el lunes en el cielo malague\u00f1o?."},"content":{"rendered":"<p><strong>Buenos dias amigos de la meteo. Son las seis de la ma\u00f1ana, registro 20 grados y tenemos brumas por la Costa Mediterr\u00e1nea Andaluza. Las nubes bajas ser\u00e1n protagonistas debido al levante, que pueden traer alguna gota.\u00a0<\/strong><\/p>\n<p><strong>\u00a0No pensaba actualizar el blog hasta ma\u00f1ana, pero desde anoche el\u00a0whatsapp\u00a0 no paraba de sonar y en el correo\u00a0recib\u00eda\u00a0muchos mensajes\u00a0pregunt\u00e1ndome\u00a0que pasaba en el cielo, algunos muy asustados hasta pensaban que eran rastros de cometas, otros que nos estaban fumigando y que\u00a0\u00edbamos\u00a0a tener un fuerte terremoto esta anoche etc etc etc. Tranquilidad en las masas, que simplemente\u00a0son estelas de aviones.<\/strong><\/p>\n<p><strong>Ayer se dieron una serie de factores que contribuyeron a que las estelas de los aviones no se\u00a0deshicieron\u00a0, los principales son: aire frio en altura y humedad sobre los 9000 metros. Si estas estelas\u00a0se\u00a0deshacen\u00a0r\u00e1pidamente\u00a0es\u00a0s\u00edntoma\u00a0de estabilidad . El espacio\u00a0a\u00e9reo\u00a0de M\u00e1laga es muy transitado, por este motivo tambi\u00e9n se vieron mas estelas.<\/strong><\/p>\n<p><strong> Sobre este tema hay muchas conjeturas y la que tiene mas bombo y platillo son los chemtrails. Os paso la definici\u00f3n.<\/strong><\/p>\n<p>Las\u00a0<strong>estelas qu\u00edmicas<\/strong>\u00a0(o\u00a0<em><strong>chemtrails<\/strong><\/em>\u00a0en ingl\u00e9s) son un supuesto fen\u00f3meno que consiste, seg\u00fan los convencidos de su existencia, en que algunas\u00a0<a title=\"Estela de condensaci\u00f3n\" href=\"http:\/\/es.wikipedia.org\/wiki\/Estela_de_condensaci%C3%B3n\" rel=\"external nofollow\">estelas de condensaci\u00f3n<\/a>\u00a0dejadas por\u00a0<a title=\"Avi\u00f3n\" href=\"http:\/\/es.wikipedia.org\/wiki\/Avi%C3%B3n\" rel=\"external nofollow\">aviones<\/a>\u00a0no son tales, sino que en realidad est\u00e1n compuestas por productos\u00a0<a title=\"Qu\u00edmica\" href=\"http:\/\/es.wikipedia.org\/wiki\/Qu%C3%ADmica\" rel=\"external nofollow\">qu\u00edmicos<\/a>.<sup id=\"cite_ref-usatoday_1-0\"><a href=\"http:\/\/es.wikipedia.org\/wiki\/Teor%C3%ADa_de_la_conspiraci%C3%B3n_chemtrail#cite_note-usatoday-1\" rel=\"external nofollow\">1<\/a><\/sup>\u00a0La existencia de dichas estelas qu\u00edmicas ha sido refutada por la comunidad cient\u00edfica, si bien casi todas las hip\u00f3tesis de esta\u00a0<a title=\"Teor\u00eda de conspiraci\u00f3n\" href=\"http:\/\/es.wikipedia.org\/wiki\/Teor%C3%ADa_de_conspiraci%C3%B3n\" rel=\"external nofollow\">teor\u00eda de conspiraci\u00f3n<\/a>coinciden en que su objetivo ser\u00eda causar alg\u00fan tipo de da\u00f1o a la poblaci\u00f3n. Se tratar\u00eda de una pr\u00e1ctica conocida por unos pocos, quedando fuera de este t\u00e9rmino la dispersi\u00f3n de sustancias qu\u00edmicas para fines reconocidos (fumigaci\u00f3n, sembrado de nubes, exhibiciones a\u00e9reas, etc.).<\/p>\n<p><strong>Tranquilidad amigos de la meteo, son simplemente estelas de aviones. Si en pleno agosto veis muchas estelas, es casi seguro que las tormentas\u00a0ser\u00e1n\u00a0las protagonistas en ese dia o al siguiente, ya que tendriamos una bolsa de aire frio en altura ( DANA). Os dejo con unas cuantas fotos de mis amigos y mias de las estelas que se dieron ayer.<\/strong><\/p>\n<p><strong>La primera de mi amigo Jose Campos Reina.<\/strong><\/p>\n<p><img loading=\"lazy\" class=\"aligncenter\" src=\"https:\/\/farm8.staticflickr.com\/7422\/14168952012_8b6199e681_z.jpg\" alt=\"\" width=\"640\" height=\"426\" \/><\/p>\n<p>&nbsp;<\/p>\n<p><strong>Mi amigo Jose Manuel Lopez me mandaba esta otra.<\/strong><\/p>\n<p><a href=\"https:\/\/blogs.diariosur.es\/tormentas-y-rayos\/2014\/05\/13\/el-fin-del-mundo-nos-fumigan-que-paso-el-lunes-en-el-cielo-malagueno\/10367578_622932637776007_8407430984502828354_n\/\" rel=\"attachment wp-att-8501\"><img loading=\"lazy\" class=\"aligncenter size-large wp-image-8501\" title=\"10367578_622932637776007_8407430984502828354_n\" src=\"\/tormentas-y-rayos\/wp-content\/uploads\/sites\/12\/2014\/05\/10367578_622932637776007_8407430984502828354_n.jpg\" alt=\"\" width=\"337\" height=\"600\" srcset=\"https:\/\/static-blogs.diariosur.es\/wp-content\/uploads\/sites\/12\/2014\/05\/10367578_622932637776007_8407430984502828354_n.jpg 540w, https:\/\/static-blogs.diariosur.es\/wp-content\/uploads\/sites\/12\/2014\/05\/10367578_622932637776007_8407430984502828354_n-225x400.jpg 225w\" sizes=\"(max-width: 337px) 100vw, 337px\" \/><\/a><\/p>\n<p>&nbsp;<\/p>\n<p>&nbsp;<\/p>\n<p><strong>Os paso las mias.<\/strong><\/p>\n<p><img loading=\"lazy\" class=\"aligncenter\" src=\"https:\/\/farm8.staticflickr.com\/7443\/13988301557_41c49fd9e2_z.jpg\" alt=\"\" width=\"640\" height=\"427\" \/><\/p>\n<p>&nbsp;<\/p>\n<p><img loading=\"lazy\" class=\"aligncenter\" src=\"https:\/\/farm8.staticflickr.com\/7375\/14174929365_21c012e193_z.jpg\" alt=\"\" width=\"640\" height=\"427\" \/><\/p>\n<p>&nbsp;<\/p>\n<p><img loading=\"lazy\" class=\"aligncenter\" src=\"https:\/\/farm8.staticflickr.com\/7415\/13988275449_139f1d8b99_z.jpg\" alt=\"\" width=\"640\" height=\"427\" \/><\/p>\n<h3><\/h3>\n","protected":false},"excerpt":{"rendered":"<p>Buenos dias amigos de la meteo. Son las seis de la ma\u00f1ana, registro 20 grados y tenemos brumas por la Costa Mediterr\u00e1nea Andaluza. Las nubes bajas ser\u00e1n protagonistas debido al levante, que pueden traer alguna gota.\u00a0 \u00a0No pensaba actualizar el blog hasta ma\u00f1ana, pero desde anoche el\u00a0whatsapp\u00a0 no paraba de sonar y en el correo\u00a0recib\u00eda\u00a0muchos [&hellip;]<\/p>\n","protected":false},"author":16,"featured_media":8503,"comment_status":"open","ping_status":"open","sticky":false,"template":"","format":"standard","meta":[],"categories":[2],"tags":[150,244,386,413],"_links":{"self":[{"href":"https:\/\/blogs.diariosur.es\/tormentas-y-rayos\/wp-json\/wp\/v2\/posts\/8500"}],"collection":[{"href":"https:\/\/blogs.diariosur.es\/tormentas-y-rayos\/wp-json\/wp\/v2\/posts"}],"about":[{"href":"https:\/\/blogs.diariosur.es\/tormentas-y-rayos\/wp-json\/wp\/v2\/types\/post"}],"author":[{"embeddable":true,"href":"https:\/\/blogs.diariosur.es\/tormentas-y-rayos\/wp-json\/wp\/v2\/users\/16"}],"replies":[{"embeddable":true,"href":"https:\/\/blogs.diariosur.es\/tormentas-y-rayos\/wp-json\/wp\/v2\/comments?post=8500"}],"version-history":[{"count":0,"href":"https:\/\/blogs.diariosur.es\/tormentas-y-rayos\/wp-json\/wp\/v2\/posts\/8500\/revisions"}],"wp:featuredmedia":[{"embeddable":true,"href":"https:\/\/blogs.diariosur.es\/tormentas-y-rayos\/wp-json\/wp\/v2\/media\/8503"}],"wp:attachment":[{"href":"https:\/\/blogs.diariosur.es\/tormentas-y-rayos\/wp-json\/wp\/v2\/media?parent=8500"}],"wp:term":[{"taxonomy":"category","embeddable":true,"href":"https:\/\/blogs.diariosur.es\/tormentas-y-rayos\/wp-json\/wp\/v2\/categories?post=8500"},{"taxonomy":"post_tag","embeddable":true,"href":"https:\/\/blogs.diariosur.es\/tormentas-y-rayos\/wp-json\/wp\/v2\/tags?post=8500"}],"curies":[{"name":"wp","href":"https:\/\/api.w.org\/{rel}","templated":true}]}}