{"id":8505,"date":"2014-05-14T07:31:24","date_gmt":"2014-05-14T05:31:24","guid":{"rendered":"http:\/\/blogs.diariosur.es\/tormentas-y-rayos\/?p=8505"},"modified":"2014-05-14T07:31:24","modified_gmt":"2014-05-14T05:31:24","slug":"aviso-naranja-y-amarillo-por-viento-y-olas-en-las-costas-mediterraneas-andaluzas","status":"publish","type":"post","link":"https:\/\/blogs.diariosur.es\/tormentas-y-rayos\/2014\/05\/14\/aviso-naranja-y-amarillo-por-viento-y-olas-en-las-costas-mediterraneas-andaluzas\/","title":{"rendered":"Aviso naranja y amarillo por viento y olas en las Costas Andaluzas."},"content":{"rendered":"<p>&nbsp;<\/p>\n<p><a href=\"https:\/\/blogs.diariosur.es\/tormentas-y-rayos\/2014\/05\/14\/aviso-naranja-y-amarillo-por-viento-y-olas-en-las-costas-mediterraneas-andaluzas\/viento-27\/\" rel=\"attachment wp-att-8508\"><img loading=\"lazy\" class=\"aligncenter size-medium wp-image-8508\" title=\"viento\" src=\"\/tormentas-y-rayos\/wp-content\/uploads\/sites\/12\/2014\/05\/viento.jpg\" alt=\"\" width=\"503\" height=\"400\" srcset=\"https:\/\/static-blogs.diariosur.es\/wp-content\/uploads\/sites\/12\/2014\/05\/viento.jpg 715w, https:\/\/static-blogs.diariosur.es\/wp-content\/uploads\/sites\/12\/2014\/05\/viento-504x400.jpg 504w\" sizes=\"(max-width: 503px) 100vw, 503px\" \/><\/a><\/p>\n<p>&nbsp;<\/p>\n<p><span style=\"color: #0000ff;\"><strong>Buenos dias amigos de la meteo. Son las seis de la ma\u00f1ana, registro 20 grados y los cielos est\u00e1n nubosos debido al levante. Esta pasada madrugada incluso han caido gotillas en la Costa Malague\u00f1a.<\/strong><\/span><\/p>\n<p><span style=\"color: #0000ff;\"><strong>Pues si amigos, este viento sera el protagonista hoy\u00a0mi\u00e9rcoles\u00a0y ma\u00f1ana jueves,\u00a0por este motivo la Aemet activa los avisos naranja y amarillos por viento y\u00a0fen\u00f3menos\u00a0costeros. En la Costa Malague\u00f1a y concretamente la de la Axarqu\u00eda\u00a0estar\u00e1\u00a0en aviso amarillo por olas. Sera la zona del Estrecho y C\u00e1diz donde el aviso sera naranja por fuertes rachas de viento y olas.<\/strong><\/span><\/p>\n<p><span style=\"color: #0000ff;\"><a href=\"https:\/\/blogs.diariosur.es\/tormentas-y-rayos\/2014\/05\/14\/aviso-naranja-y-amarillo-por-viento-y-olas-en-las-costas-mediterraneas-andaluzas\/vvv\/\" rel=\"attachment wp-att-8507\"><span style=\"color: #0000ff;\"><img loading=\"lazy\" class=\"aligncenter size-medium wp-image-8507\" title=\"vvv\" src=\"\/tormentas-y-rayos\/wp-content\/uploads\/sites\/12\/2014\/05\/vvv.jpg\" alt=\"\" width=\"600\" height=\"380\" srcset=\"https:\/\/static-blogs.diariosur.es\/wp-content\/uploads\/sites\/12\/2014\/05\/vvv.jpg 781w, https:\/\/static-blogs.diariosur.es\/wp-content\/uploads\/sites\/12\/2014\/05\/vvv-631x400.jpg 631w, https:\/\/static-blogs.diariosur.es\/wp-content\/uploads\/sites\/12\/2014\/05\/vvv-768x487.jpg 768w\" sizes=\"(max-width: 600px) 100vw, 600px\" \/><\/span><\/a><\/span><\/p>\n<p><span style=\"color: #0000ff;\"><strong>\u00a0Esto sera lo mas llamativo para estos dias, tambi\u00e9n se esperan que suban las m\u00e1ximas por el centro peninsular y el norte.<\/strong><\/span><\/p>\n<p><span style=\"color: #800000;\"><strong>Os hago un peque\u00f1o resumen del martes, donde las protagonistas fueron las nubes bajas de levante que tuvimos todo el dia. En esta imagen del satelite terra se ven perfectamente.<\/strong><\/span><\/p>\n<p><span style=\"color: #800000;\"><a href=\"https:\/\/blogs.diariosur.es\/tormentas-y-rayos\/2014\/05\/14\/aviso-naranja-y-amarillo-por-viento-y-olas-en-las-costas-mediterraneas-andaluzas\/nnn-2\/\" rel=\"attachment wp-att-8509\"><span style=\"color: #800000;\"><img loading=\"lazy\" class=\"aligncenter size-large wp-image-8509\" title=\"nnn\" src=\"\/tormentas-y-rayos\/wp-content\/uploads\/sites\/12\/2014\/05\/nnn.jpg\" alt=\"\" width=\"650\" height=\"600\" srcset=\"https:\/\/static-blogs.diariosur.es\/wp-content\/uploads\/sites\/12\/2014\/05\/nnn.jpg 725w, https:\/\/static-blogs.diariosur.es\/wp-content\/uploads\/sites\/12\/2014\/05\/nnn-433x400.jpg 433w\" sizes=\"(max-width: 650px) 100vw, 650px\" \/><\/span><\/a><\/span><\/p>\n<p><span style=\"color: #800000;\"><strong>Otro dato a destacar fue la humedad tal alta que tuvimos, esto contribuyo a que la sensaci\u00f3n\u00a0t\u00e9rmica\u00a0fuese de mas calor. La maxima se dio en el Aeropuerto con 23.3 grados, la humedad en la\u00a0estaci\u00f3n\u00a0que la aemet tiene en el Puerto, Teatinos y Aeropuerto fue del 80%.<\/strong><\/span><\/p>\n<p><span style=\"color: #800000;\"><strong>Las\u00a0m\u00e1ximas\u00a0mas altas se dieron por el Valle del Guadalquivir e interior.<\/strong><\/span><\/p>\n<p>&nbsp;<\/p>\n<p><span style=\"color: #800000;\"><a href=\"https:\/\/blogs.diariosur.es\/tormentas-y-rayos\/2014\/05\/14\/aviso-naranja-y-amarillo-por-viento-y-olas-en-las-costas-mediterraneas-andaluzas\/ttttt\/\" rel=\"attachment wp-att-8511\"><span style=\"color: #800000;\"><img loading=\"lazy\" class=\"aligncenter size-medium wp-image-8511\" title=\"ttttt\" src=\"\/tormentas-y-rayos\/wp-content\/uploads\/sites\/12\/2014\/05\/ttttt.jpg\" alt=\"\" width=\"600\" height=\"173\" srcset=\"https:\/\/static-blogs.diariosur.es\/wp-content\/uploads\/sites\/12\/2014\/05\/ttttt.jpg 793w, https:\/\/static-blogs.diariosur.es\/wp-content\/uploads\/sites\/12\/2014\/05\/ttttt-640x185.jpg 640w, https:\/\/static-blogs.diariosur.es\/wp-content\/uploads\/sites\/12\/2014\/05\/ttttt-768x222.jpg 768w\" sizes=\"(max-width: 600px) 100vw, 600px\" \/><\/span><\/a><a href=\"https:\/\/blogs.diariosur.es\/tormentas-y-rayos\/2014\/05\/14\/aviso-naranja-y-amarillo-por-viento-y-olas-en-las-costas-mediterraneas-andaluzas\/maximasssss\/\" rel=\"attachment wp-att-8512\"><span style=\"color: #800000;\"><img loading=\"lazy\" class=\"aligncenter size-medium wp-image-8512\" title=\"maximasssss\" src=\"\/tormentas-y-rayos\/wp-content\/uploads\/sites\/12\/2014\/05\/maximasssss.jpg\" alt=\"\" width=\"600\" height=\"339\" srcset=\"https:\/\/static-blogs.diariosur.es\/wp-content\/uploads\/sites\/12\/2014\/05\/maximasssss.jpg 725w, https:\/\/static-blogs.diariosur.es\/wp-content\/uploads\/sites\/12\/2014\/05\/maximasssss-640x362.jpg 640w\" sizes=\"(max-width: 600px) 100vw, 600px\" \/><\/span><\/a><\/span><\/p>\n<p>&nbsp;<\/p>\n<p><span style=\"color: #ff0000;\"><strong>Vamos a otro tema que ha levantado tanta\u00a0pol\u00e9mica\u00a0en mi blog, cuando ayer lo actualice para explicar las estelas que se veian en el cielo. Os paso el enlace <span style=\"color: #ff0000;\"><a href=\"https:\/\/blogs.diariosur.es\/tormentas-y-rayos\/2014\/05\/13\/el-fin-del-mundo-nos-fumigan-que-paso-el-lunes-en-el-cielo-malagueno\/\">EL FIN DEL MUNDO. NOS FUMIGAN. \u00bf QUE PASO EL LUNES EN LOS CIELOS MALAGUE\u00d1OS?<\/a>\u00a0<\/span><\/strong><\/span><\/p>\n<p><span style=\"color: #ff0000;\"><strong><span style=\"color: #ff0000;\">Fot\u00f3n de mi amigo Sol Santana.<\/span><\/strong><\/span><\/p>\n<p><a href=\"https:\/\/blogs.diariosur.es\/tormentas-y-rayos\/2014\/05\/14\/aviso-naranja-y-amarillo-por-viento-y-olas-en-las-costas-mediterraneas-andaluzas\/10373140_709544882437840_3685629301011163361_o\/\" rel=\"attachment wp-att-8513\"><img loading=\"lazy\" class=\"aligncenter size-full wp-image-8513\" title=\"10373140_709544882437840_3685629301011163361_o\" src=\"\/tormentas-y-rayos\/wp-content\/uploads\/sites\/12\/2014\/05\/10373140_709544882437840_3685629301011163361_o.jpg\" alt=\"\" width=\"640\" height=\"480\" srcset=\"https:\/\/static-blogs.diariosur.es\/wp-content\/uploads\/sites\/12\/2014\/05\/10373140_709544882437840_3685629301011163361_o.jpg 640w, https:\/\/static-blogs.diariosur.es\/wp-content\/uploads\/sites\/12\/2014\/05\/10373140_709544882437840_3685629301011163361_o-533x400.jpg 533w\" sizes=\"(max-width: 640px) 100vw, 640px\" \/><\/a><\/p>\n<p><span style=\"color: #ff0000;\"><strong>Lo primero gracias por las 3200 visitas que tuvo ayer el blog, \u00a0y lo segundo \u00a0que como se que por mucho que os explique\u00a0seguir\u00e9is\u00a0pensando que nos\u00a0est\u00e1n\u00a0fumigando, pues prefiero pasar del tema. Y otra cosa Jon, en este blog no enga\u00f1o a nadie y ni me pagan un duro.\u00a0<\/strong><\/span><\/p>\n<p><strong>El viernes\u00a0dar\u00e9\u00a0la previsi\u00f3n del fin de semana, tenemos que estar atentos a esta peque\u00f1a bolsa de aire frio. Fuente Gfs Meteociel.<\/strong><\/p>\n<p><a href=\"https:\/\/blogs.diariosur.es\/tormentas-y-rayos\/2014\/05\/14\/aviso-naranja-y-amarillo-por-viento-y-olas-en-las-costas-mediterraneas-andaluzas\/captura-333\/\" rel=\"attachment wp-att-8514\"><img loading=\"lazy\" class=\"aligncenter size-medium wp-image-8514\" title=\"Captura\" src=\"\/tormentas-y-rayos\/wp-content\/uploads\/sites\/12\/2014\/05\/Captura6.jpg\" alt=\"\" width=\"504\" height=\"400\" srcset=\"https:\/\/static-blogs.diariosur.es\/wp-content\/uploads\/sites\/12\/2014\/05\/Captura6.jpg 685w, https:\/\/static-blogs.diariosur.es\/wp-content\/uploads\/sites\/12\/2014\/05\/Captura6-505x400.jpg 505w\" sizes=\"(max-width: 504px) 100vw, 504px\" \/><\/a><\/p>\n<p>&nbsp;<\/p>\n<p><strong>El viernes se ira acercando al oeste de la\u00a0pen\u00ednsula\u00a0y tomara direcci\u00f3n hacia el Golfo de C\u00e1diz. Aun no esta muy claro que pasara el\u00a0s\u00e1bado.<\/strong><\/p>\n<p><strong>Os dejo cuando son las siete y veinte con el cielo de M\u00e1laga Capital, como\u00a0pod\u00e9is\u00a0comprobar las nubes son las protagonistas gracias a la humedad del levante y no<span style=\"color: #ff0000;\">\u00a0a\u00a0\u00a0los Chemtrails.<\/span><\/strong><\/p>\n<p>&nbsp;<\/p>\n<p><a href=\"https:\/\/blogs.diariosur.es\/tormentas-y-rayos\/2014\/05\/14\/aviso-naranja-y-amarillo-por-viento-y-olas-en-las-costas-mediterraneas-andaluzas\/001_1-5\/\" rel=\"attachment wp-att-8516\"><img loading=\"lazy\" class=\"aligncenter size-full wp-image-8516\" title=\"001_1\" src=\"\/tormentas-y-rayos\/wp-content\/uploads\/sites\/12\/2014\/05\/001_1.jpg\" alt=\"\" width=\"650\" height=\"434\" srcset=\"https:\/\/static-blogs.diariosur.es\/wp-content\/uploads\/sites\/12\/2014\/05\/001_1.jpg 650w, https:\/\/static-blogs.diariosur.es\/wp-content\/uploads\/sites\/12\/2014\/05\/001_1-599x400.jpg 599w\" sizes=\"(max-width: 650px) 100vw, 650px\" \/><\/a><\/p>\n<p>&nbsp;<\/p>\n<p>&nbsp;<\/p>\n","protected":false},"excerpt":{"rendered":"<p>&nbsp; &nbsp; Buenos dias amigos de la meteo. Son las seis de la ma\u00f1ana, registro 20 grados y los cielos est\u00e1n nubosos debido al levante. Esta pasada madrugada incluso han caido gotillas en la Costa Malague\u00f1a. Pues si amigos, este viento sera el protagonista hoy\u00a0mi\u00e9rcoles\u00a0y ma\u00f1ana jueves,\u00a0por este motivo la Aemet activa los avisos naranja [&hellip;]<\/p>\n","protected":false},"author":16,"featured_media":8506,"comment_status":"open","ping_status":"open","sticky":false,"template":"","format":"standard","meta":[],"categories":[2],"tags":[63,91,151,555,676,736,1059],"_links":{"self":[{"href":"https:\/\/blogs.diariosur.es\/tormentas-y-rayos\/wp-json\/wp\/v2\/posts\/8505"}],"collection":[{"href":"https:\/\/blogs.diariosur.es\/tormentas-y-rayos\/wp-json\/wp\/v2\/posts"}],"about":[{"href":"https:\/\/blogs.diariosur.es\/tormentas-y-rayos\/wp-json\/wp\/v2\/types\/post"}],"author":[{"embeddable":true,"href":"https:\/\/blogs.diariosur.es\/tormentas-y-rayos\/wp-json\/wp\/v2\/users\/16"}],"replies":[{"embeddable":true,"href":"https:\/\/blogs.diariosur.es\/tormentas-y-rayos\/wp-json\/wp\/v2\/comments?post=8505"}],"version-history":[{"count":0,"href":"https:\/\/blogs.diariosur.es\/tormentas-y-rayos\/wp-json\/wp\/v2\/posts\/8505\/revisions"}],"wp:featuredmedia":[{"embeddable":true,"href":"https:\/\/blogs.diariosur.es\/tormentas-y-rayos\/wp-json\/wp\/v2\/media\/8506"}],"wp:attachment":[{"href":"https:\/\/blogs.diariosur.es\/tormentas-y-rayos\/wp-json\/wp\/v2\/media?parent=8505"}],"wp:term":[{"taxonomy":"category","embeddable":true,"href":"https:\/\/blogs.diariosur.es\/tormentas-y-rayos\/wp-json\/wp\/v2\/categories?post=8505"},{"taxonomy":"post_tag","embeddable":true,"href":"https:\/\/blogs.diariosur.es\/tormentas-y-rayos\/wp-json\/wp\/v2\/tags?post=8505"}],"curies":[{"name":"wp","href":"https:\/\/api.w.org\/{rel}","templated":true}]}}