{"id":8532,"date":"2014-05-19T07:24:17","date_gmt":"2014-05-19T05:24:17","guid":{"rendered":"http:\/\/blogs.diariosur.es\/tormentas-y-rayos\/?p=8532"},"modified":"2014-05-19T07:24:17","modified_gmt":"2014-05-19T05:24:17","slug":"una-borrasca-fria-aislada-traera-una-bajada-de-temperaturas-lluviastormentas-y-viento-fuerte-a-buena-parte-de-la-peninsula","status":"publish","type":"post","link":"https:\/\/blogs.diariosur.es\/tormentas-y-rayos\/2014\/05\/19\/una-borrasca-fria-aislada-traera-una-bajada-de-temperaturas-lluviastormentas-y-viento-fuerte-a-buena-parte-de-la-peninsula\/","title":{"rendered":"Una borrasca fr\u00eda aislada traer\u00e1 una bajada de temperaturas, lluvias,tormentas y viento fuerte a buena parte de la pen\u00ednsula."},"content":{"rendered":"<p><span style=\"color: #0000ff;\"><strong>Buenos d\u00edas amigos de la meteo, son las seis de la ma\u00f1ana, registro 17.7 grados y los cielos andaluces est\u00e1n algo nubosos. A partir de hoy lunes se espera un cambio radical del tiempo, esto se deber\u00e1 a una potente vaguada que desde Groenlandia toma camino hacia el noroeste peninsular.\u00a0 Se formara una borrasca fr\u00eda aislada que traer\u00e1 una importante bajada de temperaturas, lluvias, tormentas y fuerte viento. Pero vamos por partes, os paso esta imagen de masas de aire que guarde ayer domingo, donde pod\u00e9is ver perfectamente de lo que os hablo. La segunda imagen es de hace pocos minutos, fuente eumetsat,meteogalicia.<\/strong><\/span><\/p>\n<p><a href=\"https:\/\/blogs.diariosur.es\/tormentas-y-rayos\/2014\/05\/19\/una-borrasca-fria-aislada-traera-una-bajada-de-temperaturas-lluviastormentas-y-viento-fuerte-a-buena-parte-de-la-peninsula\/201405181900_s91g\/\" rel=\"attachment wp-att-8542\"><img loading=\"lazy\" class=\"aligncenter size-full wp-image-8542\" title=\"201405181900_s91g\" src=\"\/tormentas-y-rayos\/wp-content\/uploads\/sites\/12\/2014\/05\/201405181900_s91g.jpg\" alt=\"\" width=\"550\" height=\"488\" srcset=\"https:\/\/static-blogs.diariosur.es\/wp-content\/uploads\/sites\/12\/2014\/05\/201405181900_s91g.jpg 550w, https:\/\/static-blogs.diariosur.es\/wp-content\/uploads\/sites\/12\/2014\/05\/201405181900_s91g-451x400.jpg 451w\" sizes=\"(max-width: 550px) 100vw, 550px\" \/><\/a><\/p>\n<p>&nbsp;<\/p>\n<p>&nbsp;<\/p>\n<p><a href=\"https:\/\/blogs.diariosur.es\/tormentas-y-rayos\/2014\/05\/19\/una-borrasca-fria-aislada-traera-una-bajada-de-temperaturas-lluviastormentas-y-viento-fuerte-a-buena-parte-de-la-peninsula\/webexterna_ir87_05-00-3\/\" rel=\"attachment wp-att-8546\"><img loading=\"lazy\" class=\"aligncenter size-medium wp-image-8546\" title=\"webexterna_IR87_[05-00]\" src=\"\/tormentas-y-rayos\/wp-content\/uploads\/sites\/12\/2014\/05\/webexterna_IR87_05-00.jpg\" alt=\"\" width=\"579\" height=\"400\" srcset=\"https:\/\/static-blogs.diariosur.es\/wp-content\/uploads\/sites\/12\/2014\/05\/webexterna_IR87_05-00.jpg 750w, https:\/\/static-blogs.diariosur.es\/wp-content\/uploads\/sites\/12\/2014\/05\/webexterna_IR87_05-00-579x400.jpg 579w\" sizes=\"(max-width: 579px) 100vw, 579px\" \/><\/a><\/p>\n<p><span style=\"color: #0000ff;\"><strong>En estos momentos se pueden ver los primeros chubascos llegando al noroeste de Galicia.<\/strong><\/span><\/p>\n<p><a href=\"https:\/\/blogs.diariosur.es\/tormentas-y-rayos\/2014\/05\/19\/una-borrasca-fria-aislada-traera-una-bajada-de-temperaturas-lluviastormentas-y-viento-fuerte-a-buena-parte-de-la-peninsula\/201405190420_r8co\/\" rel=\"attachment wp-att-8544\"><img loading=\"lazy\" class=\"aligncenter size-full wp-image-8544\" title=\"201405190420_r8co\" src=\"\/tormentas-y-rayos\/wp-content\/uploads\/sites\/12\/2014\/05\/201405190420_r8co.gif\" alt=\"\" width=\"480\" height=\"530\" \/><\/a><\/p>\n<p>&nbsp;<\/p>\n<p><span style=\"color: #0000ff;\"><strong>Esta borrasca se quedara casi estacionaria al norte de Galicia, pero ma\u00f1ana martes a ultima hora de la tarde y en la madrugada del\u00a0mi\u00e9rcoles\u00a0 se formara una baja secundaria frente a las costas portuguesas y gallegas, esta baja traer\u00e1 un\u00a0frente que si podr\u00e1 afectar con lluvias a algunas zonas de Andaluc\u00eda. Os paso el mapa previsto. Fuente meteociel gfs y hirlam aemet.<\/strong><\/span><\/p>\n<p><a href=\"https:\/\/blogs.diariosur.es\/tormentas-y-rayos\/2014\/05\/19\/una-borrasca-fria-aislada-traera-una-bajada-de-temperaturas-lluviastormentas-y-viento-fuerte-a-buena-parte-de-la-peninsula\/63-515sp-2\/\" rel=\"attachment wp-att-8543\"><img loading=\"lazy\" class=\"aligncenter size-large wp-image-8543\" title=\"63-515SP\" src=\"\/tormentas-y-rayos\/wp-content\/uploads\/sites\/12\/2014\/05\/63-515SP.gif\" alt=\"\" width=\"600\" height=\"600\" \/><\/a><\/p>\n<p>&nbsp;<\/p>\n<p><a href=\"https:\/\/blogs.diariosur.es\/tormentas-y-rayos\/2014\/05\/19\/una-borrasca-fria-aislada-traera-una-bajada-de-temperaturas-lluviastormentas-y-viento-fuerte-a-buena-parte-de-la-peninsula\/captura-337\/\" rel=\"attachment wp-att-8545\"><img loading=\"lazy\" class=\"aligncenter size-medium wp-image-8545\" title=\"Captura\" src=\"\/tormentas-y-rayos\/wp-content\/uploads\/sites\/12\/2014\/05\/Captura10.jpg\" alt=\"\" width=\"537\" height=\"400\" srcset=\"https:\/\/static-blogs.diariosur.es\/wp-content\/uploads\/sites\/12\/2014\/05\/Captura10.jpg 756w, https:\/\/static-blogs.diariosur.es\/wp-content\/uploads\/sites\/12\/2014\/05\/Captura10-537x400.jpg 537w\" sizes=\"(max-width: 537px) 100vw, 537px\" \/><\/a><\/p>\n<p>&nbsp;<\/p>\n<p><span style=\"color: #0000ff;\"><strong>Donde mas notaran la bajada de temperaturas sera en el norte y noroeste peninsular, incluso la nieve puede aparecer en los sistemas monta\u00f1osos a partir de 1400 metros. <\/strong><\/span><\/p>\n<p><strong><span style=\"color: #ff0000;\">En\u00a0Andaluc\u00eda\u00a0sera en el Valle del\u00a0Guadalquivir e\u00a0interior\u00a0de\u00a0Andaluc\u00eda\u00a0donde las\u00a0m\u00e1ximas\u00a0a partir del martes y sobre todo el\u00a0mi\u00e9rcoles\u00a0no creo que sobrepasen los 22 grados, acordaros que desde hace\u00a0muchos dias se sobrepasaban los 30<\/span><span style=\"color: #ff00ff;\">. En M\u00e1laga Capital no\u00a0tengo aun muy claro si bajaran las\u00a0m\u00e1ximas, o por el contrario debido al viento de terral \u00a0puedan subir un poco.<\/span><span style=\"color: #ff0000;\"> Los chubascos\u00a0aparecer\u00e1n<\/span><span style=\"color: #ff0000;\">\u00a0ma\u00f1ana por la tarde en\u00a0el extremo mas occidental de Andaluc\u00eda, durante la madrugada del\u00a0mi\u00e9rcoles\u00a0\u00a0estos chubascos se pueden intensificar y llegar a la provincia malague\u00f1a.<\/span><\/strong><\/p>\n<p><span style=\"color: #0000ff;\"><strong> Ma\u00f1ana martes\u00a0abrir\u00e9\u00a0de nuevo un nuevo post, y veremos mas claro como\u00a0afectara esta borrasca a nuestra regi\u00f3n.\u00a0<\/strong><\/span><\/p>\n<p><strong>Os hago un resumen del s\u00e1bado y el domingo.<\/strong><\/p>\n<p><strong>El s\u00e1bado se cumplieron \u00a0los pron\u00f3sticos y la peque\u00f1a bolsa de aire fr\u00edo trajo consigo muchas nubes al litoral mediterr\u00e1neo, incluso en la costa de Marbella y Estepona se produjeron tormentas, que dejaron unos cuatro litros. En la capital malague\u00f1a cayeron dos gotas y medias jijiji.<\/strong><\/p>\n<p><strong>Lo mas bonito fue el amanecer como pod\u00e9is comprobar en la foto. La mar de fondo era la protagonista, esto se debi\u00f3 al levante. Era gracioso verme con traje y corbata a las siete de la ma\u00f1ana jijiji.<\/strong><\/p>\n<p><img loading=\"lazy\" class=\"aligncenter\" src=\"https:\/\/farm6.staticflickr.com\/5499\/14187397836_0ff636df93_z.jpg\" alt=\"\" width=\"640\" height=\"428\" \/><\/p>\n<p>&nbsp;<\/p>\n<p>&nbsp;<\/p>\n<p><strong>\u00a0<\/strong><\/p>\n<p><strong>Cuando llegaba al curro pude fotografiar estos altocumulus castellanus, este tipo de nubes anuncian inestabilidad y posibles tormentas como as\u00ed sucedi\u00f3.<\/strong><\/p>\n<p><a href=\"https:\/\/blogs.diariosur.es\/tormentas-y-rayos\/2014\/05\/19\/una-borrasca-fria-aislada-traera-una-bajada-de-temperaturas-lluviastormentas-y-viento-fuerte-a-buena-parte-de-la-peninsula\/10353427_10202728364909199_7714750330341439403_o\/\" rel=\"attachment wp-att-8533\"><img loading=\"lazy\" class=\"aligncenter size-full wp-image-8533\" title=\"10353427_10202728364909199_7714750330341439403_o\" src=\"\/tormentas-y-rayos\/wp-content\/uploads\/sites\/12\/2014\/05\/10353427_10202728364909199_7714750330341439403_o.jpg\" alt=\"\" width=\"640\" height=\"478\" srcset=\"https:\/\/static-blogs.diariosur.es\/wp-content\/uploads\/sites\/12\/2014\/05\/10353427_10202728364909199_7714750330341439403_o.jpg 640w, https:\/\/static-blogs.diariosur.es\/wp-content\/uploads\/sites\/12\/2014\/05\/10353427_10202728364909199_7714750330341439403_o-536x400.jpg 536w\" sizes=\"(max-width: 640px) 100vw, 640px\" \/><\/a><\/p>\n<p><strong>Al mediod\u00eda mi amigo Daniel Kema me mandaba esta foto, era la parte delantera de la tormenta que afectaba a Marbella, incluso se puede distinguir cizalladura. <\/strong><\/p>\n<p><a href=\"https:\/\/blogs.diariosur.es\/tormentas-y-rayos\/2014\/05\/19\/una-borrasca-fria-aislada-traera-una-bajada-de-temperaturas-lluviastormentas-y-viento-fuerte-a-buena-parte-de-la-peninsula\/10385974_10202339034573451_1615007550_o\/\" rel=\"attachment wp-att-8534\"><img loading=\"lazy\" class=\"aligncenter size-full wp-image-8534\" title=\"10385974_10202339034573451_1615007550_o\" src=\"\/tormentas-y-rayos\/wp-content\/uploads\/sites\/12\/2014\/05\/10385974_10202339034573451_1615007550_o.jpg\" alt=\"\" width=\"640\" height=\"480\" srcset=\"https:\/\/static-blogs.diariosur.es\/wp-content\/uploads\/sites\/12\/2014\/05\/10385974_10202339034573451_1615007550_o.jpg 640w, https:\/\/static-blogs.diariosur.es\/wp-content\/uploads\/sites\/12\/2014\/05\/10385974_10202339034573451_1615007550_o-533x400.jpg 533w\" sizes=\"(max-width: 640px) 100vw, 640px\" \/><\/a><\/p>\n<p><strong>Poco mas que contar del\u00a0s\u00e1bado, os dejo los datos mas destacados, fuente aemet.<\/strong><\/p>\n<p><a href=\"https:\/\/blogs.diariosur.es\/tormentas-y-rayos\/2014\/05\/19\/una-borrasca-fria-aislada-traera-una-bajada-de-temperaturas-lluviastormentas-y-viento-fuerte-a-buena-parte-de-la-peninsula\/captura-335\/\" rel=\"attachment wp-att-8535\"><img loading=\"lazy\" class=\"aligncenter size-medium wp-image-8535\" title=\"Captura\" src=\"\/tormentas-y-rayos\/wp-content\/uploads\/sites\/12\/2014\/05\/Captura8.jpg\" alt=\"\" width=\"512\" height=\"400\" srcset=\"https:\/\/static-blogs.diariosur.es\/wp-content\/uploads\/sites\/12\/2014\/05\/Captura8.jpg 796w, https:\/\/static-blogs.diariosur.es\/wp-content\/uploads\/sites\/12\/2014\/05\/Captura8-513x400.jpg 513w, https:\/\/static-blogs.diariosur.es\/wp-content\/uploads\/sites\/12\/2014\/05\/Captura8-768x599.jpg 768w\" sizes=\"(max-width: 512px) 100vw, 512px\" \/><\/a><\/p>\n<p>&nbsp;<\/p>\n<p><strong>El domingo segu\u00eda la mar de fondo, pero con olas m\u00e1s peque\u00f1as. All\u00ed me encontr\u00e9 con mi amigo Joaqu\u00edn, pudimos disfrutar de un bonito amanecer.<\/strong><\/p>\n<p><strong>\u00a0Os paso unas cuantas fotos.<\/strong><\/p>\n<p><img loading=\"lazy\" class=\"aligncenter\" src=\"https:\/\/farm3.staticflickr.com\/2897\/14210892664_170070226e_z.jpg\" alt=\"\" width=\"640\" height=\"428\" \/><\/p>\n<p>&nbsp;<\/p>\n<p><img loading=\"lazy\" class=\"aligncenter\" src=\"https:\/\/farm3.staticflickr.com\/2935\/14024461887_03636a15ba_z.jpg\" alt=\"\" width=\"640\" height=\"428\" \/><\/p>\n<p>&nbsp;<\/p>\n<p><img loading=\"lazy\" class=\"aligncenter\" src=\"https:\/\/farm3.staticflickr.com\/2927\/14208606572_48a65a6898_z.jpg\" alt=\"\" width=\"640\" height=\"428\" \/><\/p>\n<p>&nbsp;<\/p>\n<p><strong>Sobre las once de la ma\u00f1ana llegue a Torre de Benagalb\u00f3n, la mar de fondo apenas afectaba. Pero me comentaron que el viernes subi\u00f3 mucho el oleaje. Las sombrillas que os pongo se vieron afectadas.<\/strong><\/p>\n<p>&nbsp;<\/p>\n<p>&nbsp;<\/p>\n<p><a href=\"https:\/\/blogs.diariosur.es\/tormentas-y-rayos\/2014\/05\/19\/una-borrasca-fria-aislada-traera-una-bajada-de-temperaturas-lluviastormentas-y-viento-fuerte-a-buena-parte-de-la-peninsula\/attachment\/094\/\" rel=\"attachment wp-att-8536\"><img loading=\"lazy\" class=\"aligncenter size-full wp-image-8536\" title=\"094\" src=\"\/tormentas-y-rayos\/wp-content\/uploads\/sites\/12\/2014\/05\/094.jpg\" alt=\"\" width=\"640\" height=\"427\" srcset=\"https:\/\/static-blogs.diariosur.es\/wp-content\/uploads\/sites\/12\/2014\/05\/094.jpg 640w, https:\/\/static-blogs.diariosur.es\/wp-content\/uploads\/sites\/12\/2014\/05\/094-600x400.jpg 600w\" sizes=\"(max-width: 640px) 100vw, 640px\" \/><\/a><\/p>\n<p>&nbsp;<\/p>\n<p><strong>\u00a0<img loading=\"lazy\" class=\"aligncenter\" src=\"https:\/\/farm6.staticflickr.com\/5477\/14028782657_2e80ce2ba8_z.jpg\" alt=\"\" width=\"640\" height=\"447\" \/><\/strong><\/p>\n<p><strong>Mientras que la gente iba llegando a la playa, mi amigo Mario preparaba la candela para los espetos. A partir de la una de la tarde llegaban algunas nubes tipo alto.<\/strong><\/p>\n<p><a href=\"https:\/\/blogs.diariosur.es\/tormentas-y-rayos\/2014\/05\/19\/una-borrasca-fria-aislada-traera-una-bajada-de-temperaturas-lluviastormentas-y-viento-fuerte-a-buena-parte-de-la-peninsula\/attachment\/106\/\" rel=\"attachment wp-att-8537\"><img loading=\"lazy\" class=\"aligncenter size-full wp-image-8537\" title=\"106\" src=\"\/tormentas-y-rayos\/wp-content\/uploads\/sites\/12\/2014\/05\/106.jpg\" alt=\"\" width=\"640\" height=\"581\" srcset=\"https:\/\/static-blogs.diariosur.es\/wp-content\/uploads\/sites\/12\/2014\/05\/106.jpg 640w, https:\/\/static-blogs.diariosur.es\/wp-content\/uploads\/sites\/12\/2014\/05\/106-441x400.jpg 441w\" sizes=\"(max-width: 640px) 100vw, 640px\" \/><\/a><\/p>\n<p>&nbsp;<\/p>\n<p><a href=\"https:\/\/blogs.diariosur.es\/tormentas-y-rayos\/2014\/05\/19\/una-borrasca-fria-aislada-traera-una-bajada-de-temperaturas-lluviastormentas-y-viento-fuerte-a-buena-parte-de-la-peninsula\/166-2\/\" rel=\"attachment wp-att-8540\"><img loading=\"lazy\" class=\"aligncenter size-full wp-image-8540\" title=\"166\" src=\"\/tormentas-y-rayos\/wp-content\/uploads\/sites\/12\/2014\/05\/1661.jpg\" alt=\"\" width=\"640\" height=\"427\" srcset=\"https:\/\/static-blogs.diariosur.es\/wp-content\/uploads\/sites\/12\/2014\/05\/1661.jpg 640w, https:\/\/static-blogs.diariosur.es\/wp-content\/uploads\/sites\/12\/2014\/05\/1661-600x400.jpg 600w\" sizes=\"(max-width: 640px) 100vw, 640px\" \/><\/a><\/p>\n<p>&nbsp;<\/p>\n<p><strong>Poco mas que contar amigos, os paso los datos mas destacados del domingo en\u00a0Andaluc\u00eda. Ma\u00f1ana de nuevo actualizare el blog, un abrazo a todos.<\/strong><\/p>\n<p><a href=\"https:\/\/blogs.diariosur.es\/tormentas-y-rayos\/2014\/05\/19\/una-borrasca-fria-aislada-traera-una-bajada-de-temperaturas-lluviastormentas-y-viento-fuerte-a-buena-parte-de-la-peninsula\/captura-336\/\" rel=\"attachment wp-att-8541\"><img loading=\"lazy\" class=\"aligncenter size-medium wp-image-8541\" title=\"Captura\" src=\"\/tormentas-y-rayos\/wp-content\/uploads\/sites\/12\/2014\/05\/Captura9.jpg\" alt=\"\" width=\"489\" height=\"400\" srcset=\"https:\/\/static-blogs.diariosur.es\/wp-content\/uploads\/sites\/12\/2014\/05\/Captura9.jpg 795w, https:\/\/static-blogs.diariosur.es\/wp-content\/uploads\/sites\/12\/2014\/05\/Captura9-489x400.jpg 489w, https:\/\/static-blogs.diariosur.es\/wp-content\/uploads\/sites\/12\/2014\/05\/Captura9-768x628.jpg 768w\" sizes=\"(max-width: 489px) 100vw, 489px\" \/><\/a><\/p>\n<p>&nbsp;<\/p>\n","protected":false},"excerpt":{"rendered":"<p>Buenos d\u00edas amigos de la meteo, son las seis de la ma\u00f1ana, registro 17.7 grados y los cielos andaluces est\u00e1n algo nubosos. A partir de hoy lunes se espera un cambio radical del tiempo, esto se deber\u00e1 a una potente vaguada que desde Groenlandia toma camino hacia el noroeste peninsular.\u00a0 Se formara una borrasca fr\u00eda [&hellip;]<\/p>\n","protected":false},"author":16,"featured_media":8546,"comment_status":"open","ping_status":"open","sticky":false,"template":"","format":"standard","meta":[],"categories":[2],"tags":[56,160,188,431,568,769,962,996,1059],"_links":{"self":[{"href":"https:\/\/blogs.diariosur.es\/tormentas-y-rayos\/wp-json\/wp\/v2\/posts\/8532"}],"collection":[{"href":"https:\/\/blogs.diariosur.es\/tormentas-y-rayos\/wp-json\/wp\/v2\/posts"}],"about":[{"href":"https:\/\/blogs.diariosur.es\/tormentas-y-rayos\/wp-json\/wp\/v2\/types\/post"}],"author":[{"embeddable":true,"href":"https:\/\/blogs.diariosur.es\/tormentas-y-rayos\/wp-json\/wp\/v2\/users\/16"}],"replies":[{"embeddable":true,"href":"https:\/\/blogs.diariosur.es\/tormentas-y-rayos\/wp-json\/wp\/v2\/comments?post=8532"}],"version-history":[{"count":0,"href":"https:\/\/blogs.diariosur.es\/tormentas-y-rayos\/wp-json\/wp\/v2\/posts\/8532\/revisions"}],"wp:featuredmedia":[{"embeddable":true,"href":"https:\/\/blogs.diariosur.es\/tormentas-y-rayos\/wp-json\/wp\/v2\/media\/8546"}],"wp:attachment":[{"href":"https:\/\/blogs.diariosur.es\/tormentas-y-rayos\/wp-json\/wp\/v2\/media?parent=8532"}],"wp:term":[{"taxonomy":"category","embeddable":true,"href":"https:\/\/blogs.diariosur.es\/tormentas-y-rayos\/wp-json\/wp\/v2\/categories?post=8532"},{"taxonomy":"post_tag","embeddable":true,"href":"https:\/\/blogs.diariosur.es\/tormentas-y-rayos\/wp-json\/wp\/v2\/tags?post=8532"}],"curies":[{"name":"wp","href":"https:\/\/api.w.org\/{rel}","templated":true}]}}