{"id":8548,"date":"2014-05-20T07:40:43","date_gmt":"2014-05-20T05:40:43","guid":{"rendered":"http:\/\/blogs.diariosur.es\/tormentas-y-rayos\/?p=8548"},"modified":"2014-05-20T07:40:43","modified_gmt":"2014-05-20T05:40:43","slug":"borrasca-fria-zeynep-el-frente-frio-afectara-a-andalucia-occidental-a-partir-de-estar-tarde-impresionante-amanecer-en-malaga","status":"publish","type":"post","link":"https:\/\/blogs.diariosur.es\/tormentas-y-rayos\/2014\/05\/20\/borrasca-fria-zeynep-el-frente-frio-afectara-a-andalucia-occidental-a-partir-de-estar-tarde-impresionante-amanecer-en-malaga\/","title":{"rendered":"Borrasca fr\u00eda  Zeynep. El frente fr\u00edo afectara a Andaluc\u00eda occidental a partir de estar tarde. Impresionante amanecer en M\u00e1laga."},"content":{"rendered":"<p><strong>Buenos dias amigos de la meteo. Son las seis y cuarto de la ma\u00f1ana, registro 19 grados y los cielos andaluces est\u00e1n muy nubosos. Casi seguro que tendremos candilazo.<\/strong><\/p>\n<p><strong>Pues si amigos, la borrasca fr\u00eda aislada ya tiene nombre como\u00a0pod\u00e9is\u00a0comprobar en el titulo del post. Para los que ayer no\u00a0le\u00edsteis\u00a0el blog, donde os explicaba el por qu\u00e9 se formaba esta borrasca os paso el\u00a0enlace <a href=\"https:\/\/blogs.diariosur.es\/tormentas-y-rayos\/2014\/05\/19\/una-borrasca-fria-aislada-traera-una-bajada-de-temperaturas-lluviastormentas-y-viento-fuerte-a-buena-parte-de-la-peninsula\/\">BORRASCA FRIA AISLADA<\/a>.<\/strong><\/p>\n<p><strong>Impresionante la imagen de hace pocos minutos del satelite eumetsat, es una pasada.<\/strong><\/p>\n<p><a href=\"https:\/\/blogs.diariosur.es\/tormentas-y-rayos\/2014\/05\/20\/borrasca-fria-zeynep-el-frente-frio-afectara-a-andalucia-occidental-a-partir-de-estar-tarde-impresionante-amanecer-en-malaga\/webexterna_ir87_04-00-4\/\" rel=\"attachment wp-att-8549\"><img loading=\"lazy\" class=\"aligncenter size-medium wp-image-8549\" title=\"webexterna_IR87_[04-00]\" src=\"\/tormentas-y-rayos\/wp-content\/uploads\/sites\/12\/2014\/05\/webexterna_IR87_04-00.jpg\" alt=\"\" width=\"579\" height=\"400\" srcset=\"https:\/\/static-blogs.diariosur.es\/wp-content\/uploads\/sites\/12\/2014\/05\/webexterna_IR87_04-00.jpg 750w, https:\/\/static-blogs.diariosur.es\/wp-content\/uploads\/sites\/12\/2014\/05\/webexterna_IR87_04-00-579x400.jpg 579w\" sizes=\"(max-width: 579px) 100vw, 579px\" \/><\/a><\/p>\n<p>&nbsp;<\/p>\n<p><strong>Y la de masas de aire preciosa<\/strong>.<\/p>\n<p><a href=\"https:\/\/blogs.diariosur.es\/tormentas-y-rayos\/2014\/05\/20\/borrasca-fria-zeynep-el-frente-frio-afectara-a-andalucia-occidental-a-partir-de-estar-tarde-impresionante-amanecer-en-malaga\/201405200400_s91g\/\" rel=\"attachment wp-att-8550\"><img loading=\"lazy\" class=\"aligncenter size-full wp-image-8550\" title=\"201405200400_s91g\" src=\"\/tormentas-y-rayos\/wp-content\/uploads\/sites\/12\/2014\/05\/201405200400_s91g.jpg\" alt=\"\" width=\"550\" height=\"488\" srcset=\"https:\/\/static-blogs.diariosur.es\/wp-content\/uploads\/sites\/12\/2014\/05\/201405200400_s91g.jpg 550w, https:\/\/static-blogs.diariosur.es\/wp-content\/uploads\/sites\/12\/2014\/05\/201405200400_s91g-451x400.jpg 451w\" sizes=\"(max-width: 550px) 100vw, 550px\" \/><\/a><\/p>\n<p><strong>Me\u00a0vais a permitir que os deje un momento cuando son las seis y media de la ma\u00f1ana, como os he comentado arriba casi seguro que tenemos candilazo, en unos minutos estoy de vuelta.<\/strong><\/p>\n<p><strong>Impresionante amigos de la meteo, ha durado un par de minutos pero ha sido una pasada. Os paso las fotos.<\/strong><\/p>\n<p><strong><img loading=\"lazy\" class=\"aligncenter\" src=\"https:\/\/farm6.staticflickr.com\/5571\/14225199162_481ec4ebe7_z.jpg\" alt=\"\" width=\"640\" height=\"388\" \/><\/strong><\/p>\n<p>&nbsp;<\/p>\n<p><strong><img loading=\"lazy\" class=\"aligncenter\" src=\"https:\/\/farm3.staticflickr.com\/2900\/14227518775_aafbb066ca_z.jpg\" alt=\"\" width=\"640\" height=\"428\" \/><\/strong><\/p>\n<p>&nbsp;<\/p>\n<p><strong><img loading=\"lazy\" class=\"aligncenter\" src=\"https:\/\/farm3.staticflickr.com\/2929\/14225199352_8db5ac4b54_z.jpg\" alt=\"\" width=\"640\" height=\"428\" \/>\u00a0<\/strong><\/p>\n<p>&nbsp;<\/p>\n<p><strong>Como os comentaba ayer, sera a ultima hora de la tarde y madrugada del\u00a0mi\u00e9rcoles\u00a0cuando se forme una baja secundaria frente a las Costas de Portugal. Fuente aemet, hirlam<\/strong><\/p>\n<p><a href=\"https:\/\/blogs.diariosur.es\/tormentas-y-rayos\/2014\/05\/20\/borrasca-fria-zeynep-el-frente-frio-afectara-a-andalucia-occidental-a-partir-de-estar-tarde-impresionante-amanecer-en-malaga\/captura-338\/\" rel=\"attachment wp-att-8551\"><img loading=\"lazy\" class=\"aligncenter size-medium wp-image-8551\" title=\"Captura\" src=\"\/tormentas-y-rayos\/wp-content\/uploads\/sites\/12\/2014\/05\/Captura11.jpg\" alt=\"\" width=\"566\" height=\"400\" srcset=\"https:\/\/static-blogs.diariosur.es\/wp-content\/uploads\/sites\/12\/2014\/05\/Captura11.jpg 754w, https:\/\/static-blogs.diariosur.es\/wp-content\/uploads\/sites\/12\/2014\/05\/Captura11-567x400.jpg 567w\" sizes=\"(max-width: 566px) 100vw, 566px\" \/><\/a><\/p>\n<p><strong>Las lineas de inestabilidad que generara seran las que \u00a0traigan chubascos\u00a0a Andaluc\u00eda Occidental. A nuestra provincia malague\u00f1a tambien llegaran esos chubascos, siendo mas probables en el interior y zona occidental de la provincia, en la capital tambien pueden caer algunos. La zona mas oriental de Andaluc\u00eda, asi como la zona del levante no creo que lleguen esos chubascos.<\/strong><\/p>\n<p><strong>Hoy la maxima en M\u00e1laga\u00a0subir\u00e1\u00a0y tendremos unos cuantos grados mas que ayer, \u00a0esto se\u00a0deber\u00e1\u00a0a que el viento entrara un poco aterralado, en cambio en el interior de Andaluc\u00eda y Valle del\u00a0Guadalquivir bajaran. Poco mas que contar amigos, os dejo con los\u00a0datos mas destacados que se dieron ayer lunes en Andaluc\u00eda. Fijaros como no se llego a los treinta en ningun sitio.<\/strong><\/p>\n<p><a href=\"https:\/\/blogs.diariosur.es\/tormentas-y-rayos\/2014\/05\/20\/borrasca-fria-zeynep-el-frente-frio-afectara-a-andalucia-occidental-a-partir-de-estar-tarde-impresionante-amanecer-en-malaga\/captura-339\/\" rel=\"attachment wp-att-8552\"><img loading=\"lazy\" class=\"aligncenter size-medium wp-image-8552\" title=\"Captura\" src=\"\/tormentas-y-rayos\/wp-content\/uploads\/sites\/12\/2014\/05\/Captura12.jpg\" alt=\"\" width=\"600\" height=\"323\" srcset=\"https:\/\/static-blogs.diariosur.es\/wp-content\/uploads\/sites\/12\/2014\/05\/Captura12.jpg 786w, https:\/\/static-blogs.diariosur.es\/wp-content\/uploads\/sites\/12\/2014\/05\/Captura12-640x345.jpg 640w, https:\/\/static-blogs.diariosur.es\/wp-content\/uploads\/sites\/12\/2014\/05\/Captura12-768x414.jpg 768w\" sizes=\"(max-width: 600px) 100vw, 600px\" \/><\/a><\/p>\n<p><strong>Os dejo que tiro para el curro.<\/strong><\/p>\n<p>&nbsp;<\/p>\n<p>&nbsp;<\/p>\n","protected":false},"excerpt":{"rendered":"<p>Buenos dias amigos de la meteo. Son las seis y cuarto de la ma\u00f1ana, registro 19 grados y los cielos andaluces est\u00e1n muy nubosos. Casi seguro que tendremos candilazo. Pues si amigos, la borrasca fr\u00eda aislada ya tiene nombre como\u00a0pod\u00e9is\u00a0comprobar en el titulo del post. Para los que ayer no\u00a0le\u00edsteis\u00a0el blog, donde os explicaba el [&hellip;]<\/p>\n","protected":false},"author":16,"featured_media":8549,"comment_status":"open","ping_status":"open","sticky":false,"template":"","format":"standard","meta":[],"categories":[2],"tags":[100,188,426,432,569,1081],"_links":{"self":[{"href":"https:\/\/blogs.diariosur.es\/tormentas-y-rayos\/wp-json\/wp\/v2\/posts\/8548"}],"collection":[{"href":"https:\/\/blogs.diariosur.es\/tormentas-y-rayos\/wp-json\/wp\/v2\/posts"}],"about":[{"href":"https:\/\/blogs.diariosur.es\/tormentas-y-rayos\/wp-json\/wp\/v2\/types\/post"}],"author":[{"embeddable":true,"href":"https:\/\/blogs.diariosur.es\/tormentas-y-rayos\/wp-json\/wp\/v2\/users\/16"}],"replies":[{"embeddable":true,"href":"https:\/\/blogs.diariosur.es\/tormentas-y-rayos\/wp-json\/wp\/v2\/comments?post=8548"}],"version-history":[{"count":0,"href":"https:\/\/blogs.diariosur.es\/tormentas-y-rayos\/wp-json\/wp\/v2\/posts\/8548\/revisions"}],"wp:featuredmedia":[{"embeddable":true,"href":"https:\/\/blogs.diariosur.es\/tormentas-y-rayos\/wp-json\/wp\/v2\/media\/8549"}],"wp:attachment":[{"href":"https:\/\/blogs.diariosur.es\/tormentas-y-rayos\/wp-json\/wp\/v2\/media?parent=8548"}],"wp:term":[{"taxonomy":"category","embeddable":true,"href":"https:\/\/blogs.diariosur.es\/tormentas-y-rayos\/wp-json\/wp\/v2\/categories?post=8548"},{"taxonomy":"post_tag","embeddable":true,"href":"https:\/\/blogs.diariosur.es\/tormentas-y-rayos\/wp-json\/wp\/v2\/tags?post=8548"}],"curies":[{"name":"wp","href":"https:\/\/api.w.org\/{rel}","templated":true}]}}