{"id":8555,"date":"2014-05-21T07:16:54","date_gmt":"2014-05-21T05:16:54","guid":{"rendered":"http:\/\/blogs.diariosur.es\/tormentas-y-rayos\/?p=8555"},"modified":"2014-05-21T07:16:54","modified_gmt":"2014-05-21T05:16:54","slug":"borrasca-zeynep-aviso-amarillo-por-vientolluvias-y-tormentas-en-muchos-puntos-de-la-peninsula","status":"publish","type":"post","link":"https:\/\/blogs.diariosur.es\/tormentas-y-rayos\/2014\/05\/21\/borrasca-zeynep-aviso-amarillo-por-vientolluvias-y-tormentas-en-muchos-puntos-de-la-peninsula\/","title":{"rendered":"Borrasca  Zeynep. Aviso amarillo por viento,lluvias y tormentas en muchos puntos de la pen\u00ednsula."},"content":{"rendered":"<p><strong>Buenos dias amigos de la meteo. Son las seis y media \u00a0de la ma\u00f1ana, registro 19 grados y en estos momentos llueve en la provincia malague\u00f1a. Os paso la foto de como esta el cielo malague\u00f1o.<\/strong><\/p>\n<p><a href=\"https:\/\/blogs.diariosur.es\/tormentas-y-rayos\/2014\/05\/21\/borrasca-zeynep-aviso-amarillo-por-vientolluvias-y-tormentas-en-muchos-puntos-de-la-peninsula\/008-8\/\" rel=\"attachment wp-att-8560\"><img loading=\"lazy\" class=\"aligncenter size-full wp-image-8560\" title=\"008\" src=\"\/tormentas-y-rayos\/wp-content\/uploads\/sites\/12\/2014\/05\/008.jpg\" alt=\"\" width=\"640\" height=\"427\" srcset=\"https:\/\/static-blogs.diariosur.es\/wp-content\/uploads\/sites\/12\/2014\/05\/008.jpg 640w, https:\/\/static-blogs.diariosur.es\/wp-content\/uploads\/sites\/12\/2014\/05\/008-600x400.jpg 600w\" sizes=\"(max-width: 640px) 100vw, 640px\" \/><\/a><\/p>\n<p>&nbsp;<\/p>\n<p><strong>Antes de nada os paso el enlace donde\u00a0pod\u00e9is\u00a0ver el impresionante\u00a0amanecer que tuvimos ayer martes.<a href=\"https:\/\/blogs.diariosur.es\/tormentas-y-rayos\/2014\/05\/20\/borrasca-fria-zeynep-el-frente-frio-afectara-a-andalucia-occidental-a-partir-de-estar-tarde-impresionante-amanecer-en-malaga\/\"> AMANECER PLAYA MISERICORDIA<\/a><\/strong><\/p>\n<p><strong>Pues si amigos, como\u00a0pod\u00e9is\u00a0ver en el radar de lluvia, en estos momentos ya llueve en el interior de la provincia malague\u00f1a, en la capital caen mijillas. Fuente aemet<\/strong><\/p>\n<p><a href=\"https:\/\/blogs.diariosur.es\/tormentas-y-rayos\/2014\/05\/21\/borrasca-zeynep-aviso-amarillo-por-vientolluvias-y-tormentas-en-muchos-puntos-de-la-peninsula\/201405210430_r8ml\/\" rel=\"attachment wp-att-8556\"><img loading=\"lazy\" class=\"aligncenter size-full wp-image-8556\" title=\"201405210430_r8ml\" src=\"\/tormentas-y-rayos\/wp-content\/uploads\/sites\/12\/2014\/05\/201405210430_r8ml.gif\" alt=\"\" width=\"480\" height=\"530\" \/><\/a><\/p>\n<p><strong>La imagen de masas de aire es una pasada.\u00a0<\/strong><\/p>\n<p><a href=\"https:\/\/blogs.diariosur.es\/tormentas-y-rayos\/2014\/05\/21\/borrasca-zeynep-aviso-amarillo-por-vientolluvias-y-tormentas-en-muchos-puntos-de-la-peninsula\/201405210400_s91g\/\" rel=\"attachment wp-att-8557\"><img loading=\"lazy\" class=\"aligncenter size-full wp-image-8557\" title=\"201405210400_s91g\" src=\"\/tormentas-y-rayos\/wp-content\/uploads\/sites\/12\/2014\/05\/201405210400_s91g.jpg\" alt=\"\" width=\"550\" height=\"488\" srcset=\"https:\/\/static-blogs.diariosur.es\/wp-content\/uploads\/sites\/12\/2014\/05\/201405210400_s91g.jpg 550w, https:\/\/static-blogs.diariosur.es\/wp-content\/uploads\/sites\/12\/2014\/05\/201405210400_s91g-451x400.jpg 451w\" sizes=\"(max-width: 550px) 100vw, 550px\" \/><\/a><\/p>\n<p><strong>La borrasca ya esta casi en frente de las Costas Gallegas, por este motivo la Aemet ha activado el aviso amarillo por viento, lluvias y tormentas en muchos puntos de la\u00a0pen\u00ednsula.<\/strong><\/p>\n<p><a href=\"https:\/\/blogs.diariosur.es\/tormentas-y-rayos\/2014\/05\/21\/borrasca-zeynep-aviso-amarillo-por-vientolluvias-y-tormentas-en-muchos-puntos-de-la-peninsula\/captura-340\/\" rel=\"attachment wp-att-8558\"><img loading=\"lazy\" class=\"aligncenter size-full wp-image-8558\" title=\"Captura\" src=\"\/tormentas-y-rayos\/wp-content\/uploads\/sites\/12\/2014\/05\/Captura13.jpg\" alt=\"\" width=\"558\" height=\"436\" srcset=\"https:\/\/static-blogs.diariosur.es\/wp-content\/uploads\/sites\/12\/2014\/05\/Captura13.jpg 558w, https:\/\/static-blogs.diariosur.es\/wp-content\/uploads\/sites\/12\/2014\/05\/Captura13-512x400.jpg 512w\" sizes=\"(max-width: 558px) 100vw, 558px\" \/><\/a><\/p>\n<p><strong>En M\u00e1laga Capital \u00a0los chubascos empezaran dentro de poco y\u00a0estar\u00e1n\u00a0con nosotros hasta el\u00a0mediod\u00eda, en ese momento el viento del oeste tomara protagonismo y soplara con rachas fuertes.<\/strong><\/p>\n<p><strong>Poco mas que contar amigos, ma\u00f1ana jueves la borrasca ira perdiendo fuelle, pero aun se pueden registrar chubascos en Andaluc\u00eda Occidental y Provincia Malague\u00f1a.<\/strong><\/p>\n<p><strong>Os hago un peque\u00f1o resumen del dia de ayer. Se cumplieron los\u00a0pron\u00f3sticos y en M\u00e1laga Capital zona teatinos subi\u00f3\u00a0la maxima.\u00a0\u00a0El viento de terral soplo moderado. La maxima en mi\u00a0estaci\u00f3n\u00a0fue de 24.8 grados, en el puerto de 23 y en teatinos debido al terral de 26.9<\/strong><\/p>\n<p><a href=\"https:\/\/blogs.diariosur.es\/tormentas-y-rayos\/2014\/05\/21\/borrasca-zeynep-aviso-amarillo-por-vientolluvias-y-tormentas-en-muchos-puntos-de-la-peninsula\/captura-341\/\" rel=\"attachment wp-att-8561\"><img loading=\"lazy\" class=\"aligncenter size-medium wp-image-8561\" title=\"Captura\" src=\"\/tormentas-y-rayos\/wp-content\/uploads\/sites\/12\/2014\/05\/Captura14.jpg\" alt=\"\" width=\"518\" height=\"400\" srcset=\"https:\/\/static-blogs.diariosur.es\/wp-content\/uploads\/sites\/12\/2014\/05\/Captura14.jpg 804w, https:\/\/static-blogs.diariosur.es\/wp-content\/uploads\/sites\/12\/2014\/05\/Captura14-519x400.jpg 519w, https:\/\/static-blogs.diariosur.es\/wp-content\/uploads\/sites\/12\/2014\/05\/Captura14-768x592.jpg 768w\" sizes=\"(max-width: 518px) 100vw, 518px\" \/><\/a><\/p>\n<p><strong>Os dejo con el atardecer de ayer.<\/strong><\/p>\n<p><a href=\"https:\/\/blogs.diariosur.es\/tormentas-y-rayos\/2014\/05\/21\/borrasca-zeynep-aviso-amarillo-por-vientolluvias-y-tormentas-en-muchos-puntos-de-la-peninsula\/005-5\/\" rel=\"attachment wp-att-8562\"><img loading=\"lazy\" class=\"aligncenter size-full wp-image-8562\" title=\"005\" src=\"\/tormentas-y-rayos\/wp-content\/uploads\/sites\/12\/2014\/05\/005.jpg\" alt=\"\" width=\"640\" height=\"427\" srcset=\"https:\/\/static-blogs.diariosur.es\/wp-content\/uploads\/sites\/12\/2014\/05\/005.jpg 640w, https:\/\/static-blogs.diariosur.es\/wp-content\/uploads\/sites\/12\/2014\/05\/005-600x400.jpg 600w\" sizes=\"(max-width: 640px) 100vw, 640px\" \/><\/a><\/p>\n<p>&nbsp;<\/p>\n<p>&nbsp;<\/p>\n","protected":false},"excerpt":{"rendered":"<p>Buenos dias amigos de la meteo. Son las seis y media \u00a0de la ma\u00f1ana, registro 19 grados y en estos momentos llueve en la provincia malague\u00f1a. Os paso la foto de como esta el cielo malague\u00f1o. &nbsp; Antes de nada os paso el enlace donde\u00a0pod\u00e9is\u00a0ver el impresionante\u00a0amanecer que tuvimos ayer martes. AMANECER PLAYA MISERICORDIA Pues [&hellip;]<\/p>\n","protected":false},"author":16,"featured_media":8559,"comment_status":"open","ping_status":"open","sticky":false,"template":"","format":"standard","meta":[],"categories":[2],"tags":[63,91,151,569,676,769,996,1059],"_links":{"self":[{"href":"https:\/\/blogs.diariosur.es\/tormentas-y-rayos\/wp-json\/wp\/v2\/posts\/8555"}],"collection":[{"href":"https:\/\/blogs.diariosur.es\/tormentas-y-rayos\/wp-json\/wp\/v2\/posts"}],"about":[{"href":"https:\/\/blogs.diariosur.es\/tormentas-y-rayos\/wp-json\/wp\/v2\/types\/post"}],"author":[{"embeddable":true,"href":"https:\/\/blogs.diariosur.es\/tormentas-y-rayos\/wp-json\/wp\/v2\/users\/16"}],"replies":[{"embeddable":true,"href":"https:\/\/blogs.diariosur.es\/tormentas-y-rayos\/wp-json\/wp\/v2\/comments?post=8555"}],"version-history":[{"count":0,"href":"https:\/\/blogs.diariosur.es\/tormentas-y-rayos\/wp-json\/wp\/v2\/posts\/8555\/revisions"}],"wp:featuredmedia":[{"embeddable":true,"href":"https:\/\/blogs.diariosur.es\/tormentas-y-rayos\/wp-json\/wp\/v2\/media\/8559"}],"wp:attachment":[{"href":"https:\/\/blogs.diariosur.es\/tormentas-y-rayos\/wp-json\/wp\/v2\/media?parent=8555"}],"wp:term":[{"taxonomy":"category","embeddable":true,"href":"https:\/\/blogs.diariosur.es\/tormentas-y-rayos\/wp-json\/wp\/v2\/categories?post=8555"},{"taxonomy":"post_tag","embeddable":true,"href":"https:\/\/blogs.diariosur.es\/tormentas-y-rayos\/wp-json\/wp\/v2\/tags?post=8555"}],"curies":[{"name":"wp","href":"https:\/\/api.w.org\/{rel}","templated":true}]}}