{"id":8563,"date":"2014-05-22T07:22:46","date_gmt":"2014-05-22T05:22:46","guid":{"rendered":"http:\/\/blogs.diariosur.es\/tormentas-y-rayos\/?p=8563"},"modified":"2014-05-22T07:22:46","modified_gmt":"2014-05-22T05:22:46","slug":"el-fresquete-protagonista-esta-pasada-madrugada-en-andalucia-el-terral-de-primavera-soplara-en-la-capital-malaguena","status":"publish","type":"post","link":"https:\/\/blogs.diariosur.es\/tormentas-y-rayos\/2014\/05\/22\/el-fresquete-protagonista-esta-pasada-madrugada-en-andalucia-el-terral-de-primavera-soplara-en-la-capital-malaguena\/","title":{"rendered":"El fresquete protagonista esta pasada madrugada en Andaluc\u00eda. El terral de primavera soplara en la Capital Malague\u00f1a."},"content":{"rendered":"<p><strong>Buenos dias amigos de la meteo. Son las siete de la ma\u00f1ana, registro 15.9 grados y los cielos andaluces est\u00e1n algo nubosos por la zona occidental. En estos momentos se producen algunos peque\u00f1os chubascos como\u00a0pod\u00e9is\u00a0ver en el radar en la zona del Estrecho. Estos chubascos son posfrontales. El terral de primavera soplara moderado en la capital.<\/strong><\/p>\n<p><a href=\"https:\/\/blogs.diariosur.es\/tormentas-y-rayos\/2014\/05\/22\/el-fresquete-protagonista-esta-pasada-madrugada-en-andalucia-el-terral-de-primavera-soplara-en-la-capital-malaguena\/201405220450_r8ml\/\" rel=\"attachment wp-att-8564\"><img loading=\"lazy\" class=\"aligncenter size-full wp-image-8564\" title=\"201405220450_r8ml\" src=\"\/tormentas-y-rayos\/wp-content\/uploads\/sites\/12\/2014\/05\/201405220450_r8ml.gif\" alt=\"\" width=\"480\" height=\"530\" \/><\/a><\/p>\n<p><strong>Los cielos malague\u00f1os lo\u00a0adornan ahora\u00a0mismo algunos altoc\u00famulus como podeis ver en la foto.<\/strong><\/p>\n<p><a href=\"https:\/\/blogs.diariosur.es\/tormentas-y-rayos\/2014\/05\/22\/el-fresquete-protagonista-esta-pasada-madrugada-en-andalucia-el-terral-de-primavera-soplara-en-la-capital-malaguena\/016-8\/\" rel=\"attachment wp-att-8565\"><img loading=\"lazy\" class=\"aligncenter size-full wp-image-8565\" title=\"016\" src=\"\/tormentas-y-rayos\/wp-content\/uploads\/sites\/12\/2014\/05\/016.jpg\" alt=\"\" width=\"640\" height=\"427\" srcset=\"https:\/\/static-blogs.diariosur.es\/wp-content\/uploads\/sites\/12\/2014\/05\/016.jpg 640w, https:\/\/static-blogs.diariosur.es\/wp-content\/uploads\/sites\/12\/2014\/05\/016-600x400.jpg 600w\" sizes=\"(max-width: 640px) 100vw, 640px\" \/><\/a><\/p>\n<p><strong>Pero lo mas destacado es el fresquete que hace en toda Andaluc\u00eda, os paso las\u00a0m\u00ednimas\u00a0cuando eran aproximadamente las cinco y media de la ma\u00f1ana. Seguro que bajaran un poco mas.<\/strong><\/p>\n<p><a href=\"https:\/\/blogs.diariosur.es\/tormentas-y-rayos\/2014\/05\/22\/el-fresquete-protagonista-esta-pasada-madrugada-en-andalucia-el-terral-de-primavera-soplara-en-la-capital-malaguena\/fresquete\/\" rel=\"attachment wp-att-8566\"><img loading=\"lazy\" class=\"aligncenter size-medium wp-image-8566\" title=\"fresquete\" src=\"\/tormentas-y-rayos\/wp-content\/uploads\/sites\/12\/2014\/05\/fresquete.jpg\" alt=\"\" width=\"559\" height=\"400\" srcset=\"https:\/\/static-blogs.diariosur.es\/wp-content\/uploads\/sites\/12\/2014\/05\/fresquete.jpg 729w, https:\/\/static-blogs.diariosur.es\/wp-content\/uploads\/sites\/12\/2014\/05\/fresquete-560x400.jpg 560w\" sizes=\"(max-width: 559px) 100vw, 559px\" \/><\/a><\/p>\n<p>&nbsp;<\/p>\n<p><strong>Poco mas que contar amigos, solo comentaros que ayer las precipitaciones en el interior de la provincia malague\u00f1a estuvieron sobre los 2 y 7 litros. En Andalucia Occidental sobrepasaron los 15. El protagonista fue el viento como podeis ver en esta preciosa foto de Jose luis Gil desde Marbella.<\/strong><\/p>\n<p><a href=\"https:\/\/blogs.diariosur.es\/tormentas-y-rayos\/2014\/05\/22\/el-fresquete-protagonista-esta-pasada-madrugada-en-andalucia-el-terral-de-primavera-soplara-en-la-capital-malaguena\/10333445_10202959646665102_4592452741746348550_o\/\" rel=\"attachment wp-att-8567\"><img loading=\"lazy\" class=\"aligncenter size-full wp-image-8567\" title=\"10333445_10202959646665102_4592452741746348550_o\" src=\"\/tormentas-y-rayos\/wp-content\/uploads\/sites\/12\/2014\/05\/10333445_10202959646665102_4592452741746348550_o.jpg\" alt=\"\" width=\"640\" height=\"360\" \/><\/a><\/p>\n<p><strong>El cielos sobre las ocho de la ma\u00f1ana estaba impresionante, os paso un par de fotos antes de entrar al curro.<\/strong><\/p>\n<p><a href=\"https:\/\/blogs.diariosur.es\/tormentas-y-rayos\/2014\/05\/22\/el-fresquete-protagonista-esta-pasada-madrugada-en-andalucia-el-terral-de-primavera-soplara-en-la-capital-malaguena\/002-9\/\" rel=\"attachment wp-att-8568\"><img loading=\"lazy\" class=\"aligncenter size-full wp-image-8568\" title=\"002\" src=\"\/tormentas-y-rayos\/wp-content\/uploads\/sites\/12\/2014\/05\/0021.jpg\" alt=\"\" width=\"640\" height=\"427\" srcset=\"https:\/\/static-blogs.diariosur.es\/wp-content\/uploads\/sites\/12\/2014\/05\/0021.jpg 640w, https:\/\/static-blogs.diariosur.es\/wp-content\/uploads\/sites\/12\/2014\/05\/0021-600x400.jpg 600w\" sizes=\"(max-width: 640px) 100vw, 640px\" \/><\/a><\/p>\n<p>&nbsp;<\/p>\n<p><a href=\"https:\/\/blogs.diariosur.es\/tormentas-y-rayos\/2014\/05\/22\/el-fresquete-protagonista-esta-pasada-madrugada-en-andalucia-el-terral-de-primavera-soplara-en-la-capital-malaguena\/003-17\/\" rel=\"attachment wp-att-8569\"><img loading=\"lazy\" class=\"aligncenter size-full wp-image-8569\" title=\"003\" src=\"\/tormentas-y-rayos\/wp-content\/uploads\/sites\/12\/2014\/05\/003.jpg\" alt=\"\" width=\"640\" height=\"427\" srcset=\"https:\/\/static-blogs.diariosur.es\/wp-content\/uploads\/sites\/12\/2014\/05\/003.jpg 640w, https:\/\/static-blogs.diariosur.es\/wp-content\/uploads\/sites\/12\/2014\/05\/003-600x400.jpg 600w\" sizes=\"(max-width: 640px) 100vw, 640px\" \/><\/a><\/p>\n<p><strong>Ma\u00f1ana como libro intentare bajar a la playa para fotografiar el amanecer, luego mas tarde os\u00a0pondr\u00e9\u00a0la previsi\u00f3n del tiempo para el fin de semana. Os dejo, hasta ma\u00f1ana amigos<\/strong><\/p>\n<p>&nbsp;<\/p>\n","protected":false},"excerpt":{"rendered":"<p>Buenos dias amigos de la meteo. Son las siete de la ma\u00f1ana, registro 15.9 grados y los cielos andaluces est\u00e1n algo nubosos por la zona occidental. En estos momentos se producen algunos peque\u00f1os chubascos como\u00a0pod\u00e9is\u00a0ver en el radar en la zona del Estrecho. Estos chubascos son posfrontales. El terral de primavera soplara moderado en la [&hellip;]<\/p>\n","protected":false},"author":16,"featured_media":8567,"comment_status":"open","ping_status":"open","sticky":false,"template":"","format":"standard","meta":[],"categories":[2],"tags":[160,587,815,962,975],"_links":{"self":[{"href":"https:\/\/blogs.diariosur.es\/tormentas-y-rayos\/wp-json\/wp\/v2\/posts\/8563"}],"collection":[{"href":"https:\/\/blogs.diariosur.es\/tormentas-y-rayos\/wp-json\/wp\/v2\/posts"}],"about":[{"href":"https:\/\/blogs.diariosur.es\/tormentas-y-rayos\/wp-json\/wp\/v2\/types\/post"}],"author":[{"embeddable":true,"href":"https:\/\/blogs.diariosur.es\/tormentas-y-rayos\/wp-json\/wp\/v2\/users\/16"}],"replies":[{"embeddable":true,"href":"https:\/\/blogs.diariosur.es\/tormentas-y-rayos\/wp-json\/wp\/v2\/comments?post=8563"}],"version-history":[{"count":0,"href":"https:\/\/blogs.diariosur.es\/tormentas-y-rayos\/wp-json\/wp\/v2\/posts\/8563\/revisions"}],"wp:featuredmedia":[{"embeddable":true,"href":"https:\/\/blogs.diariosur.es\/tormentas-y-rayos\/wp-json\/wp\/v2\/media\/8567"}],"wp:attachment":[{"href":"https:\/\/blogs.diariosur.es\/tormentas-y-rayos\/wp-json\/wp\/v2\/media?parent=8563"}],"wp:term":[{"taxonomy":"category","embeddable":true,"href":"https:\/\/blogs.diariosur.es\/tormentas-y-rayos\/wp-json\/wp\/v2\/categories?post=8563"},{"taxonomy":"post_tag","embeddable":true,"href":"https:\/\/blogs.diariosur.es\/tormentas-y-rayos\/wp-json\/wp\/v2\/tags?post=8563"}],"curies":[{"name":"wp","href":"https:\/\/api.w.org\/{rel}","templated":true}]}}