{"id":8570,"date":"2014-05-23T08:38:35","date_gmt":"2014-05-23T06:38:35","guid":{"rendered":"http:\/\/blogs.diariosur.es\/tormentas-y-rayos\/?p=8570"},"modified":"2014-05-23T08:38:35","modified_gmt":"2014-05-23T06:38:35","slug":"prevision-del-tiempo-final-champions-league-2014-lisboa-y-elecciones-al-parlamento-europeo-25-de-mayo-2014","status":"publish","type":"post","link":"https:\/\/blogs.diariosur.es\/tormentas-y-rayos\/2014\/05\/23\/prevision-del-tiempo-final-champions-league-2014-lisboa-y-elecciones-al-parlamento-europeo-25-de-mayo-2014\/","title":{"rendered":"Previsi\u00f3n del tiempo. Final  Champions League 2014 Lisboa y  Elecciones al Parlamento Europeo 25 de Mayo 2014."},"content":{"rendered":"<p><strong>Buenos d\u00edas amigos de la meteo. Son las siete y media de la ma\u00f1ana, registro 15.8 grados pero debido al viento la sensaci\u00f3n t\u00e9rmica es de 10. Pero a mi amigo Bernabe de la Rosa no le importa jijiji, os acord\u00e1is de \u00e9l? el dia pasado os comentaba que se ba\u00f1aba todos los d\u00edas del a\u00f1o. Ayer fue su cumplea\u00f1os y lo celebro muy temprano d\u00e1ndose un ba\u00f1o a las ocho de la ma\u00f1ana.<\/strong><\/p>\n<p><a href=\"https:\/\/blogs.diariosur.es\/tormentas-y-rayos\/2014\/05\/23\/prevision-del-tiempo-final-champions-league-2014-lisboa-y-elecciones-al-parlamento-europeo-25-de-mayo-2014\/o-2\/\" rel=\"attachment wp-att-8578\"><img loading=\"lazy\" class=\"aligncenter size-full wp-image-8578\" title=\"O\" src=\"\/tormentas-y-rayos\/wp-content\/uploads\/sites\/12\/2014\/05\/2014-05-22.Entre-Nubes-arranc\u00f3-el-d\u00eda-de-Mi-cumple-en-M\u00e1laga-161.jpg\" alt=\"\" width=\"640\" height=\"472\" srcset=\"https:\/\/static-blogs.diariosur.es\/wp-content\/uploads\/sites\/12\/2014\/05\/2014-05-22.Entre-Nubes-arranc\u00f3-el-d\u00eda-de-Mi-cumple-en-M\u00e1laga-161.jpg 640w, https:\/\/static-blogs.diariosur.es\/wp-content\/uploads\/sites\/12\/2014\/05\/2014-05-22.Entre-Nubes-arranc\u00f3-el-d\u00eda-de-Mi-cumple-en-M\u00e1laga-161-542x400.jpg 542w\" sizes=\"(max-width: 640px) 100vw, 640px\" \/><\/a><\/p>\n<p>&nbsp;<\/p>\n<p>&nbsp;<\/p>\n<p>&nbsp;<\/p>\n<p><strong>As\u00ed amanec\u00eda hoy 23 de mayo en la Playa de la Misericordia, como pod\u00e9is comprobar bastante soso, ya que no hab\u00eda ni una m\u00edsera nube.<\/strong><\/p>\n<p><a href=\"https:\/\/blogs.diariosur.es\/tormentas-y-rayos\/2014\/05\/23\/prevision-del-tiempo-final-champions-league-2014-lisboa-y-elecciones-al-parlamento-europeo-25-de-mayo-2014\/012-5\/\" rel=\"attachment wp-att-8572\"><img loading=\"lazy\" class=\"aligncenter size-full wp-image-8572\" title=\"012\" src=\"\/tormentas-y-rayos\/wp-content\/uploads\/sites\/12\/2014\/05\/012.jpg\" alt=\"\" width=\"400\" height=\"599\" srcset=\"https:\/\/static-blogs.diariosur.es\/wp-content\/uploads\/sites\/12\/2014\/05\/012.jpg 400w, https:\/\/static-blogs.diariosur.es\/wp-content\/uploads\/sites\/12\/2014\/05\/012-267x400.jpg 267w\" sizes=\"(max-width: 400px) 100vw, 400px\" \/><\/a><\/p>\n<p>&nbsp;<\/p>\n<p><a href=\"https:\/\/blogs.diariosur.es\/tormentas-y-rayos\/2014\/05\/23\/prevision-del-tiempo-final-champions-league-2014-lisboa-y-elecciones-al-parlamento-europeo-25-de-mayo-2014\/015-3\/\" rel=\"attachment wp-att-8573\"><img loading=\"lazy\" class=\"aligncenter size-full wp-image-8573\" title=\"015\" src=\"\/tormentas-y-rayos\/wp-content\/uploads\/sites\/12\/2014\/05\/015.jpg\" alt=\"\" width=\"640\" height=\"427\" srcset=\"https:\/\/static-blogs.diariosur.es\/wp-content\/uploads\/sites\/12\/2014\/05\/015.jpg 640w, https:\/\/static-blogs.diariosur.es\/wp-content\/uploads\/sites\/12\/2014\/05\/015-600x400.jpg 600w\" sizes=\"(max-width: 640px) 100vw, 640px\" \/><\/a><\/p>\n<p><strong>Las m\u00ednimas en Andaluc\u00eda en la pasada madrugada de nuevo han sido bajas, incluso podr\u00edamos hablar de fr\u00edo jijijij. Fuente Aemet.<\/strong><\/p>\n<p><a href=\"https:\/\/blogs.diariosur.es\/tormentas-y-rayos\/2014\/05\/23\/prevision-del-tiempo-final-champions-league-2014-lisboa-y-elecciones-al-parlamento-europeo-25-de-mayo-2014\/captura-342\/\" rel=\"attachment wp-att-8574\"><img loading=\"lazy\" class=\"aligncenter size-full wp-image-8574\" title=\"Captura\" src=\"\/tormentas-y-rayos\/wp-content\/uploads\/sites\/12\/2014\/05\/Captura15.jpg\" alt=\"\" width=\"389\" height=\"213\" \/><\/a><a href=\"https:\/\/blogs.diariosur.es\/tormentas-y-rayos\/2014\/05\/23\/prevision-del-tiempo-final-champions-league-2014-lisboa-y-elecciones-al-parlamento-europeo-25-de-mayo-2014\/viernes-minima\/\" rel=\"attachment wp-att-8575\"><img loading=\"lazy\" class=\"aligncenter size-medium wp-image-8575\" title=\"viernes minima\" src=\"\/tormentas-y-rayos\/wp-content\/uploads\/sites\/12\/2014\/05\/viernes-minima.jpg\" alt=\"\" width=\"600\" height=\"371\" srcset=\"https:\/\/static-blogs.diariosur.es\/wp-content\/uploads\/sites\/12\/2014\/05\/viernes-minima.jpg 764w, https:\/\/static-blogs.diariosur.es\/wp-content\/uploads\/sites\/12\/2014\/05\/viernes-minima-640x396.jpg 640w\" sizes=\"(max-width: 600px) 100vw, 600px\" \/><\/a><\/p>\n<p><strong>Hoy viernes\u00a0seguir\u00e1\u00a0soplando terral de primavera en M\u00e1laga Capital, la maxima rondara los 25 grados.\u00a0<\/strong><\/p>\n<p><span style=\"color: #ff0000;\"><strong>PREVISI\u00d3N DEL TIEMPO \u00a0FINAL CHAMPIONS LEAGUE LISBOA Y ELECCIONES AL PARLAMENTO EUROPEO 2014.<\/strong><\/span><\/p>\n<p>&nbsp;<\/p>\n<p><strong>En la final que se celebra ma\u00f1ana en Lisboa se espera una maxima de 18 grados y de 16 a la hora del partido. Las nubes bajas pueden ser las protagonistas.<\/strong><\/p>\n<p><strong>El s\u00e1bado en Andaluc\u00eda las\u00a0m\u00e1ximas\u00a0se ir\u00e1n recuperando por el interior, el viento soplara del oeste de flojo a moderado, no se esperan lluvias.\u00a0<\/strong><\/p>\n<p><strong>El 25 de Mayo dia de las votaciones al Parlamento Europeo, la mayor inestabilidad se dar\u00e1 en \u00a0La Rioja, Arag\u00f3n, Navarra y Pa\u00eds Vasco, en estas zonas se esperan tormentas de moderadas a fuertes. Esto se deber\u00e1 al paso de un embolsamiento de aire fr\u00edo. Fuente meteociel gfs<\/strong><\/p>\n<p><a href=\"https:\/\/blogs.diariosur.es\/tormentas-y-rayos\/2014\/05\/23\/prevision-del-tiempo-final-champions-league-2014-lisboa-y-elecciones-al-parlamento-europeo-25-de-mayo-2014\/57-21sp\/\" rel=\"attachment wp-att-8576\"><img loading=\"lazy\" class=\"aligncenter size-large wp-image-8576\" title=\"57-21SP\" src=\"\/tormentas-y-rayos\/wp-content\/uploads\/sites\/12\/2014\/05\/57-21SP.gif\" alt=\"\" width=\"600\" height=\"600\" \/><\/a><\/p>\n<p>&nbsp;<\/p>\n<p><strong>Las zonas cercanas a la descritas antes, \u00a0tambi\u00e9n tendr\u00e1n inestabilidad, donde menor ser\u00e1 la probabilidad de lluvias es en el \u00a0sur de Galicia, oeste de Castilla y Le\u00f3n, suroeste de Castilla- La Mancha, \u00a0Extremadura y Andaluc\u00eda. <\/strong><\/p>\n<p><strong>En M\u00e1laga Capital el terral de primavera tomara protagonismo, soplando de flojo a moderado. La m\u00e1xima rondara los 25 grados o m\u00e1s, aunque aun no lo tengo muy claro. Ya veremos que temperatura tendremos a 850 hpa ( 1500 m) el domingo.<\/strong><\/p>\n<p><strong>Poco mas que contar amigos, hoy es mi dia libre y quiero aprovecharlo al\u00a0m\u00e1ximo. Os dejo con el atardecer que tuvimos ayer jueves.<\/strong><\/p>\n<p><a href=\"https:\/\/blogs.diariosur.es\/tormentas-y-rayos\/2014\/05\/23\/prevision-del-tiempo-final-champions-league-2014-lisboa-y-elecciones-al-parlamento-europeo-25-de-mayo-2014\/005-6\/\" rel=\"attachment wp-att-8577\"><img loading=\"lazy\" class=\"aligncenter size-full wp-image-8577\" title=\"005\" src=\"\/tormentas-y-rayos\/wp-content\/uploads\/sites\/12\/2014\/05\/0051.jpg\" alt=\"\" width=\"640\" height=\"427\" srcset=\"https:\/\/static-blogs.diariosur.es\/wp-content\/uploads\/sites\/12\/2014\/05\/0051.jpg 640w, https:\/\/static-blogs.diariosur.es\/wp-content\/uploads\/sites\/12\/2014\/05\/0051-600x400.jpg 600w\" sizes=\"(max-width: 640px) 100vw, 640px\" \/><\/a><\/p>\n<p><strong>\u00a0<\/strong><\/p>\n","protected":false},"excerpt":{"rendered":"<p>Buenos d\u00edas amigos de la meteo. Son las siete y media de la ma\u00f1ana, registro 15.8 grados pero debido al viento la sensaci\u00f3n t\u00e9rmica es de 10. Pero a mi amigo Bernabe de la Rosa no le importa jijiji, os acord\u00e1is de \u00e9l? el dia pasado os comentaba que se ba\u00f1aba todos los d\u00edas del [&hellip;]<\/p>\n","protected":false},"author":16,"featured_media":8571,"comment_status":"open","ping_status":"open","sticky":false,"template":"","format":"standard","meta":[],"categories":[2],"tags":[14,22,241,359,393,414,551,563,756,800,809,980],"_links":{"self":[{"href":"https:\/\/blogs.diariosur.es\/tormentas-y-rayos\/wp-json\/wp\/v2\/posts\/8570"}],"collection":[{"href":"https:\/\/blogs.diariosur.es\/tormentas-y-rayos\/wp-json\/wp\/v2\/posts"}],"about":[{"href":"https:\/\/blogs.diariosur.es\/tormentas-y-rayos\/wp-json\/wp\/v2\/types\/post"}],"author":[{"embeddable":true,"href":"https:\/\/blogs.diariosur.es\/tormentas-y-rayos\/wp-json\/wp\/v2\/users\/16"}],"replies":[{"embeddable":true,"href":"https:\/\/blogs.diariosur.es\/tormentas-y-rayos\/wp-json\/wp\/v2\/comments?post=8570"}],"version-history":[{"count":0,"href":"https:\/\/blogs.diariosur.es\/tormentas-y-rayos\/wp-json\/wp\/v2\/posts\/8570\/revisions"}],"wp:featuredmedia":[{"embeddable":true,"href":"https:\/\/blogs.diariosur.es\/tormentas-y-rayos\/wp-json\/wp\/v2\/media\/8571"}],"wp:attachment":[{"href":"https:\/\/blogs.diariosur.es\/tormentas-y-rayos\/wp-json\/wp\/v2\/media?parent=8570"}],"wp:term":[{"taxonomy":"category","embeddable":true,"href":"https:\/\/blogs.diariosur.es\/tormentas-y-rayos\/wp-json\/wp\/v2\/categories?post=8570"},{"taxonomy":"post_tag","embeddable":true,"href":"https:\/\/blogs.diariosur.es\/tormentas-y-rayos\/wp-json\/wp\/v2\/tags?post=8570"}],"curies":[{"name":"wp","href":"https:\/\/api.w.org\/{rel}","templated":true}]}}