{"id":8579,"date":"2014-05-26T07:08:24","date_gmt":"2014-05-26T05:08:24","guid":{"rendered":"http:\/\/blogs.diariosur.es\/tormentas-y-rayos\/?p=8579"},"modified":"2014-05-26T07:08:24","modified_gmt":"2014-05-26T05:08:24","slug":"hoy-podemos-si-amigos-podemos-llegar-a-los-30-grados-en-malaga-el-terral-de-primavera-y-la-alergia-protagonistas","status":"publish","type":"post","link":"https:\/\/blogs.diariosur.es\/tormentas-y-rayos\/2014\/05\/26\/hoy-podemos-si-amigos-podemos-llegar-a-los-30-grados-en-malaga-el-terral-de-primavera-y-la-alergia-protagonistas\/","title":{"rendered":"Hoy podemos, si amigos, podemos llegar a los 30 grados en M\u00e1laga. El terral de primavera y la alergia protagonistas."},"content":{"rendered":"<p><strong>Buenos dias amigos de la meteo. Son las seis de la ma\u00f1ana, registro 18 grados y los cielos est\u00e1n despejados.<\/strong><\/p>\n<p><strong>Fiasco total en las previsiones que di el viernes para el fin de semana en M\u00e1laga, veis como de vez en cuando me equivoco, aunque tengo una compa\u00f1era que me tiene subido a un altar jijijij. Gracias Maril\u00f3.<\/strong><\/p>\n<p><strong>Hablemos de hoy, ya que el terral y la alergia ser\u00e1n los protagonistas. Viendo mapas \u00a0de temperaturas a 850 hpa ( 1500 m) previstos para hoy, estoy convencido que llegaremos casi a los 30 grados. Espero no equivocarme,\u00a0porque\u00a0como sea\u00a0as\u00ed\u00a0dimito jijijij y cierro el blog. Viendo este mapa previsto para hoy,el viento de noroeste ( terral) sera el protagonista.<\/strong><\/p>\n<p>&nbsp;<\/p>\n<p><a href=\"https:\/\/blogs.diariosur.es\/tormentas-y-rayos\/2014\/05\/26\/hoy-podemos-si-amigos-podemos-llegar-a-los-30-grados-en-malaga-el-terral-de-primavera-y-la-alergia-protagonistas\/36-515sp\/\" rel=\"attachment wp-att-8591\"><img loading=\"lazy\" class=\"aligncenter size-large wp-image-8591\" title=\"36-515SP\" src=\"\/tormentas-y-rayos\/wp-content\/uploads\/sites\/12\/2014\/05\/36-515SP.gif\" alt=\"\" width=\"600\" height=\"600\" \/><\/a><\/p>\n<p><strong>\u00a0Si a esto le unimos las temperaturas a 850 hpa, M\u00e1laga Capital\u00a0estar\u00e1\u00a0cercana o puede sobrepasar los 30 grados.<\/strong><\/p>\n<p><a href=\"https:\/\/blogs.diariosur.es\/tormentas-y-rayos\/2014\/05\/26\/hoy-podemos-si-amigos-podemos-llegar-a-los-30-grados-en-malaga-el-terral-de-primavera-y-la-alergia-protagonistas\/rtavn122\/\" rel=\"attachment wp-att-8592\"><img loading=\"lazy\" class=\"aligncenter size-medium wp-image-8592\" title=\"Rtavn122\" src=\"\/tormentas-y-rayos\/wp-content\/uploads\/sites\/12\/2014\/05\/Rtavn122.gif\" alt=\"\" width=\"517\" height=\"400\" \/><\/a><\/p>\n<p>&nbsp;<\/p>\n<p><strong>\u00a0Ma\u00f1ana martes \u00a0nos\u00a0dar\u00e1\u00a0una tregua el terral y la alergia \u00a0ya que durante la\u00a0pr\u00f3xima\u00a0madrugada cambiara a sur sureste. Pero el\u00a0mi\u00e9rcoles\u00a0de nuevo nuestro amigo\u00a0estar\u00e1\u00a0con nosotros y la alergia sera la protagonista. Lo que no tengo muy claro es si sera un terral caliente.\u00a0<\/strong><\/p>\n<p><strong> El\u00a0mi\u00e9rcoles\u00a0cuando\u00a0actualice\u00a0el blog lo sabremos.<\/strong><\/p>\n<p><span style=\"color: #ff0000;\"><strong>Resumen\u00a0S\u00e1bado\u00a024 de mayo.<\/strong><\/span><\/p>\n<p><span style=\"color: #0000ff;\"><strong>Pues si amigos de la meteo, el s\u00e1bado tuvimos sorpresas y que yo sinceramente no las esperaba. Cuando el viernes di la previsi\u00f3n ni por asomo pensaba que nos\u00a0afectar\u00eda\u00a0el aire\u00a0fr\u00edo\u00a0en altura. Lo curioso es que un modelo (hirlam) en una nueva actualizaci\u00f3n si vio esas tormentas en la provincia malague\u00f1a. Cuando me levante sobre las seis y media \u00a0de la ma\u00f1ana y mire al cielo ya me dio mala espina, incluso estuve a punto de poneros una nueva actualizaci\u00f3n en el blog, peroooooooo no lo tenia muy claro. Estas dos fotos que os pongo avisaban que en la vertical de M\u00e1laga\u00a0hab\u00eda\u00a0aire fr\u00edo en altura.<\/strong><\/span><\/p>\n<p>&nbsp;<\/p>\n<p>&nbsp;<\/p>\n<p><span style=\"color: #0000ff;\"><img loading=\"lazy\" class=\"aligncenter\" src=\"https:\/\/farm6.staticflickr.com\/5498\/14243783436_79fcbdd9dd_z.jpg\" alt=\"\" width=\"640\" height=\"427\" \/><\/span><\/p>\n<p>&nbsp;<\/p>\n<p>&nbsp;<\/p>\n<p>&nbsp;<\/p>\n<p><span style=\"color: #0000ff;\"><img loading=\"lazy\" class=\"aligncenter\" src=\"https:\/\/farm3.staticflickr.com\/2923\/14243783196_bfc1abfe05_z.jpg\" alt=\"\" width=\"640\" height=\"442\" \/><\/span><\/p>\n<p>&nbsp;<\/p>\n<p><span style=\"color: #0000ff;\"><strong>Cuando llegue a casa sobre las tres y media, ya se\u00a0ve\u00edan\u00a0los primeros desarrollos.<\/strong><\/span><\/p>\n<p>&nbsp;<\/p>\n<p><span style=\"color: #0000ff;\"><a href=\"https:\/\/blogs.diariosur.es\/tormentas-y-rayos\/2014\/05\/26\/hoy-podemos-si-amigos-podemos-llegar-a-los-30-grados-en-malaga-el-terral-de-primavera-y-la-alergia-protagonistas\/007-7\/\" rel=\"attachment wp-att-8580\"><span style=\"color: #0000ff;\"><img loading=\"lazy\" class=\"aligncenter size-full wp-image-8580\" title=\"007\" src=\"\/tormentas-y-rayos\/wp-content\/uploads\/sites\/12\/2014\/05\/0071.jpg\" alt=\"\" width=\"640\" height=\"427\" srcset=\"https:\/\/static-blogs.diariosur.es\/wp-content\/uploads\/sites\/12\/2014\/05\/0071.jpg 640w, https:\/\/static-blogs.diariosur.es\/wp-content\/uploads\/sites\/12\/2014\/05\/0071-600x400.jpg 600w\" sizes=\"(max-width: 640px) 100vw, 640px\" \/><\/span><\/a><\/span><\/p>\n<p>&nbsp;<\/p>\n<p><span style=\"color: #0000ff;\"><strong>Los primeros chubascos tormentosos, se registraban por el interior de la provincia. Destaca Fuente de Piedra con 13 litros. Yo alucinaba jijiji.<\/strong><\/span><\/p>\n<p><span style=\"color: #0000ff;\"><a href=\"https:\/\/blogs.diariosur.es\/tormentas-y-rayos\/2014\/05\/26\/hoy-podemos-si-amigos-podemos-llegar-a-los-30-grados-en-malaga-el-terral-de-primavera-y-la-alergia-protagonistas\/10259791_10202776155583936_6592219250693681415_n\/\" rel=\"attachment wp-att-8583\"><span style=\"color: #0000ff;\"><img loading=\"lazy\" class=\"aligncenter size-full wp-image-8583\" title=\"10259791_10202776155583936_6592219250693681415_n\" src=\"\/tormentas-y-rayos\/wp-content\/uploads\/sites\/12\/2014\/05\/10259791_10202776155583936_6592219250693681415_n.jpg\" alt=\"\" width=\"640\" height=\"960\" srcset=\"https:\/\/static-blogs.diariosur.es\/wp-content\/uploads\/sites\/12\/2014\/05\/10259791_10202776155583936_6592219250693681415_n.jpg 640w, https:\/\/static-blogs.diariosur.es\/wp-content\/uploads\/sites\/12\/2014\/05\/10259791_10202776155583936_6592219250693681415_n-267x400.jpg 267w\" sizes=\"(max-width: 640px) 100vw, 640px\" \/><\/span><\/a><\/span><\/p>\n<p>&nbsp;<\/p>\n<p><span style=\"color: #0000ff;\"><strong>El atardecer tambien estuvo precioso.<\/strong><\/span><\/p>\n<p>&nbsp;<\/p>\n<p><a href=\"https:\/\/blogs.diariosur.es\/tormentas-y-rayos\/2014\/05\/26\/hoy-podemos-si-amigos-podemos-llegar-a-los-30-grados-en-malaga-el-terral-de-primavera-y-la-alergia-protagonistas\/008-9\/\" rel=\"attachment wp-att-8595\"><img loading=\"lazy\" class=\"aligncenter size-full wp-image-8595\" title=\"008\" src=\"\/tormentas-y-rayos\/wp-content\/uploads\/sites\/12\/2014\/05\/0081.jpg\" alt=\"\" width=\"640\" height=\"427\" srcset=\"https:\/\/static-blogs.diariosur.es\/wp-content\/uploads\/sites\/12\/2014\/05\/0081.jpg 640w, https:\/\/static-blogs.diariosur.es\/wp-content\/uploads\/sites\/12\/2014\/05\/0081-600x400.jpg 600w\" sizes=\"(max-width: 640px) 100vw, 640px\" \/><\/a><\/p>\n<p><span style=\"color: #0000ff;\"><strong>Os paso los datos de\u00a0m\u00e1ximas\u00a0y\u00a0m\u00ednimas\u00a0que se dieron el\u00a0s\u00e1bado\u00a0en nuestra Comunidad Andaluza. Fuente Aemet.<\/strong><\/span><\/p>\n<p><span style=\"color: #0000ff;\"><a href=\"https:\/\/blogs.diariosur.es\/tormentas-y-rayos\/2014\/05\/26\/hoy-podemos-si-amigos-podemos-llegar-a-los-30-grados-en-malaga-el-terral-de-primavera-y-la-alergia-protagonistas\/aaa\/\" rel=\"attachment wp-att-8581\"><span style=\"color: #0000ff;\"><img loading=\"lazy\" class=\"aligncenter size-medium wp-image-8581\" title=\"aaa\" src=\"\/tormentas-y-rayos\/wp-content\/uploads\/sites\/12\/2014\/05\/aaa.jpg\" alt=\"\" width=\"600\" height=\"391\" srcset=\"https:\/\/static-blogs.diariosur.es\/wp-content\/uploads\/sites\/12\/2014\/05\/aaa.jpg 722w, https:\/\/static-blogs.diariosur.es\/wp-content\/uploads\/sites\/12\/2014\/05\/aaa-613x400.jpg 613w\" sizes=\"(max-width: 600px) 100vw, 600px\" \/><\/span><\/a><a href=\"https:\/\/blogs.diariosur.es\/tormentas-y-rayos\/2014\/05\/26\/hoy-podemos-si-amigos-podemos-llegar-a-los-30-grados-en-malaga-el-terral-de-primavera-y-la-alergia-protagonistas\/minimas-6\/\" rel=\"attachment wp-att-8582\"><span style=\"color: #0000ff;\"><img loading=\"lazy\" class=\"aligncenter size-medium wp-image-8582\" title=\"minimas\" src=\"\/tormentas-y-rayos\/wp-content\/uploads\/sites\/12\/2014\/05\/minimas.jpg\" alt=\"\" width=\"600\" height=\"400\" srcset=\"https:\/\/static-blogs.diariosur.es\/wp-content\/uploads\/sites\/12\/2014\/05\/minimas.jpg 705w, https:\/\/static-blogs.diariosur.es\/wp-content\/uploads\/sites\/12\/2014\/05\/minimas-601x400.jpg 601w\" sizes=\"(max-width: 600px) 100vw, 600px\" \/><\/span><\/a><\/span><\/p>\n<p>&nbsp;<\/p>\n<p><span style=\"color: #0000ff;\"><strong>Poco mas que contar, la meteo siempre da sorpresas.<\/strong><\/span><\/p>\n<p>&nbsp;<\/p>\n<p><span style=\"color: #ff0000;\"><strong>Resumen Domingo 25 de Mayo.<\/strong><\/span><\/p>\n<p><span style=\"color: #800000;\"><strong>Tampoco se cumplieron mis pron\u00f3sticos y el terral apenas soplo. Incluso la maxima no paso de los 22 grados en el Puerto y de los 23 en la zona de Teatinos. Como hoy no lleguemos a los 30 dimito y cierro el blog jijijij.<\/strong><\/span><\/p>\n<p><span style=\"color: #800000;\"><strong>Lo mas bonito del domingo fue el amanecer.<\/strong><\/span><\/p>\n<p><span style=\"color: #800000;\"><img loading=\"lazy\" class=\"aligncenter\" src=\"https:\/\/farm3.staticflickr.com\/2916\/14077252638_19fbb28842_z.jpg\" alt=\"\" width=\"640\" height=\"428\" \/><\/span><\/p>\n<p>&nbsp;<\/p>\n<p><span style=\"color: #800000;\"><img loading=\"lazy\" class=\"aligncenter\" src=\"https:\/\/farm3.staticflickr.com\/2919\/14284068523_d416374795_z.jpg\" alt=\"\" width=\"640\" height=\"428\" \/><\/span><\/p>\n<p><span style=\"color: #800000;\"><strong>Cuando llegue a Torre de Benagalb\u00f3n sobre las once de la ma\u00f1ana el cielo estaba poco nuboso. Soplaba un poco de poniente, que mas tarde se quito. Mi termometro me marcaba 21 grados en esa zona.<\/strong><\/span><\/p>\n<p><span style=\"color: #800000;\"><a href=\"https:\/\/blogs.diariosur.es\/tormentas-y-rayos\/2014\/05\/26\/hoy-podemos-si-amigos-podemos-llegar-a-los-30-grados-en-malaga-el-terral-de-primavera-y-la-alergia-protagonistas\/attachment\/048\/\" rel=\"attachment wp-att-8584\"><span style=\"color: #800000;\"><img loading=\"lazy\" class=\"aligncenter size-full wp-image-8584\" title=\"048\" src=\"\/tormentas-y-rayos\/wp-content\/uploads\/sites\/12\/2014\/05\/048.jpg\" alt=\"\" width=\"640\" height=\"427\" srcset=\"https:\/\/static-blogs.diariosur.es\/wp-content\/uploads\/sites\/12\/2014\/05\/048.jpg 640w, https:\/\/static-blogs.diariosur.es\/wp-content\/uploads\/sites\/12\/2014\/05\/048-600x400.jpg 600w\" sizes=\"(max-width: 640px) 100vw, 640px\" \/><\/span><\/a><\/span><\/p>\n<p>&nbsp;<\/p>\n<p><span style=\"color: #800000;\"><a href=\"https:\/\/blogs.diariosur.es\/tormentas-y-rayos\/2014\/05\/26\/hoy-podemos-si-amigos-podemos-llegar-a-los-30-grados-en-malaga-el-terral-de-primavera-y-la-alergia-protagonistas\/049-4\/\" rel=\"attachment wp-att-8585\"><span style=\"color: #800000;\"><img loading=\"lazy\" class=\"aligncenter size-full wp-image-8585\" title=\"049\" src=\"\/tormentas-y-rayos\/wp-content\/uploads\/sites\/12\/2014\/05\/049.jpg\" alt=\"\" width=\"640\" height=\"427\" srcset=\"https:\/\/static-blogs.diariosur.es\/wp-content\/uploads\/sites\/12\/2014\/05\/049.jpg 640w, https:\/\/static-blogs.diariosur.es\/wp-content\/uploads\/sites\/12\/2014\/05\/049-600x400.jpg 600w\" sizes=\"(max-width: 640px) 100vw, 640px\" \/><\/span><\/a><\/span><\/p>\n<p>&nbsp;<\/p>\n<p><span style=\"color: #800000;\"><a href=\"https:\/\/blogs.diariosur.es\/tormentas-y-rayos\/2014\/05\/26\/hoy-podemos-si-amigos-podemos-llegar-a-los-30-grados-en-malaga-el-terral-de-primavera-y-la-alergia-protagonistas\/050-2\/\" rel=\"attachment wp-att-8586\"><span style=\"color: #800000;\"><img loading=\"lazy\" class=\"aligncenter size-full wp-image-8586\" title=\"050\" src=\"\/tormentas-y-rayos\/wp-content\/uploads\/sites\/12\/2014\/05\/050.jpg\" alt=\"\" width=\"640\" height=\"427\" srcset=\"https:\/\/static-blogs.diariosur.es\/wp-content\/uploads\/sites\/12\/2014\/05\/050.jpg 640w, https:\/\/static-blogs.diariosur.es\/wp-content\/uploads\/sites\/12\/2014\/05\/050-600x400.jpg 600w\" sizes=\"(max-width: 640px) 100vw, 640px\" \/><\/span><\/a><\/span><\/p>\n<p><span style=\"color: #800000;\"><strong>Os paso las\u00a0m\u00ednimas\u00a0y las\u00a0m\u00e1ximas\u00a0de nuestra comunidad que se dieron ayer domingo.<\/strong><\/span><\/p>\n<p><span style=\"color: #800000;\"><a href=\"https:\/\/blogs.diariosur.es\/tormentas-y-rayos\/2014\/05\/26\/hoy-podemos-si-amigos-podemos-llegar-a-los-30-grados-en-malaga-el-terral-de-primavera-y-la-alergia-protagonistas\/z-maximass\/\" rel=\"attachment wp-att-8589\"><span style=\"color: #800000;\"><img loading=\"lazy\" class=\"aligncenter size-medium wp-image-8589\" title=\"z maximass\" src=\"\/tormentas-y-rayos\/wp-content\/uploads\/sites\/12\/2014\/05\/z-maximass.jpg\" alt=\"\" width=\"600\" height=\"392\" srcset=\"https:\/\/static-blogs.diariosur.es\/wp-content\/uploads\/sites\/12\/2014\/05\/z-maximass.jpg 720w, https:\/\/static-blogs.diariosur.es\/wp-content\/uploads\/sites\/12\/2014\/05\/z-maximass-611x400.jpg 611w\" sizes=\"(max-width: 600px) 100vw, 600px\" \/><\/span><\/a><a href=\"https:\/\/blogs.diariosur.es\/tormentas-y-rayos\/2014\/05\/26\/hoy-podemos-si-amigos-podemos-llegar-a-los-30-grados-en-malaga-el-terral-de-primavera-y-la-alergia-protagonistas\/z-minimas-domingo\/\" rel=\"attachment wp-att-8590\"><span style=\"color: #800000;\"><img loading=\"lazy\" class=\"aligncenter size-medium wp-image-8590\" title=\"z minimas domingo\" src=\"\/tormentas-y-rayos\/wp-content\/uploads\/sites\/12\/2014\/05\/z-minimas-domingo.jpg\" alt=\"\" width=\"600\" height=\"366\" srcset=\"https:\/\/static-blogs.diariosur.es\/wp-content\/uploads\/sites\/12\/2014\/05\/z-minimas-domingo.jpg 777w, https:\/\/static-blogs.diariosur.es\/wp-content\/uploads\/sites\/12\/2014\/05\/z-minimas-domingo-640x390.jpg 640w, https:\/\/static-blogs.diariosur.es\/wp-content\/uploads\/sites\/12\/2014\/05\/z-minimas-domingo-768x469.jpg 768w\" sizes=\"(max-width: 600px) 100vw, 600px\" \/><\/span><\/a><\/span><\/p>\n<p><strong>Poco mas que contar, os dejo con esta impresionante foto de una granizada que se dio ayer en la Provincia de Castell\u00f3n. Me la han etiquetado en facebook.<\/strong><\/p>\n<p><a href=\"https:\/\/blogs.diariosur.es\/tormentas-y-rayos\/2014\/05\/26\/hoy-podemos-si-amigos-podemos-llegar-a-los-30-grados-en-malaga-el-terral-de-primavera-y-la-alergia-protagonistas\/captura-343\/\" rel=\"attachment wp-att-8593\"><img loading=\"lazy\" class=\"aligncenter size-full wp-image-8593\" title=\"Captura\" src=\"\/tormentas-y-rayos\/wp-content\/uploads\/sites\/12\/2014\/05\/Captura16.jpg\" alt=\"\" width=\"496\" height=\"494\" srcset=\"https:\/\/static-blogs.diariosur.es\/wp-content\/uploads\/sites\/12\/2014\/05\/Captura16.jpg 496w, https:\/\/static-blogs.diariosur.es\/wp-content\/uploads\/sites\/12\/2014\/05\/Captura16-150x150.jpg 150w, https:\/\/static-blogs.diariosur.es\/wp-content\/uploads\/sites\/12\/2014\/05\/Captura16-402x400.jpg 402w\" sizes=\"(max-width: 496px) 100vw, 496px\" \/><\/a><\/p>\n<p>&nbsp;<\/p>\n","protected":false},"excerpt":{"rendered":"<p>Buenos dias amigos de la meteo. Son las seis de la ma\u00f1ana, registro 18 grados y los cielos est\u00e1n despejados. Fiasco total en las previsiones que di el viernes para el fin de semana en M\u00e1laga, veis como de vez en cuando me equivoco, aunque tengo una compa\u00f1era que me tiene subido a un altar [&hellip;]<\/p>\n","protected":false},"author":16,"featured_media":8594,"comment_status":"open","ping_status":"open","sticky":false,"template":"","format":"standard","meta":[],"categories":[2],"tags":[62,587,786,975],"_links":{"self":[{"href":"https:\/\/blogs.diariosur.es\/tormentas-y-rayos\/wp-json\/wp\/v2\/posts\/8579"}],"collection":[{"href":"https:\/\/blogs.diariosur.es\/tormentas-y-rayos\/wp-json\/wp\/v2\/posts"}],"about":[{"href":"https:\/\/blogs.diariosur.es\/tormentas-y-rayos\/wp-json\/wp\/v2\/types\/post"}],"author":[{"embeddable":true,"href":"https:\/\/blogs.diariosur.es\/tormentas-y-rayos\/wp-json\/wp\/v2\/users\/16"}],"replies":[{"embeddable":true,"href":"https:\/\/blogs.diariosur.es\/tormentas-y-rayos\/wp-json\/wp\/v2\/comments?post=8579"}],"version-history":[{"count":0,"href":"https:\/\/blogs.diariosur.es\/tormentas-y-rayos\/wp-json\/wp\/v2\/posts\/8579\/revisions"}],"wp:featuredmedia":[{"embeddable":true,"href":"https:\/\/blogs.diariosur.es\/tormentas-y-rayos\/wp-json\/wp\/v2\/media\/8594"}],"wp:attachment":[{"href":"https:\/\/blogs.diariosur.es\/tormentas-y-rayos\/wp-json\/wp\/v2\/media?parent=8579"}],"wp:term":[{"taxonomy":"category","embeddable":true,"href":"https:\/\/blogs.diariosur.es\/tormentas-y-rayos\/wp-json\/wp\/v2\/categories?post=8579"},{"taxonomy":"post_tag","embeddable":true,"href":"https:\/\/blogs.diariosur.es\/tormentas-y-rayos\/wp-json\/wp\/v2\/tags?post=8579"}],"curies":[{"name":"wp","href":"https:\/\/api.w.org\/{rel}","templated":true}]}}