{"id":8596,"date":"2014-05-27T07:28:44","date_gmt":"2014-05-27T05:28:44","guid":{"rendered":"http:\/\/blogs.diariosur.es\/tormentas-y-rayos\/?p=8596"},"modified":"2014-05-27T07:28:44","modified_gmt":"2014-05-27T05:28:44","slug":"llegamos-a-los-30-grados-en-malaga-capital-posibles-chubascos-en-los-sistemas-montanosos-malaguenos","status":"publish","type":"post","link":"https:\/\/blogs.diariosur.es\/tormentas-y-rayos\/2014\/05\/27\/llegamos-a-los-30-grados-en-malaga-capital-posibles-chubascos-en-los-sistemas-montanosos-malaguenos\/","title":{"rendered":"Llegamos a los 30 grados en M\u00e1laga Capital. Posibles chubascos en los sistemas monta\u00f1osos malague\u00f1os."},"content":{"rendered":"<p><strong>Buenos dias amigos de la meteo. <\/strong><\/p>\n<p><strong>Son las siete de la ma\u00f1ana, registro 20 grados y los cielos est\u00e1n poco nubosos como\u00a0pod\u00e9is\u00a0ver en esta foto. Os dejo con el enlace de ayer<a href=\"https:\/\/blogs.diariosur.es\/tormentas-y-rayos\/2014\/05\/26\/hoy-podemos-si-amigos-podemos-llegar-a-los-30-grados-en-malaga-el-terral-de-primavera-y-la-alergia-protagonistas\/\"> PODEMOS<\/a>,\u00a0ver\u00e9is\u00a0unas impresionantes fotos.<\/strong><\/p>\n<p><a href=\"https:\/\/blogs.diariosur.es\/tormentas-y-rayos\/2014\/05\/27\/llegamos-a-los-30-grados-en-malaga-capital-posibles-chubascos-en-los-sistemas-montanosos-malaguenos\/001-18\/\" rel=\"attachment wp-att-8601\"><img loading=\"lazy\" class=\"aligncenter size-full wp-image-8601\" title=\"001\" src=\"\/tormentas-y-rayos\/wp-content\/uploads\/sites\/12\/2014\/05\/0011.jpg\" alt=\"\" width=\"640\" height=\"427\" srcset=\"https:\/\/static-blogs.diariosur.es\/wp-content\/uploads\/sites\/12\/2014\/05\/0011.jpg 640w, https:\/\/static-blogs.diariosur.es\/wp-content\/uploads\/sites\/12\/2014\/05\/0011-600x400.jpg 600w\" sizes=\"(max-width: 640px) 100vw, 640px\" \/><\/a><\/p>\n<p><strong>El terral\u00a0dar\u00e1\u00a0paso a brisas de sur sureste durante la ma\u00f1ana y parte de la tarde. Este\u00a0viento al ser mas\u00a0h\u00famedo\u00a0y tener en altura un poco de\u00a0aire fr\u00edo, \u00a0puede desarrollar nubes tipo cumulonimbus en los sistemas monta\u00f1osos. Hay posibilidad de algunos chaparrones, pero no espero gran cosa.\u00a0Tambi\u00e9n\u00a0a primeras horas se pueden levantar brumas y alguna niebla. A medida que se\u00a0acerque la noche el terral de nuevo tomara protagonismo y soplara de moderado a fuerte en la\u00a0pr\u00f3xima\u00a0madrugada. Nuestro amigo\u00a0seguir\u00e1\u00a0de protagonista durante todo el dia de ma\u00f1ana.<\/strong><\/p>\n<p><strong>Pues si amigos, al final llegamos a los 30 grados \u00a0en el Aeropuerto, fue la maxima de toda Andaluc\u00eda, asi que no cierro el blog jijijij. En cambio, \u00a0en la zona del Puerto la maxima fue de 25.8 grados, en esta zona luchaban a muerte el terral y el levante como\u00a0pod\u00e9is\u00a0ver en este\u00a0gr\u00e1fico\u00a0fuente aemet.<\/strong><\/p>\n<p><a href=\"https:\/\/blogs.diariosur.es\/tormentas-y-rayos\/2014\/05\/27\/llegamos-a-los-30-grados-en-malaga-capital-posibles-chubascos-en-los-sistemas-montanosos-malaguenos\/3-30\/\" rel=\"attachment wp-att-8597\"><img loading=\"lazy\" class=\"aligncenter size-medium wp-image-8597\" title=\"3\" src=\"\/tormentas-y-rayos\/wp-content\/uploads\/sites\/12\/2014\/05\/3.jpg\" alt=\"\" width=\"600\" height=\"262\" srcset=\"https:\/\/static-blogs.diariosur.es\/wp-content\/uploads\/sites\/12\/2014\/05\/3.jpg 718w, https:\/\/static-blogs.diariosur.es\/wp-content\/uploads\/sites\/12\/2014\/05\/3-640x280.jpg 640w\" sizes=\"(max-width: 600px) 100vw, 600px\" \/><\/a><\/p>\n<p>&nbsp;<\/p>\n<p><a href=\"https:\/\/blogs.diariosur.es\/tormentas-y-rayos\/2014\/05\/27\/llegamos-a-los-30-grados-en-malaga-capital-posibles-chubascos-en-los-sistemas-montanosos-malaguenos\/2-39\/\" rel=\"attachment wp-att-8598\"><img loading=\"lazy\" class=\"aligncenter size-medium wp-image-8598\" title=\"2\" src=\"\/tormentas-y-rayos\/wp-content\/uploads\/sites\/12\/2014\/05\/2.jpg\" alt=\"\" width=\"600\" height=\"264\" srcset=\"https:\/\/static-blogs.diariosur.es\/wp-content\/uploads\/sites\/12\/2014\/05\/2.jpg 718w, https:\/\/static-blogs.diariosur.es\/wp-content\/uploads\/sites\/12\/2014\/05\/2-640x283.jpg 640w\" sizes=\"(max-width: 600px) 100vw, 600px\" \/><\/a><\/p>\n<p>&nbsp;<\/p>\n<p><strong>Os paso los datos mas destacados que se dieron ayer en Andaluc\u00eda.<\/strong><\/p>\n<p><a href=\"https:\/\/blogs.diariosur.es\/tormentas-y-rayos\/2014\/05\/27\/llegamos-a-los-30-grados-en-malaga-capital-posibles-chubascos-en-los-sistemas-montanosos-malaguenos\/1-45\/\" rel=\"attachment wp-att-8599\"><img loading=\"lazy\" class=\"aligncenter size-medium wp-image-8599\" title=\"1\" src=\"\/tormentas-y-rayos\/wp-content\/uploads\/sites\/12\/2014\/05\/1.jpg\" alt=\"\" width=\"600\" height=\"265\" srcset=\"https:\/\/static-blogs.diariosur.es\/wp-content\/uploads\/sites\/12\/2014\/05\/1.jpg 726w, https:\/\/static-blogs.diariosur.es\/wp-content\/uploads\/sites\/12\/2014\/05\/1-640x283.jpg 640w\" sizes=\"(max-width: 600px) 100vw, 600px\" \/><\/a><\/p>\n<p><a href=\"https:\/\/blogs.diariosur.es\/tormentas-y-rayos\/2014\/05\/27\/llegamos-a-los-30-grados-en-malaga-capital-posibles-chubascos-en-los-sistemas-montanosos-malaguenos\/terral-16\/\" rel=\"attachment wp-att-8600\"><img loading=\"lazy\" class=\"aligncenter size-large wp-image-8600\" title=\"terral\" src=\"\/tormentas-y-rayos\/wp-content\/uploads\/sites\/12\/2014\/05\/terral.jpg\" alt=\"\" width=\"572\" height=\"600\" srcset=\"https:\/\/static-blogs.diariosur.es\/wp-content\/uploads\/sites\/12\/2014\/05\/terral.jpg 792w, https:\/\/static-blogs.diariosur.es\/wp-content\/uploads\/sites\/12\/2014\/05\/terral-382x400.jpg 382w, https:\/\/static-blogs.diariosur.es\/wp-content\/uploads\/sites\/12\/2014\/05\/terral-768x805.jpg 768w\" sizes=\"(max-width: 572px) 100vw, 572px\" \/><\/a><\/p>\n<p><strong>Hoy muy corto el blog, ma\u00f1ana os\u00a0dar\u00e9\u00a0la previsi\u00f3n hasta el jueves. Os dejo con esta preciosa foto de mi amiga y compa\u00f1era de curro Mariola Gonzalez Moreno. Es una salida de sol desde Benalmadena.\u00a0<\/strong><\/p>\n<p><a href=\"https:\/\/blogs.diariosur.es\/tormentas-y-rayos\/2014\/05\/27\/llegamos-a-los-30-grados-en-malaga-capital-posibles-chubascos-en-los-sistemas-montanosos-malaguenos\/img_4061_1\/\" rel=\"attachment wp-att-8602\"><img loading=\"lazy\" class=\"aligncenter size-full wp-image-8602\" title=\"IMG_4061_1\" src=\"\/tormentas-y-rayos\/wp-content\/uploads\/sites\/12\/2014\/05\/IMG_4061_1.jpg\" alt=\"\" width=\"640\" height=\"360\" \/><\/a><\/p>\n<p>&nbsp;<\/p>\n","protected":false},"excerpt":{"rendered":"<p>Buenos dias amigos de la meteo. Son las siete de la ma\u00f1ana, registro 20 grados y los cielos est\u00e1n poco nubosos como\u00a0pod\u00e9is\u00a0ver en esta foto. Os dejo con el enlace de ayer PODEMOS,\u00a0ver\u00e9is\u00a0unas impresionantes fotos. El terral\u00a0dar\u00e1\u00a0paso a brisas de sur sureste durante la ma\u00f1ana y parte de la tarde. Este\u00a0viento al ser mas\u00a0h\u00famedo\u00a0y tener [&hellip;]<\/p>\n","protected":false},"author":16,"featured_media":8602,"comment_status":"open","ping_status":"open","sticky":false,"template":"","format":"standard","meta":[],"categories":[2],"tags":[],"_links":{"self":[{"href":"https:\/\/blogs.diariosur.es\/tormentas-y-rayos\/wp-json\/wp\/v2\/posts\/8596"}],"collection":[{"href":"https:\/\/blogs.diariosur.es\/tormentas-y-rayos\/wp-json\/wp\/v2\/posts"}],"about":[{"href":"https:\/\/blogs.diariosur.es\/tormentas-y-rayos\/wp-json\/wp\/v2\/types\/post"}],"author":[{"embeddable":true,"href":"https:\/\/blogs.diariosur.es\/tormentas-y-rayos\/wp-json\/wp\/v2\/users\/16"}],"replies":[{"embeddable":true,"href":"https:\/\/blogs.diariosur.es\/tormentas-y-rayos\/wp-json\/wp\/v2\/comments?post=8596"}],"version-history":[{"count":0,"href":"https:\/\/blogs.diariosur.es\/tormentas-y-rayos\/wp-json\/wp\/v2\/posts\/8596\/revisions"}],"wp:featuredmedia":[{"embeddable":true,"href":"https:\/\/blogs.diariosur.es\/tormentas-y-rayos\/wp-json\/wp\/v2\/media\/8602"}],"wp:attachment":[{"href":"https:\/\/blogs.diariosur.es\/tormentas-y-rayos\/wp-json\/wp\/v2\/media?parent=8596"}],"wp:term":[{"taxonomy":"category","embeddable":true,"href":"https:\/\/blogs.diariosur.es\/tormentas-y-rayos\/wp-json\/wp\/v2\/categories?post=8596"},{"taxonomy":"post_tag","embeddable":true,"href":"https:\/\/blogs.diariosur.es\/tormentas-y-rayos\/wp-json\/wp\/v2\/tags?post=8596"}],"curies":[{"name":"wp","href":"https:\/\/api.w.org\/{rel}","templated":true}]}}