{"id":8615,"date":"2014-05-29T07:22:04","date_gmt":"2014-05-29T05:22:04","guid":{"rendered":"http:\/\/blogs.diariosur.es\/tormentas-y-rayos\/?p=8615"},"modified":"2014-05-29T07:22:04","modified_gmt":"2014-05-29T05:22:04","slug":"el-terral-hara-subir-los-termometros-en-la-capital-malaguena-hasta-los-30-grados-bestial-foto-de-una-tormenta-entrando-en-valencia","status":"publish","type":"post","link":"https:\/\/blogs.diariosur.es\/tormentas-y-rayos\/2014\/05\/29\/el-terral-hara-subir-los-termometros-en-la-capital-malaguena-hasta-los-30-grados-bestial-foto-de-una-tormenta-entrando-en-valencia\/","title":{"rendered":"El terral har\u00e1 subir los term\u00f3metros en la capital malague\u00f1a hasta los 30 grados. Bestial foto de una tormenta entrando en Valencia."},"content":{"rendered":"<p><strong>Buenos dias amigos de la meteo.<\/strong><\/p>\n<p><strong>Son las seis y media de la ma\u00f1ana, registro 20 grados y el terral de primavera sopla moderado en la capital malague\u00f1a. Hoy seguiremos con esta t\u00f3nica y se podr\u00e1n alcanzar casi los 30 grados en algunos puntos de la capital. A medida que se acerque la noche, el terral ira amainando. Fuente Aemet.<\/strong><\/p>\n<p><a href=\"https:\/\/blogs.diariosur.es\/tormentas-y-rayos\/2014\/05\/29\/el-terral-hara-subir-los-termometros-en-la-capital-malaguena-hasta-los-30-grados-bestial-foto-de-una-tormenta-entrando-en-valencia\/captura-344\/\" rel=\"attachment wp-att-8616\"><img loading=\"lazy\" class=\"aligncenter size-medium wp-image-8616\" title=\"Captura\" src=\"\/tormentas-y-rayos\/wp-content\/uploads\/sites\/12\/2014\/05\/Captura17.jpg\" alt=\"\" width=\"505\" height=\"400\" srcset=\"https:\/\/static-blogs.diariosur.es\/wp-content\/uploads\/sites\/12\/2014\/05\/Captura17.jpg 787w, https:\/\/static-blogs.diariosur.es\/wp-content\/uploads\/sites\/12\/2014\/05\/Captura17-505x400.jpg 505w, https:\/\/static-blogs.diariosur.es\/wp-content\/uploads\/sites\/12\/2014\/05\/Captura17-768x608.jpg 768w\" sizes=\"(max-width: 505px) 100vw, 505px\" \/><\/a><\/p>\n<p><strong>RESUMEN\u00a0MI\u00c9RCOLES\u00a028 DE MAYO.<\/strong><\/p>\n<p><strong>Primero os paso la foto del amanecer, ya que al final ayer en el post \u00a0solo os puse el barco que<a href=\"https:\/\/blogs.diariosur.es\/tormentas-y-rayos\/2014\/05\/28\/a-punto-de-encallar-un-barco-contenedor-en-la-playa-de-malaga-el-terral-protagonista-tormentas-fuertes-en-el-noreste-peninsular\/\"> casi encalla en la Playa de la Misericordia.\u00a0<\/a><\/strong><\/p>\n<p><img loading=\"lazy\" class=\"aligncenter\" src=\"https:\/\/farm3.staticflickr.com\/2908\/14295117244_0fac449332_z.jpg\" alt=\"\" width=\"640\" height=\"428\" \/><\/p>\n<p>&nbsp;<\/p>\n<p><img loading=\"lazy\" class=\"aligncenter\" src=\"https:\/\/farm6.staticflickr.com\/5563\/14109026460_db47dcc024_z.jpg\" alt=\"\" width=\"640\" height=\"428\" \/><\/p>\n<p><strong>Ayer se cumplieron los pron\u00f3sticos, y las tormentas fueron las protagonistas en el noreste peninsular y en las Islas Baleares, incluso en la Comunidad Valenciana se registraron precipitaciones. Mis amigos de Tiempo Valencia me mandan esta impresionante y bestial foto de una tormenta entrando en la Capital Valenciana. El autor de la foto se llama Teo Os.<\/strong><\/p>\n<p><a href=\"https:\/\/blogs.diariosur.es\/tormentas-y-rayos\/2014\/05\/29\/el-terral-hara-subir-los-termometros-en-la-capital-malaguena-hasta-los-30-grados-bestial-foto-de-una-tormenta-entrando-en-valencia\/teo-os\/\" rel=\"attachment wp-att-8618\"><img loading=\"lazy\" class=\"aligncenter size-full wp-image-8618\" title=\"TEO OS\" src=\"\/tormentas-y-rayos\/wp-content\/uploads\/sites\/12\/2014\/05\/TEO-OS.jpg\" alt=\"\" width=\"640\" height=\"260\" \/><\/a><\/p>\n<p>&nbsp;<\/p>\n<p><strong>En Andaluc\u00eda cayeron peque\u00f1os chubascos, la verdad que poca cosa. Pero las nubes dejaron bonitos cielos en toda Andalucia. Os traigo dos fotos que me han mandado mis amigos.<\/strong><\/p>\n<p><strong>La primera es desde la Roda de Andaluc\u00eda, preciosa foto de Francisco Jose Rubio Cruz.<\/strong><\/p>\n<p><a href=\"https:\/\/blogs.diariosur.es\/tormentas-y-rayos\/2014\/05\/29\/el-terral-hara-subir-los-termometros-en-la-capital-malaguena-hasta-los-30-grados-bestial-foto-de-una-tormenta-entrando-en-valencia\/francisco-rubio-cruz\/\" rel=\"attachment wp-att-8619\"><img loading=\"lazy\" class=\"aligncenter size-full wp-image-8619\" title=\"francisco rubio cruz\" src=\"\/tormentas-y-rayos\/wp-content\/uploads\/sites\/12\/2014\/05\/francisco-rubio-cruz.jpg\" alt=\"\" width=\"640\" height=\"427\" srcset=\"https:\/\/static-blogs.diariosur.es\/wp-content\/uploads\/sites\/12\/2014\/05\/francisco-rubio-cruz.jpg 640w, https:\/\/static-blogs.diariosur.es\/wp-content\/uploads\/sites\/12\/2014\/05\/francisco-rubio-cruz-600x400.jpg 600w\" sizes=\"(max-width: 640px) 100vw, 640px\" \/><\/a><\/p>\n<p><strong>La segunda foto es de Fernando Berrocal, ayer me vio en el curro y me dio mucha alegr\u00eda verlo. Me comento que los pantanos de la zona del Guadalhorce aun se ve\u00edan con bastante agua. Os paso estos dos fotones.<\/strong><\/p>\n<p><a href=\"https:\/\/blogs.diariosur.es\/tormentas-y-rayos\/2014\/05\/29\/el-terral-hara-subir-los-termometros-en-la-capital-malaguena-hasta-los-30-grados-bestial-foto-de-una-tormenta-entrando-en-valencia\/2014-05-28_13-23-19_348\/\" rel=\"attachment wp-att-8620\"><img loading=\"lazy\" class=\"aligncenter size-full wp-image-8620\" title=\"2014-05-28_13-23-19_348\" src=\"\/tormentas-y-rayos\/wp-content\/uploads\/sites\/12\/2014\/05\/2014-05-28_13-23-19_348.jpg\" alt=\"\" width=\"640\" height=\"361\" \/><\/a><\/p>\n<p>&nbsp;<\/p>\n<p><a href=\"https:\/\/blogs.diariosur.es\/tormentas-y-rayos\/2014\/05\/29\/el-terral-hara-subir-los-termometros-en-la-capital-malaguena-hasta-los-30-grados-bestial-foto-de-una-tormenta-entrando-en-valencia\/fernando-berrocal-9\/\" rel=\"attachment wp-att-8621\"><img loading=\"lazy\" class=\"aligncenter size-full wp-image-8621\" title=\"fernando berrocal\" src=\"\/tormentas-y-rayos\/wp-content\/uploads\/sites\/12\/2014\/05\/fernando-berrocal.jpg\" alt=\"\" width=\"640\" height=\"361\" \/><\/a><\/p>\n<p><strong>Os paso el gr\u00e1fico de viento del Puerto de M\u00e1laga a petici\u00f3n de mi cu\u00f1ado Fefo. El terral soplo durante todo el dia, y no hubo ninguna reboza de levante.<\/strong><\/p>\n<p><a href=\"https:\/\/blogs.diariosur.es\/tormentas-y-rayos\/2014\/05\/29\/el-terral-hara-subir-los-termometros-en-la-capital-malaguena-hasta-los-30-grados-bestial-foto-de-una-tormenta-entrando-en-valencia\/viento-28\/\" rel=\"attachment wp-att-8622\"><img loading=\"lazy\" class=\"aligncenter size-medium wp-image-8622\" title=\"viento\" src=\"\/tormentas-y-rayos\/wp-content\/uploads\/sites\/12\/2014\/05\/viento1.jpg\" alt=\"\" width=\"600\" height=\"260\" srcset=\"https:\/\/static-blogs.diariosur.es\/wp-content\/uploads\/sites\/12\/2014\/05\/viento1.jpg 732w, https:\/\/static-blogs.diariosur.es\/wp-content\/uploads\/sites\/12\/2014\/05\/viento1-640x278.jpg 640w\" sizes=\"(max-width: 600px) 100vw, 600px\" \/><\/a><\/p>\n<p><strong>Tambi\u00e9n destacar que la maxima de Andaluc\u00eda la dio Vel\u00e9z M\u00e1laga con 28 grados.<\/strong><\/p>\n<p><a href=\"https:\/\/blogs.diariosur.es\/tormentas-y-rayos\/2014\/05\/29\/el-terral-hara-subir-los-termometros-en-la-capital-malaguena-hasta-los-30-grados-bestial-foto-de-una-tormenta-entrando-en-valencia\/captura-346\/\" rel=\"attachment wp-att-8623\"><img loading=\"lazy\" class=\"aligncenter size-medium wp-image-8623\" title=\"Captura\" src=\"\/tormentas-y-rayos\/wp-content\/uploads\/sites\/12\/2014\/05\/Captura19.jpg\" alt=\"\" width=\"600\" height=\"181\" srcset=\"https:\/\/static-blogs.diariosur.es\/wp-content\/uploads\/sites\/12\/2014\/05\/Captura19.jpg 785w, https:\/\/static-blogs.diariosur.es\/wp-content\/uploads\/sites\/12\/2014\/05\/Captura19-640x193.jpg 640w, https:\/\/static-blogs.diariosur.es\/wp-content\/uploads\/sites\/12\/2014\/05\/Captura19-768x232.jpg 768w\" sizes=\"(max-width: 600px) 100vw, 600px\" \/><\/a><\/p>\n<p><strong>Poco mas que contar amigos. Ma\u00f1ana adelantare algo el pronostico para el fin de semana, de todas formas aun no esta muy claro que pasara el domingo. Como el\u00a0s\u00e1bado\u00a0libro, de nuevo actualizare el blog, \u00a0y veremos que zona de Andaluc\u00eda afectaran mas las tormentas.<\/strong><\/p>\n<p>&nbsp;<\/p>\n<p>&nbsp;<\/p>\n","protected":false},"excerpt":{"rendered":"<p>Buenos dias amigos de la meteo. Son las seis y media de la ma\u00f1ana, registro 20 grados y el terral de primavera sopla moderado en la capital malague\u00f1a. Hoy seguiremos con esta t\u00f3nica y se podr\u00e1n alcanzar casi los 30 grados en algunos puntos de la capital. A medida que se acerque la noche, el [&hellip;]<\/p>\n","protected":false},"author":16,"featured_media":8618,"comment_status":"open","ping_status":"open","sticky":false,"template":"","format":"standard","meta":[],"categories":[2],"tags":[587,975,992,1040],"_links":{"self":[{"href":"https:\/\/blogs.diariosur.es\/tormentas-y-rayos\/wp-json\/wp\/v2\/posts\/8615"}],"collection":[{"href":"https:\/\/blogs.diariosur.es\/tormentas-y-rayos\/wp-json\/wp\/v2\/posts"}],"about":[{"href":"https:\/\/blogs.diariosur.es\/tormentas-y-rayos\/wp-json\/wp\/v2\/types\/post"}],"author":[{"embeddable":true,"href":"https:\/\/blogs.diariosur.es\/tormentas-y-rayos\/wp-json\/wp\/v2\/users\/16"}],"replies":[{"embeddable":true,"href":"https:\/\/blogs.diariosur.es\/tormentas-y-rayos\/wp-json\/wp\/v2\/comments?post=8615"}],"version-history":[{"count":0,"href":"https:\/\/blogs.diariosur.es\/tormentas-y-rayos\/wp-json\/wp\/v2\/posts\/8615\/revisions"}],"wp:featuredmedia":[{"embeddable":true,"href":"https:\/\/blogs.diariosur.es\/tormentas-y-rayos\/wp-json\/wp\/v2\/media\/8618"}],"wp:attachment":[{"href":"https:\/\/blogs.diariosur.es\/tormentas-y-rayos\/wp-json\/wp\/v2\/media?parent=8615"}],"wp:term":[{"taxonomy":"category","embeddable":true,"href":"https:\/\/blogs.diariosur.es\/tormentas-y-rayos\/wp-json\/wp\/v2\/categories?post=8615"},{"taxonomy":"post_tag","embeddable":true,"href":"https:\/\/blogs.diariosur.es\/tormentas-y-rayos\/wp-json\/wp\/v2\/tags?post=8615"}],"curies":[{"name":"wp","href":"https:\/\/api.w.org\/{rel}","templated":true}]}}