{"id":8624,"date":"2014-05-30T07:38:03","date_gmt":"2014-05-30T05:38:03","guid":{"rendered":"http:\/\/blogs.diariosur.es\/tormentas-y-rayos\/?p=8624"},"modified":"2014-05-30T07:38:03","modified_gmt":"2014-05-30T05:38:03","slug":"malaga-registra-la-maxima-y-la-minima-mas-alta-de-espana-debido-al-terral-de-primavera-el-sabado-nos-dara-un-respiro","status":"publish","type":"post","link":"https:\/\/blogs.diariosur.es\/tormentas-y-rayos\/2014\/05\/30\/malaga-registra-la-maxima-y-la-minima-mas-alta-de-espana-debido-al-terral-de-primavera-el-sabado-nos-dara-un-respiro\/","title":{"rendered":"M\u00e1laga registra  la m\u00e1xima y la m\u00ednima mas alta de Espa\u00f1a debido al terral de primavera. El s\u00e1bado nos dara un respiro."},"content":{"rendered":"<p><strong>Buenos dias amigos de la meteo. Son las seis de la ma\u00f1ana, registro 22,8 grados y los cielos est\u00e1n despejados. Como hab\u00e9is podido leer en el titulo del post, \u00a0M\u00e1laga y concretamente en la zona del Aeropuerto ha dado la m\u00e1xima de Espa\u00f1a con 32,1 grados. Le sigue la estaci\u00f3n que tiene la Aemet en el Puerto Malague\u00f1o con 31,7. Mirando en estos momentos las\u00a0m\u00ednimas\u00a0que se dan en Espa\u00f1a, tambi\u00e9n M\u00e1laga da la\u00a0m\u00ednima\u00a0mas alta en estos momentos. Os paso\u00a0los datos mas destacados de ayer jueves, fuente Aemet.<\/strong><\/p>\n<p><strong>\u00a0<\/strong><a href=\"https:\/\/blogs.diariosur.es\/tormentas-y-rayos\/2014\/05\/30\/malaga-registra-la-maxima-y-la-minima-mas-alta-de-espana-debido-al-terral-de-primavera-el-sabado-nos-dara-un-respiro\/1-46\/\" rel=\"attachment wp-att-8625\"><img loading=\"lazy\" class=\"aligncenter size-medium wp-image-8625\" title=\"1\" src=\"\/tormentas-y-rayos\/wp-content\/uploads\/sites\/12\/2014\/05\/11.jpg\" alt=\"\" width=\"600\" height=\"301\" srcset=\"https:\/\/static-blogs.diariosur.es\/wp-content\/uploads\/sites\/12\/2014\/05\/11.jpg 790w, https:\/\/static-blogs.diariosur.es\/wp-content\/uploads\/sites\/12\/2014\/05\/11-640x322.jpg 640w, https:\/\/static-blogs.diariosur.es\/wp-content\/uploads\/sites\/12\/2014\/05\/11-768x386.jpg 768w\" sizes=\"(max-width: 600px) 100vw, 600px\" \/><\/a><\/p>\n<p><strong>Hoy viernes el terral de primavera seguir\u00e1 de protagonista y de nuevo las\u00a0m\u00e1ximas\u00a0en la capital rondaran los 30 grados o m\u00e1s. Un solo apunte para los que quer\u00e1is saber cu\u00e1l ha sido la m\u00e1xima para un\u00a0mes de mayo en M\u00e1laga &#8230;&#8230;.. !! nada m\u00e1s y nada menos que 35 grados. <span style=\"color: #ff00ff;\">Esto sucedi\u00f3 un 14 de mayo del 1999<\/span>. Aunque os parezca mentira me acuerdo perfectamente, ya que estaba de vacaciones. Os paso los mapas de ese dia.<\/strong><\/p>\n<p>&nbsp;<\/p>\n<p><a href=\"https:\/\/blogs.diariosur.es\/tormentas-y-rayos\/2014\/05\/30\/malaga-registra-la-maxima-y-la-minima-mas-alta-de-espana-debido-al-terral-de-primavera-el-sabado-nos-dara-un-respiro\/malaga-1\/\" rel=\"attachment wp-att-8635\"><img loading=\"lazy\" class=\"aligncenter size-medium wp-image-8635\" title=\"malaga 1\" src=\"\/tormentas-y-rayos\/wp-content\/uploads\/sites\/12\/2014\/05\/malaga-1.jpg\" alt=\"\" width=\"501\" height=\"400\" srcset=\"https:\/\/static-blogs.diariosur.es\/wp-content\/uploads\/sites\/12\/2014\/05\/malaga-1.jpg 763w, https:\/\/static-blogs.diariosur.es\/wp-content\/uploads\/sites\/12\/2014\/05\/malaga-1-501x400.jpg 501w\" sizes=\"(max-width: 501px) 100vw, 501px\" \/><\/a><\/p>\n<p><a href=\"https:\/\/blogs.diariosur.es\/tormentas-y-rayos\/2014\/05\/30\/malaga-registra-la-maxima-y-la-minima-mas-alta-de-espana-debido-al-terral-de-primavera-el-sabado-nos-dara-un-respiro\/malaga-5\/\" rel=\"attachment wp-att-8636\"><img loading=\"lazy\" class=\"aligncenter size-medium wp-image-8636\" title=\"malaga\" src=\"\/tormentas-y-rayos\/wp-content\/uploads\/sites\/12\/2014\/05\/malaga.jpg\" alt=\"\" width=\"500\" height=\"400\" srcset=\"https:\/\/static-blogs.diariosur.es\/wp-content\/uploads\/sites\/12\/2014\/05\/malaga.jpg 773w, https:\/\/static-blogs.diariosur.es\/wp-content\/uploads\/sites\/12\/2014\/05\/malaga-500x400.jpg 500w, https:\/\/static-blogs.diariosur.es\/wp-content\/uploads\/sites\/12\/2014\/05\/malaga-768x614.jpg 768w\" sizes=\"(max-width: 500px) 100vw, 500px\" \/><\/a><\/p>\n<p><span style=\"color: #ff0000;\"><strong>Pero la palma se la lleva C\u00f3rdoba Aeropuerto con \u00a040.1 grados, esto sucedi\u00f3 <span style=\"color: #ff00ff;\">\u00a0el 17 de Mayo del 2006<\/span>. Ese dia ten\u00edamos una dorsal africana afectando a Andaluc\u00eda.<\/strong><\/span><\/p>\n<p>&nbsp;<\/p>\n<p><a href=\"https:\/\/blogs.diariosur.es\/tormentas-y-rayos\/2014\/05\/30\/malaga-registra-la-maxima-y-la-minima-mas-alta-de-espana-debido-al-terral-de-primavera-el-sabado-nos-dara-un-respiro\/cordoba-2\/\" rel=\"attachment wp-att-8634\"><img loading=\"lazy\" class=\"aligncenter size-medium wp-image-8634\" title=\"cordoba\" src=\"\/tormentas-y-rayos\/wp-content\/uploads\/sites\/12\/2014\/05\/cordoba.jpg\" alt=\"\" width=\"499\" height=\"400\" srcset=\"https:\/\/static-blogs.diariosur.es\/wp-content\/uploads\/sites\/12\/2014\/05\/cordoba.jpg 778w, https:\/\/static-blogs.diariosur.es\/wp-content\/uploads\/sites\/12\/2014\/05\/cordoba-500x400.jpg 500w, https:\/\/static-blogs.diariosur.es\/wp-content\/uploads\/sites\/12\/2014\/05\/cordoba-768x615.jpg 768w\" sizes=\"(max-width: 499px) 100vw, 499px\" \/><\/a><\/p>\n<p><strong><br \/>\n<\/strong><\/p>\n<p>&nbsp;<\/p>\n<p><span style=\"color: #0000ff;\"><strong>Bueno amigos os leo el pensamiento y est\u00e1is diciendo: menudo rollo se est\u00e1 metiendo \u00a0este hoy, \u00a0y aun no ha dicho nada del fin de semana&#8230;&#8230;jijijijij \u00bf a que si? Posi amigos va a ser que si.\u00a0<\/strong><\/span><\/p>\n<p><strong><span style=\"color: #ff0000;\">Aun no lo tengo muy claro, y es que a partir de ma\u00f1ana una bolsa de aire\u00a0fr\u00edo\u00a0en altura se situara al este de nuestra comunidad. En los mapas de 500 hpa del modelo hirlam ( 5500 m) se ve perfectamente. Fuente aemet.<\/span><\/strong><\/p>\n<p><a href=\"https:\/\/blogs.diariosur.es\/tormentas-y-rayos\/2014\/05\/30\/malaga-registra-la-maxima-y-la-minima-mas-alta-de-espana-debido-al-terral-de-primavera-el-sabado-nos-dara-un-respiro\/captura-347\/\" rel=\"attachment wp-att-8630\"><img loading=\"lazy\" class=\"aligncenter size-medium wp-image-8630\" title=\"Captura\" src=\"\/tormentas-y-rayos\/wp-content\/uploads\/sites\/12\/2014\/05\/Captura20.jpg\" alt=\"\" width=\"555\" height=\"400\" srcset=\"https:\/\/static-blogs.diariosur.es\/wp-content\/uploads\/sites\/12\/2014\/05\/Captura20.jpg 693w, https:\/\/static-blogs.diariosur.es\/wp-content\/uploads\/sites\/12\/2014\/05\/Captura20-556x400.jpg 556w\" sizes=\"(max-width: 555px) 100vw, 555px\" \/><\/a><\/p>\n<p><strong>Que es lo que ocurre? pues muy\u00a0f\u00e1cil\u00a0amigos de la meteo, que los modelos aun no se ponen de acuerdo donde pondr\u00e1 el huevo jijij. En estos momentos el gfs la pone en la vertical de M\u00e1laga.<\/strong><\/p>\n<p><a href=\"https:\/\/blogs.diariosur.es\/tormentas-y-rayos\/2014\/05\/30\/malaga-registra-la-maxima-y-la-minima-mas-alta-de-espana-debido-al-terral-de-primavera-el-sabado-nos-dara-un-respiro\/zzzzzzzz\/\" rel=\"attachment wp-att-8637\"><img loading=\"lazy\" class=\"aligncenter size-large wp-image-8637\" title=\"zzzzzzzz\" src=\"\/tormentas-y-rayos\/wp-content\/uploads\/sites\/12\/2014\/05\/zzzzzzzz.gif\" alt=\"\" width=\"600\" height=\"600\" \/><\/a><\/p>\n<p><strong>\u00a0Asi que como ma\u00f1ana libro, \u00a0de nuevo actualizare el blog, \u00a0y veremos que da de si esta situaci\u00f3n. Lo que si os puedo adelantar es que entrara levante acompa\u00f1ado de nubes y que el terral y la alergia nos\u00a0dar\u00e1\u00a0un respiro.\u00a0<\/strong><\/p>\n<p>&nbsp;<\/p>\n<p><strong>\u00a0Mi amiga\u00a0\u00a0Margarita Rossello Canals\u00a0me manda\u00a0este fot\u00f3n de un rayo, lo que tiene mas merito de esta foto es que el rayo esta cazado con un\u00a0m\u00f3vil, una pasada amiga.<\/strong><\/p>\n<p><a href=\"https:\/\/blogs.diariosur.es\/tormentas-y-rayos\/2014\/05\/30\/malaga-registra-la-maxima-y-la-minima-mas-alta-de-espana-debido-al-terral-de-primavera-el-sabado-nos-dara-un-respiro\/margarita-rossello-canals\/\" rel=\"attachment wp-att-8631\"><img loading=\"lazy\" class=\"aligncenter size-medium wp-image-8631\" title=\"Margarita Rossello Canals\" src=\"\/tormentas-y-rayos\/wp-content\/uploads\/sites\/12\/2014\/05\/Margarita-Rossello-Canals.jpg\" alt=\"\" width=\"600\" height=\"370\" srcset=\"https:\/\/static-blogs.diariosur.es\/wp-content\/uploads\/sites\/12\/2014\/05\/Margarita-Rossello-Canals.jpg 960w, https:\/\/static-blogs.diariosur.es\/wp-content\/uploads\/sites\/12\/2014\/05\/Margarita-Rossello-Canals-640x395.jpg 640w, https:\/\/static-blogs.diariosur.es\/wp-content\/uploads\/sites\/12\/2014\/05\/Margarita-Rossello-Canals-768x474.jpg 768w\" sizes=\"(max-width: 600px) 100vw, 600px\" \/><\/a><\/p>\n<p><strong>Poco mas que contar amigos, \u00a0os dejo con estas dos fotos, la primera es de mi amigo y pedazo de fot\u00f3grafo Carlos Castro. Fot\u00f3nnnnnnnnnnn.<\/strong><\/p>\n<p><a href=\"https:\/\/blogs.diariosur.es\/tormentas-y-rayos\/2014\/05\/30\/malaga-registra-la-maxima-y-la-minima-mas-alta-de-espana-debido-al-terral-de-primavera-el-sabado-nos-dara-un-respiro\/10403813_593549467410598_7337055292934433859_o\/\" rel=\"attachment wp-att-8632\"><img loading=\"lazy\" class=\"aligncenter size-full wp-image-8632\" title=\"10403813_593549467410598_7337055292934433859_o\" src=\"\/tormentas-y-rayos\/wp-content\/uploads\/sites\/12\/2014\/05\/10403813_593549467410598_7337055292934433859_o.jpg\" alt=\"\" width=\"640\" height=\"427\" srcset=\"https:\/\/static-blogs.diariosur.es\/wp-content\/uploads\/sites\/12\/2014\/05\/10403813_593549467410598_7337055292934433859_o.jpg 640w, https:\/\/static-blogs.diariosur.es\/wp-content\/uploads\/sites\/12\/2014\/05\/10403813_593549467410598_7337055292934433859_o-600x400.jpg 600w\" sizes=\"(max-width: 640px) 100vw, 640px\" \/><\/a><\/p>\n<p><strong>Y la ultima una\u00a0m\u00eda\u00a0del amanecer del\u00a0mi\u00e9rcoles pasado. Nos vemos ma\u00f1ana.<\/strong><\/p>\n<p><strong>\u00a0<a href=\"https:\/\/blogs.diariosur.es\/tormentas-y-rayos\/2014\/05\/30\/malaga-registra-la-maxima-y-la-minima-mas-alta-de-espana-debido-al-terral-de-primavera-el-sabado-nos-dara-un-respiro\/044-4\/\" rel=\"attachment wp-att-8633\"><img loading=\"lazy\" class=\"aligncenter size-full wp-image-8633\" title=\"044\" src=\"\/tormentas-y-rayos\/wp-content\/uploads\/sites\/12\/2014\/05\/044.jpg\" alt=\"\" width=\"640\" height=\"427\" srcset=\"https:\/\/static-blogs.diariosur.es\/wp-content\/uploads\/sites\/12\/2014\/05\/044.jpg 640w, https:\/\/static-blogs.diariosur.es\/wp-content\/uploads\/sites\/12\/2014\/05\/044-600x400.jpg 600w\" sizes=\"(max-width: 640px) 100vw, 640px\" \/><\/a><\/strong><\/p>\n","protected":false},"excerpt":{"rendered":"<p>Buenos dias amigos de la meteo. Son las seis de la ma\u00f1ana, registro 22,8 grados y los cielos est\u00e1n despejados. Como hab\u00e9is podido leer en el titulo del post, \u00a0M\u00e1laga y concretamente en la zona del Aeropuerto ha dado la m\u00e1xima de Espa\u00f1a con 32,1 grados. Le sigue la estaci\u00f3n que tiene la Aemet en [&hellip;]<\/p>\n","protected":false},"author":16,"featured_media":8632,"comment_status":"open","ping_status":"open","sticky":false,"template":"","format":"standard","meta":[],"categories":[2],"tags":[80,375,587,614,624,975],"_links":{"self":[{"href":"https:\/\/blogs.diariosur.es\/tormentas-y-rayos\/wp-json\/wp\/v2\/posts\/8624"}],"collection":[{"href":"https:\/\/blogs.diariosur.es\/tormentas-y-rayos\/wp-json\/wp\/v2\/posts"}],"about":[{"href":"https:\/\/blogs.diariosur.es\/tormentas-y-rayos\/wp-json\/wp\/v2\/types\/post"}],"author":[{"embeddable":true,"href":"https:\/\/blogs.diariosur.es\/tormentas-y-rayos\/wp-json\/wp\/v2\/users\/16"}],"replies":[{"embeddable":true,"href":"https:\/\/blogs.diariosur.es\/tormentas-y-rayos\/wp-json\/wp\/v2\/comments?post=8624"}],"version-history":[{"count":0,"href":"https:\/\/blogs.diariosur.es\/tormentas-y-rayos\/wp-json\/wp\/v2\/posts\/8624\/revisions"}],"wp:featuredmedia":[{"embeddable":true,"href":"https:\/\/blogs.diariosur.es\/tormentas-y-rayos\/wp-json\/wp\/v2\/media\/8632"}],"wp:attachment":[{"href":"https:\/\/blogs.diariosur.es\/tormentas-y-rayos\/wp-json\/wp\/v2\/media?parent=8624"}],"wp:term":[{"taxonomy":"category","embeddable":true,"href":"https:\/\/blogs.diariosur.es\/tormentas-y-rayos\/wp-json\/wp\/v2\/categories?post=8624"},{"taxonomy":"post_tag","embeddable":true,"href":"https:\/\/blogs.diariosur.es\/tormentas-y-rayos\/wp-json\/wp\/v2\/tags?post=8624"}],"curies":[{"name":"wp","href":"https:\/\/api.w.org\/{rel}","templated":true}]}}