{"id":8639,"date":"2014-05-31T08:19:38","date_gmt":"2014-05-31T06:19:38","guid":{"rendered":"http:\/\/blogs.diariosur.es\/tormentas-y-rayos\/?p=8639"},"modified":"2014-05-31T08:19:38","modified_gmt":"2014-05-31T06:19:38","slug":"aviso-amarillo-por-tormentas-en-malaga-el-domingo-en-granada-jaen-y-almeria-hoy-sabado-bolsa-de-aire-frio-en-altura","status":"publish","type":"post","link":"https:\/\/blogs.diariosur.es\/tormentas-y-rayos\/2014\/05\/31\/aviso-amarillo-por-tormentas-en-malaga-el-domingo-en-granada-jaen-y-almeria-hoy-sabado-bolsa-de-aire-frio-en-altura\/","title":{"rendered":"Aviso amarillo por tormentas en M\u00e1laga el Domingo.En Granada, Ja\u00e9n y Almer\u00eda hoy sabado. Bolsa de aire fr\u00edo en altura."},"content":{"rendered":"<p><strong>\u00a0\u00daltima hora. aviso naranja por tormentas.\u00a0<\/strong><\/p>\n<p>&nbsp;<\/p>\n<p><strong>Buenos dias amigos de la meteo. Son las seis de la ma\u00f1ana, registro 19 grados y el levante acompa\u00f1ado de nubes bajas ya es protagonista desde hace unas horas. En el post que os\u00a0abr\u00ed\u00a0ayer, os comentaba\u00a0que aun no estaba claro donde se\u00a0situar\u00eda\u00a0el embolsamiento de aire fr\u00edo, pues parece que los modelos casi se ponen de acuerdo y como\u00a0pod\u00e9is\u00a0ver en este mapa de 500 hpa (5500 m) la\u00a0sit\u00faan\u00a0sobre la zona del Estrecho, un cambio brutal con respecto a lo de ayer.\u00a0Fuente\u00a0hirlam, Aemet.<\/strong><\/p>\n<p><strong><a href=\"https:\/\/blogs.diariosur.es\/tormentas-y-rayos\/2014\/05\/31\/aviso-amarillo-por-tormentas-en-malaga-el-domingo-en-granada-jaen-y-almeria-hoy-sabado-bolsa-de-aire-frio-en-altura\/captura-348\/\" rel=\"attachment wp-att-8640\"><img loading=\"lazy\" class=\"aligncenter size-medium wp-image-8640\" title=\"Captura\" src=\"\/tormentas-y-rayos\/wp-content\/uploads\/sites\/12\/2014\/05\/Captura21.jpg\" alt=\"\" width=\"548\" height=\"400\" srcset=\"https:\/\/static-blogs.diariosur.es\/wp-content\/uploads\/sites\/12\/2014\/05\/Captura21.jpg 744w, https:\/\/static-blogs.diariosur.es\/wp-content\/uploads\/sites\/12\/2014\/05\/Captura21-548x400.jpg 548w\" sizes=\"(max-width: 548px) 100vw, 548px\" \/><\/a><\/strong><\/p>\n<p><strong>Fuente Gfs<\/strong><\/p>\n<p><a href=\"https:\/\/blogs.diariosur.es\/tormentas-y-rayos\/2014\/05\/31\/aviso-amarillo-por-tormentas-en-malaga-el-domingo-en-granada-jaen-y-almeria-hoy-sabado-bolsa-de-aire-frio-en-altura\/33-21sp\/\" rel=\"attachment wp-att-8644\"><img loading=\"lazy\" class=\"aligncenter size-large wp-image-8644\" title=\"33-21SP\" src=\"\/tormentas-y-rayos\/wp-content\/uploads\/sites\/12\/2014\/05\/33-21SP.gif\" alt=\"\" width=\"600\" height=\"600\" \/><\/a><\/p>\n<p>&nbsp;<\/p>\n<p><strong>En esa posici\u00f3n si favorecer\u00eda \u00a0que los vientos sean de componente sur sureste y la lluvia acompa\u00f1ada de tormentas sea la protagonista ma\u00f1ana. La aemet activa el aviso amarillo por lluvias y tormentas a partir de la\u00a0pr\u00f3xima\u00a0madrugada en la Costa del sol y Valle del Guadalhorce..<\/strong><\/p>\n<p><a href=\"https:\/\/blogs.diariosur.es\/tormentas-y-rayos\/2014\/05\/31\/aviso-amarillo-por-tormentas-en-malaga-el-domingo-en-granada-jaen-y-almeria-hoy-sabado-bolsa-de-aire-frio-en-altura\/aviso-6\/\" rel=\"attachment wp-att-8641\"><img loading=\"lazy\" class=\"aligncenter size-full wp-image-8641\" title=\"aviso\" src=\"\/tormentas-y-rayos\/wp-content\/uploads\/sites\/12\/2014\/05\/aviso.jpg\" alt=\"\" width=\"572\" height=\"408\" srcset=\"https:\/\/static-blogs.diariosur.es\/wp-content\/uploads\/sites\/12\/2014\/05\/aviso.jpg 572w, https:\/\/static-blogs.diariosur.es\/wp-content\/uploads\/sites\/12\/2014\/05\/aviso-561x400.jpg 561w\" sizes=\"(max-width: 572px) 100vw, 572px\" \/><\/a><a href=\"https:\/\/blogs.diariosur.es\/tormentas-y-rayos\/2014\/05\/31\/aviso-amarillo-por-tormentas-en-malaga-el-domingo-en-granada-jaen-y-almeria-hoy-sabado-bolsa-de-aire-frio-en-altura\/nnn-3\/\" rel=\"attachment wp-att-8642\"><img loading=\"lazy\" class=\"aligncenter size-full wp-image-8642\" title=\"NNN\" src=\"\/tormentas-y-rayos\/wp-content\/uploads\/sites\/12\/2014\/05\/NNN.jpg\" alt=\"\" width=\"560\" height=\"266\" \/><\/a><\/p>\n<p><strong>Para hoy\u00a0s\u00e1bado, los avisos por tormentas son para Granada,Ja\u00e9n y Almer\u00eda.<\/strong><\/p>\n<p>&nbsp;<\/p>\n<p><a href=\"https:\/\/blogs.diariosur.es\/tormentas-y-rayos\/2014\/05\/31\/aviso-amarillo-por-tormentas-en-malaga-el-domingo-en-granada-jaen-y-almeria-hoy-sabado-bolsa-de-aire-frio-en-altura\/avi-3\/\" rel=\"attachment wp-att-8645\"><img loading=\"lazy\" class=\"aligncenter size-full wp-image-8645\" title=\"avi\" src=\"\/tormentas-y-rayos\/wp-content\/uploads\/sites\/12\/2014\/05\/avi1.jpg\" alt=\"\" width=\"565\" height=\"411\" srcset=\"https:\/\/static-blogs.diariosur.es\/wp-content\/uploads\/sites\/12\/2014\/05\/avi1.jpg 565w, https:\/\/static-blogs.diariosur.es\/wp-content\/uploads\/sites\/12\/2014\/05\/avi1-550x400.jpg 550w\" sizes=\"(max-width: 565px) 100vw, 565px\" \/><\/a><\/p>\n<p><strong>Ma\u00f1ana domingo \u00a0intentare desde Torre de Benagalb\u00f3n teneros\u00a0informados\u00a0desde el\u00a0m\u00f3vil. Estas situaciones son muy\u00a0dif\u00edciles\u00a0de modelizar y aun podemos tener cambios de ultima hora.<\/strong><\/p>\n<p>&nbsp;<\/p>\n<p><strong>Bueno amigos os dejo un momento que quiero fotografiar el amanecer y respirar el olor a marismo que trae el levante.\u00a0<\/strong><\/p>\n<p><strong>Ya de vuelta y hasta hacia fresquete jijijij. La mar de fondo era la protagonista y el levante soplaba moderado. Os paso un par de fotos.<\/strong><\/p>\n<p><a href=\"https:\/\/blogs.diariosur.es\/tormentas-y-rayos\/2014\/05\/31\/aviso-amarillo-por-tormentas-en-malaga-el-domingo-en-granada-jaen-y-almeria-hoy-sabado-bolsa-de-aire-frio-en-altura\/007-8\/\" rel=\"attachment wp-att-8646\"><img loading=\"lazy\" class=\"aligncenter size-full wp-image-8646\" title=\"007\" src=\"\/tormentas-y-rayos\/wp-content\/uploads\/sites\/12\/2014\/05\/0072.jpg\" alt=\"\" width=\"640\" height=\"427\" srcset=\"https:\/\/static-blogs.diariosur.es\/wp-content\/uploads\/sites\/12\/2014\/05\/0072.jpg 640w, https:\/\/static-blogs.diariosur.es\/wp-content\/uploads\/sites\/12\/2014\/05\/0072-600x400.jpg 600w\" sizes=\"(max-width: 640px) 100vw, 640px\" \/><\/a><\/p>\n<p>&nbsp;<\/p>\n<p><a href=\"https:\/\/blogs.diariosur.es\/tormentas-y-rayos\/2014\/05\/31\/aviso-amarillo-por-tormentas-en-malaga-el-domingo-en-granada-jaen-y-almeria-hoy-sabado-bolsa-de-aire-frio-en-altura\/008-10\/\" rel=\"attachment wp-att-8647\"><img loading=\"lazy\" class=\"aligncenter size-full wp-image-8647\" title=\"008\" src=\"\/tormentas-y-rayos\/wp-content\/uploads\/sites\/12\/2014\/05\/0082.jpg\" alt=\"\" width=\"640\" height=\"427\" srcset=\"https:\/\/static-blogs.diariosur.es\/wp-content\/uploads\/sites\/12\/2014\/05\/0082.jpg 640w, https:\/\/static-blogs.diariosur.es\/wp-content\/uploads\/sites\/12\/2014\/05\/0082-600x400.jpg 600w\" sizes=\"(max-width: 640px) 100vw, 640px\" \/><\/a><\/p>\n<p>&nbsp;<\/p>\n<p><strong>Os hago un peque\u00f1o resumen de ayer viernes.<\/strong><\/p>\n<p><strong>De nuevo M\u00e1laga ( aeropuerto) dio la maxima de Espa\u00f1a con 33.4 grados, os paso los datos que facilita la Aemet.<\/strong><\/p>\n<p><a href=\"https:\/\/blogs.diariosur.es\/tormentas-y-rayos\/2014\/05\/31\/aviso-amarillo-por-tormentas-en-malaga-el-domingo-en-granada-jaen-y-almeria-hoy-sabado-bolsa-de-aire-frio-en-altura\/1-47\/\" rel=\"attachment wp-att-8648\"><img loading=\"lazy\" class=\"aligncenter size-medium wp-image-8648\" title=\"1\" src=\"\/tormentas-y-rayos\/wp-content\/uploads\/sites\/12\/2014\/05\/12.jpg\" alt=\"\" width=\"600\" height=\"311\" srcset=\"https:\/\/static-blogs.diariosur.es\/wp-content\/uploads\/sites\/12\/2014\/05\/12.jpg 773w, https:\/\/static-blogs.diariosur.es\/wp-content\/uploads\/sites\/12\/2014\/05\/12-640x332.jpg 640w, https:\/\/static-blogs.diariosur.es\/wp-content\/uploads\/sites\/12\/2014\/05\/12-768x398.jpg 768w\" sizes=\"(max-width: 600px) 100vw, 600px\" \/><\/a><\/p>\n<p><strong>Lo mas destacable por decir algo, fue la lucha que mantuvo el terral y el levante en la zona del Puerto. A las dos de la tarde se registraba 32 grados, sobre las cuatro de la tarde 23, casi 10 grados menos. Luego empezo a subir la temperatura.<\/strong><\/p>\n<p><strong> Fijaros en\u00a0gr\u00e1fico\u00a0de temperatura.<\/strong><\/p>\n<p><a href=\"https:\/\/blogs.diariosur.es\/tormentas-y-rayos\/2014\/05\/31\/aviso-amarillo-por-tormentas-en-malaga-el-domingo-en-granada-jaen-y-almeria-hoy-sabado-bolsa-de-aire-frio-en-altura\/puerto-11\/\" rel=\"attachment wp-att-8649\"><img loading=\"lazy\" class=\"aligncenter size-medium wp-image-8649\" title=\"puerto\" src=\"\/tormentas-y-rayos\/wp-content\/uploads\/sites\/12\/2014\/05\/puerto.jpg\" alt=\"\" width=\"600\" height=\"251\" srcset=\"https:\/\/static-blogs.diariosur.es\/wp-content\/uploads\/sites\/12\/2014\/05\/puerto.jpg 773w, https:\/\/static-blogs.diariosur.es\/wp-content\/uploads\/sites\/12\/2014\/05\/puerto-640x268.jpg 640w, https:\/\/static-blogs.diariosur.es\/wp-content\/uploads\/sites\/12\/2014\/05\/puerto-768x322.jpg 768w\" sizes=\"(max-width: 600px) 100vw, 600px\" \/><\/a><a href=\"https:\/\/blogs.diariosur.es\/tormentas-y-rayos\/2014\/05\/31\/aviso-amarillo-por-tormentas-en-malaga-el-domingo-en-granada-jaen-y-almeria-hoy-sabado-bolsa-de-aire-frio-en-altura\/vientooo\/\" rel=\"attachment wp-att-8650\"><img loading=\"lazy\" class=\"aligncenter size-medium wp-image-8650\" title=\"vientooo\" src=\"\/tormentas-y-rayos\/wp-content\/uploads\/sites\/12\/2014\/05\/vientooo.jpg\" alt=\"\" width=\"600\" height=\"253\" srcset=\"https:\/\/static-blogs.diariosur.es\/wp-content\/uploads\/sites\/12\/2014\/05\/vientooo.jpg 735w, https:\/\/static-blogs.diariosur.es\/wp-content\/uploads\/sites\/12\/2014\/05\/vientooo-640x270.jpg 640w\" sizes=\"(max-width: 600px) 100vw, 600px\" \/><\/a><\/p>\n<p>&nbsp;<\/p>\n<p><strong>Otra hecho curioso que\u00a0ocurri\u00f3,\u00a0\u00a0fue que tuvimos una tolvanera por la zona del Palacio de Congresos. Mi amigo David Mancebo la cazo magistralmente.<\/strong><\/p>\n<p><a href=\"https:\/\/blogs.diariosur.es\/tormentas-y-rayos\/2014\/05\/31\/aviso-amarillo-por-tormentas-en-malaga-el-domingo-en-granada-jaen-y-almeria-hoy-sabado-bolsa-de-aire-frio-en-altura\/10380688_710248352372269_186333765039493475_o\/\" rel=\"attachment wp-att-8655\"><img loading=\"lazy\" class=\"aligncenter size-full wp-image-8655\" title=\"10380688_710248352372269_186333765039493475_o\" src=\"\/tormentas-y-rayos\/wp-content\/uploads\/sites\/12\/2014\/05\/10380688_710248352372269_186333765039493475_o.jpg\" alt=\"\" width=\"640\" height=\"424\" srcset=\"https:\/\/static-blogs.diariosur.es\/wp-content\/uploads\/sites\/12\/2014\/05\/10380688_710248352372269_186333765039493475_o.jpg 640w, https:\/\/static-blogs.diariosur.es\/wp-content\/uploads\/sites\/12\/2014\/05\/10380688_710248352372269_186333765039493475_o-604x400.jpg 604w\" sizes=\"(max-width: 640px) 100vw, 640px\" \/><\/a><\/p>\n<p>&nbsp;<\/p>\n<p><strong>Poco mas que contar amigos de la meteo, os dejo que en pocos minutos tiramos para Torre de Benagalb\u00f3n.\u00a0All\u00ed\u00a0no tengo internet, intentare desde el movil teneros informados.<\/strong><\/p>\n<p><strong>Mi amigo Juan Antonio Espejo me acaba de mandar esta foto de hace pocos minutos,\u00a0as\u00edn\u00a0estas los cielos malague\u00f1os cuando son las ocho de la ma\u00f1ana.<\/strong><\/p>\n<p><a href=\"https:\/\/blogs.diariosur.es\/tormentas-y-rayos\/2014\/05\/31\/aviso-amarillo-por-tormentas-en-malaga-el-domingo-en-granada-jaen-y-almeria-hoy-sabado-bolsa-de-aire-frio-en-altura\/10409048_693544107365790_3019812650168675384_n-3\/\" rel=\"attachment wp-att-8654\"><img loading=\"lazy\" class=\"aligncenter size-full wp-image-8654\" title=\"10409048_693544107365790_3019812650168675384_n\" src=\"\/tormentas-y-rayos\/wp-content\/uploads\/sites\/12\/2014\/05\/10409048_693544107365790_3019812650168675384_n2.jpg\" alt=\"\" width=\"640\" height=\"360\" \/><\/a><\/p>\n","protected":false},"excerpt":{"rendered":"<p>\u00a0\u00daltima hora. aviso naranja por tormentas.\u00a0 &nbsp; Buenos dias amigos de la meteo. Son las seis de la ma\u00f1ana, registro 19 grados y el levante acompa\u00f1ado de nubes bajas ya es protagonista desde hace unas horas. En el post que os\u00a0abr\u00ed\u00a0ayer, os comentaba\u00a0que aun no estaba claro donde se\u00a0situar\u00eda\u00a0el embolsamiento de aire fr\u00edo, pues parece [&hellip;]<\/p>\n","protected":false},"author":16,"featured_media":8640,"comment_status":"open","ping_status":"open","sticky":false,"template":"","format":"standard","meta":[],"categories":[2],"tags":[54,63,76,91,151,185,432,464,527,569,587,996],"_links":{"self":[{"href":"https:\/\/blogs.diariosur.es\/tormentas-y-rayos\/wp-json\/wp\/v2\/posts\/8639"}],"collection":[{"href":"https:\/\/blogs.diariosur.es\/tormentas-y-rayos\/wp-json\/wp\/v2\/posts"}],"about":[{"href":"https:\/\/blogs.diariosur.es\/tormentas-y-rayos\/wp-json\/wp\/v2\/types\/post"}],"author":[{"embeddable":true,"href":"https:\/\/blogs.diariosur.es\/tormentas-y-rayos\/wp-json\/wp\/v2\/users\/16"}],"replies":[{"embeddable":true,"href":"https:\/\/blogs.diariosur.es\/tormentas-y-rayos\/wp-json\/wp\/v2\/comments?post=8639"}],"version-history":[{"count":0,"href":"https:\/\/blogs.diariosur.es\/tormentas-y-rayos\/wp-json\/wp\/v2\/posts\/8639\/revisions"}],"wp:featuredmedia":[{"embeddable":true,"href":"https:\/\/blogs.diariosur.es\/tormentas-y-rayos\/wp-json\/wp\/v2\/media\/8640"}],"wp:attachment":[{"href":"https:\/\/blogs.diariosur.es\/tormentas-y-rayos\/wp-json\/wp\/v2\/media?parent=8639"}],"wp:term":[{"taxonomy":"category","embeddable":true,"href":"https:\/\/blogs.diariosur.es\/tormentas-y-rayos\/wp-json\/wp\/v2\/categories?post=8639"},{"taxonomy":"post_tag","embeddable":true,"href":"https:\/\/blogs.diariosur.es\/tormentas-y-rayos\/wp-json\/wp\/v2\/tags?post=8639"}],"curies":[{"name":"wp","href":"https:\/\/api.w.org\/{rel}","templated":true}]}}