{"id":8656,"date":"2014-06-02T07:03:55","date_gmt":"2014-06-02T05:03:55","guid":{"rendered":"http:\/\/blogs.diariosur.es\/tormentas-y-rayos\/?p=8656"},"modified":"2014-06-02T07:03:55","modified_gmt":"2014-06-02T05:03:55","slug":"vuelve-la-estabilidad-el-terral-de-primavera-tomara-protagonismo-a-partir-del-miercoles-gracias-por-las-24-983-visitas-que-ha-tenido-el-blog-en-mayo","status":"publish","type":"post","link":"https:\/\/blogs.diariosur.es\/tormentas-y-rayos\/2014\/06\/02\/vuelve-la-estabilidad-el-terral-de-primavera-tomara-protagonismo-a-partir-del-miercoles-gracias-por-las-24-983-visitas-que-ha-tenido-el-blog-en-mayo\/","title":{"rendered":"Vuelve la estabilidad. El terral de primavera tomara protagonismo a partir del miercoles. Gracias por las 24.983 visitas que ha tenido el blog en Mayo."},"content":{"rendered":"<p>&nbsp;<\/p>\n<p><strong>Buenos dias amigos de la meteo. Son las seis de la ma\u00f1ana, registro 18 grados y los cielos andaluces est\u00e1n despejados, salvo en la zona mas oriental que tienen nubes altas. Hoy soplara terral de primavera, que\u00a0har\u00e1\u00a0subir las\u00a0m\u00e1ximas\u00a0hasta los 28 grados. Por la tarde ira aflojando, y los vientos soplaran de\u00a0direcci\u00f3n\u00a0variable. A partir del\u00a0mi\u00e9rcoles\u00a0volver\u00e1\u00a0nuestro amigo, que promete quedarse varios dias.<\/strong><\/p>\n<p><strong> Antes de nada daros las gracias por las 24.983 visitas que ha tenido el blog en el mes de Mayo, una pasada amigos. Y recordaros que a las diez de la ma\u00f1ana\u00a0<\/strong><strong>estar\u00e9 en Radio Victoria en el programa El despertador, charlare del tiempo como mi amigo Roberto Lopez.<\/strong><\/p>\n<p><a href=\"https:\/\/blogs.diariosur.es\/tormentas-y-rayos\/2014\/06\/02\/vuelve-la-estabilidad-el-terral-de-primavera-tomara-protagonismo-a-partir-del-miercoles-gracias-por-las-24-983-visitas-que-ha-tenido-el-blog-en-mayo\/captura-349\/\" rel=\"attachment wp-att-8662\"><img loading=\"lazy\" class=\"aligncenter size-medium wp-image-8662\" title=\"Captura\" src=\"\/tormentas-y-rayos\/wp-content\/uploads\/sites\/12\/2014\/06\/Captura.jpg\" alt=\"\" width=\"600\" height=\"261\" srcset=\"https:\/\/static-blogs.diariosur.es\/wp-content\/uploads\/sites\/12\/2014\/06\/Captura.jpg 973w, https:\/\/static-blogs.diariosur.es\/wp-content\/uploads\/sites\/12\/2014\/06\/Captura-640x279.jpg 640w, https:\/\/static-blogs.diariosur.es\/wp-content\/uploads\/sites\/12\/2014\/06\/Captura-768x335.jpg 768w\" sizes=\"(max-width: 600px) 100vw, 600px\" \/><\/a><\/p>\n<p><strong>Se cumplieron los\u00a0pron\u00f3sticos,\u00a0y la bolsa de aire fr\u00edo ha dejado tormentas en muchos puntos de Andaluc\u00eda, incluso granizadas. Donde mas ha llovido ha sido en la provincia malague\u00f1a, destaca Alpandeire y Co\u00edn con mas de 32 litros. En algunos puntos seguro que ha llovido mas, pero al no tener estaciones no hay datos. Lo principal es que la lluvia no ha hecho da\u00f1o y todos los montes se han regado.<\/strong><\/p>\n<p><strong>Yo he pasado este fin de semana en Torre de Benagalb\u00f3n, y he disfrutado un mont\u00f3n, sobre todo el domingo. El\u00a0s\u00e1bado\u00a0por la noche \u00a0ya\u00a0empez\u00f3\u00a0a llover y escuchaba truenos en la lejania, me baje a la playa sobre la una de la madrugada, pero era imposible cazar un rayo, ya que las tormentas estaban por el interior.<\/strong><\/p>\n<p><strong>El domingo aunque amanec\u00edo\u00a0\u00a0casi despejado, enseguida la bolsa de aire\u00a0fr\u00edo\u00a0se encargo de formar tormentas por el\u00a0interior, estas tormentas si\u00a0bajaron\u00a0hasta la costa y pude cazar unos\u00a0impresionantes\u00a0cielos, como\u00a0pod\u00e9is\u00a0ver en estas fotos. Era una pasada como me\u00a0ca\u00edan\u00a0goterones gordos y se escuchaban los truenos<\/strong><\/p>\n<p>&nbsp;<\/p>\n<p>&nbsp;<\/p>\n<p><img loading=\"lazy\" class=\"aligncenter\" src=\"https:\/\/farm6.staticflickr.com\/5036\/14317768431_fb757acc2c_z.jpg\" alt=\"\" width=\"640\" height=\"427\" \/><\/p>\n<p>&nbsp;<\/p>\n<p><img loading=\"lazy\" class=\"aligncenter\" src=\"https:\/\/farm3.staticflickr.com\/2938\/14317768711_7abe10182d_z.jpg\" alt=\"\" width=\"640\" height=\"427\" \/><\/p>\n<p>&nbsp;<\/p>\n<p><img loading=\"lazy\" class=\"aligncenter\" src=\"https:\/\/farm6.staticflickr.com\/5527\/14134442158_462fb09254_z.jpg\" alt=\"\" width=\"640\" height=\"427\" \/><\/p>\n<p>&nbsp;<\/p>\n<p>&nbsp;<\/p>\n<p>&nbsp;<\/p>\n<p><img loading=\"lazy\" class=\"aligncenter\" src=\"https:\/\/farm6.staticflickr.com\/5475\/14134441968_b56ff397af_z.jpg\" alt=\"\" width=\"640\" height=\"427\" \/><\/p>\n<p>&nbsp;<\/p>\n<p><strong>Estas dos ultimas fotos son de las cuatro de la tarde. De camino a M\u00e1laga nos cayo un fuerte chaparr\u00f3n en la zona del Palo.\u00a0<\/strong><\/p>\n<p>&nbsp;<\/p>\n<p><img loading=\"lazy\" class=\"aligncenter\" src=\"https:\/\/farm3.staticflickr.com\/2918\/14297966456_16c7ae2c37_z.jpg\" alt=\"\" width=\"640\" height=\"427\" \/><\/p>\n<p>&nbsp;<\/p>\n<p><img loading=\"lazy\" class=\"aligncenter\" src=\"https:\/\/farm3.staticflickr.com\/2920\/14134495550_3323fdf1f3_z.jpg\" alt=\"\" width=\"428\" height=\"640\" \/><\/p>\n<p><strong>Otro dato a destacar son los desplomes de temperaturas que se dieron \u00a0en domingo. A la una de la tarde se llego a 15 grados, en ese momento una tormenta afectaba la zona del Aeropuerto. Poco\u00a0despu\u00e9s\u00a0empez\u00f3\u00a0a subir. Os paso el\u00a0gr\u00e1fico del aeropuerto fuente aemet.<\/strong><\/p>\n<p><a href=\"https:\/\/blogs.diariosur.es\/tormentas-y-rayos\/2014\/06\/02\/vuelve-la-estabilidad-el-terral-de-primavera-tomara-protagonismo-a-partir-del-miercoles-gracias-por-las-24-983-visitas-que-ha-tenido-el-blog-en-mayo\/quince\/\" rel=\"attachment wp-att-8664\"><img loading=\"lazy\" class=\"aligncenter size-medium wp-image-8664\" title=\"quince\" src=\"\/tormentas-y-rayos\/wp-content\/uploads\/sites\/12\/2014\/06\/quince.jpg\" alt=\"\" width=\"600\" height=\"266\" srcset=\"https:\/\/static-blogs.diariosur.es\/wp-content\/uploads\/sites\/12\/2014\/06\/quince.jpg 726w, https:\/\/static-blogs.diariosur.es\/wp-content\/uploads\/sites\/12\/2014\/06\/quince-640x285.jpg 640w\" sizes=\"(max-width: 600px) 100vw, 600px\" \/><\/a><\/p>\n<p>&nbsp;<\/p>\n<p><strong>Os dejo con las fotos que muchos me\u00a0hab\u00e9is\u00a0mandado, son una pasada.<\/strong><\/p>\n<p><strong>Mari Carmen Parra Gil me manda esta foto desde Torre del Mar. Estos altocumulus anunciaban tormentas.<\/strong><\/p>\n<p><a href=\"https:\/\/blogs.diariosur.es\/tormentas-y-rayos\/2014\/06\/02\/vuelve-la-estabilidad-el-terral-de-primavera-tomara-protagonismo-a-partir-del-miercoles-gracias-por-las-24-983-visitas-que-ha-tenido-el-blog-en-mayo\/maricarmen-parra-gil-3\/\" rel=\"attachment wp-att-8668\"><img loading=\"lazy\" class=\"aligncenter size-full wp-image-8668\" title=\"maricarmen parra gil\" src=\"\/tormentas-y-rayos\/wp-content\/uploads\/sites\/12\/2014\/06\/maricarmen-parra-gil.jpg\" alt=\"\" width=\"640\" height=\"282\" \/><\/a><\/p>\n<p>&nbsp;<\/p>\n<p><strong>Alvaro Mu\u00f1oz Garcia nos trae esta preciosa\u00a0panor\u00e1mica.<\/strong><\/p>\n<p>&nbsp;<\/p>\n<p>&nbsp;<\/p>\n<p><a href=\"https:\/\/blogs.diariosur.es\/tormentas-y-rayos\/2014\/06\/02\/vuelve-la-estabilidad-el-terral-de-primavera-tomara-protagonismo-a-partir-del-miercoles-gracias-por-las-24-983-visitas-que-ha-tenido-el-blog-en-mayo\/alvaro-munoz-garcia-2\/\" rel=\"attachment wp-att-8659\"><img loading=\"lazy\" class=\"aligncenter size-full wp-image-8659\" title=\"alvaro mu\u00f1oz Garcia\" src=\"\/tormentas-y-rayos\/wp-content\/uploads\/sites\/12\/2014\/06\/alvaro-mu\u00f1oz-Garcia1.jpg\" alt=\"\" width=\"640\" height=\"138\" \/><\/a><\/p>\n<p><strong>Jose Luis Gil cazo este rayo cuando granizaba en Marbella.<\/strong><\/p>\n<p><a href=\"https:\/\/blogs.diariosur.es\/tormentas-y-rayos\/2014\/06\/02\/vuelve-la-estabilidad-el-terral-de-primavera-tomara-protagonismo-a-partir-del-miercoles-gracias-por-las-24-983-visitas-que-ha-tenido-el-blog-en-mayo\/jose-luis-gil-10\/\" rel=\"attachment wp-att-8660\"><img loading=\"lazy\" class=\"aligncenter size-full wp-image-8660\" title=\"jose luis gil\" src=\"\/tormentas-y-rayos\/wp-content\/uploads\/sites\/12\/2014\/06\/jose-luis-gil1.jpg\" alt=\"\" width=\"640\" height=\"360\" \/><\/a><\/p>\n<p>&nbsp;<\/p>\n<p><strong>Miguel Cabrera cazo estos impresionantes mamamatus. Una pasada amigo.<\/strong><\/p>\n<p><a href=\"https:\/\/blogs.diariosur.es\/tormentas-y-rayos\/2014\/06\/02\/vuelve-la-estabilidad-el-terral-de-primavera-tomara-protagonismo-a-partir-del-miercoles-gracias-por-las-24-983-visitas-que-ha-tenido-el-blog-en-mayo\/miguel-cabrera-2\/\" rel=\"attachment wp-att-8661\"><img loading=\"lazy\" class=\"aligncenter size-full wp-image-8661\" title=\"miguel cabrera\" src=\"\/tormentas-y-rayos\/wp-content\/uploads\/sites\/12\/2014\/06\/miguel-cabrera.jpg\" alt=\"\" width=\"640\" height=\"360\" \/><\/a><\/p>\n<p><strong>Mi amiga Fuensanta Villalobos, me manda esta bestial cortina de lluvia.<\/strong><\/p>\n<p><a href=\"https:\/\/blogs.diariosur.es\/tormentas-y-rayos\/2014\/06\/02\/vuelve-la-estabilidad-el-terral-de-primavera-tomara-protagonismo-a-partir-del-miercoles-gracias-por-las-24-983-visitas-que-ha-tenido-el-blog-en-mayo\/fuensanta-villalobos-bernal\/\" rel=\"attachment wp-att-8663\"><img loading=\"lazy\" class=\"aligncenter size-full wp-image-8663\" title=\"Fuensanta Villalobos Bernal\" src=\"\/tormentas-y-rayos\/wp-content\/uploads\/sites\/12\/2014\/06\/Fuensanta-Villalobos-Bernal.jpg\" alt=\"\" width=\"640\" height=\"427\" srcset=\"https:\/\/static-blogs.diariosur.es\/wp-content\/uploads\/sites\/12\/2014\/06\/Fuensanta-Villalobos-Bernal.jpg 640w, https:\/\/static-blogs.diariosur.es\/wp-content\/uploads\/sites\/12\/2014\/06\/Fuensanta-Villalobos-Bernal-600x400.jpg 600w\" sizes=\"(max-width: 640px) 100vw, 640px\" \/><\/a><\/p>\n<p><strong>Mi amigo Pablo, me manda desde Genalguacil otra impresionante cortina.<\/strong><\/p>\n<p><a href=\"https:\/\/blogs.diariosur.es\/tormentas-y-rayos\/2014\/06\/02\/vuelve-la-estabilidad-el-terral-de-primavera-tomara-protagonismo-a-partir-del-miercoles-gracias-por-las-24-983-visitas-que-ha-tenido-el-blog-en-mayo\/img-20140601-wa0008\/\" rel=\"attachment wp-att-8665\"><img loading=\"lazy\" class=\"aligncenter size-full wp-image-8665\" title=\"IMG-20140601-WA0008\" src=\"\/tormentas-y-rayos\/wp-content\/uploads\/sites\/12\/2014\/06\/IMG-20140601-WA0008.jpg\" alt=\"\" width=\"640\" height=\"360\" \/><\/a><\/p>\n<p>&nbsp;<\/p>\n<p><strong>Mi amiga Saida me manda desde la Cala de Mijas otra impresionante cortina.<\/strong><\/p>\n<p><a href=\"https:\/\/blogs.diariosur.es\/tormentas-y-rayos\/2014\/06\/02\/vuelve-la-estabilidad-el-terral-de-primavera-tomara-protagonismo-a-partir-del-miercoles-gracias-por-las-24-983-visitas-que-ha-tenido-el-blog-en-mayo\/saida-2\/\" rel=\"attachment wp-att-8667\"><img loading=\"lazy\" class=\"aligncenter size-full wp-image-8667\" title=\"saida\" src=\"\/tormentas-y-rayos\/wp-content\/uploads\/sites\/12\/2014\/06\/saida.jpg\" alt=\"\" width=\"640\" height=\"480\" srcset=\"https:\/\/static-blogs.diariosur.es\/wp-content\/uploads\/sites\/12\/2014\/06\/saida.jpg 640w, https:\/\/static-blogs.diariosur.es\/wp-content\/uploads\/sites\/12\/2014\/06\/saida-533x400.jpg 533w\" sizes=\"(max-width: 640px) 100vw, 640px\" \/><\/a><\/p>\n<p><strong>Poco mas que contar amigos, de momento no se esperan lluvias esta semana en la provincia malague\u00f1a. Lo que si os puedo adelantar, es \u00a0que el terral de primavera tomara protagonismo, pero todo esto lo iremos viendo poco a poco.<\/strong><\/p>\n","protected":false},"excerpt":{"rendered":"<p>&nbsp; Buenos dias amigos de la meteo. Son las seis de la ma\u00f1ana, registro 18 grados y los cielos andaluces est\u00e1n despejados, salvo en la zona mas oriental que tienen nubes altas. Hoy soplara terral de primavera, que\u00a0har\u00e1\u00a0subir las\u00a0m\u00e1ximas\u00a0hasta los 28 grados. Por la tarde ira aflojando, y los vientos soplaran de\u00a0direcci\u00f3n\u00a0variable. A partir del\u00a0mi\u00e9rcoles\u00a0volver\u00e1\u00a0nuestro [&hellip;]<\/p>\n","protected":false},"author":16,"featured_media":8666,"comment_status":"open","ping_status":"open","sticky":false,"template":"","format":"standard","meta":[],"categories":[2],"tags":[181,381,975,995,1070],"_links":{"self":[{"href":"https:\/\/blogs.diariosur.es\/tormentas-y-rayos\/wp-json\/wp\/v2\/posts\/8656"}],"collection":[{"href":"https:\/\/blogs.diariosur.es\/tormentas-y-rayos\/wp-json\/wp\/v2\/posts"}],"about":[{"href":"https:\/\/blogs.diariosur.es\/tormentas-y-rayos\/wp-json\/wp\/v2\/types\/post"}],"author":[{"embeddable":true,"href":"https:\/\/blogs.diariosur.es\/tormentas-y-rayos\/wp-json\/wp\/v2\/users\/16"}],"replies":[{"embeddable":true,"href":"https:\/\/blogs.diariosur.es\/tormentas-y-rayos\/wp-json\/wp\/v2\/comments?post=8656"}],"version-history":[{"count":0,"href":"https:\/\/blogs.diariosur.es\/tormentas-y-rayos\/wp-json\/wp\/v2\/posts\/8656\/revisions"}],"wp:featuredmedia":[{"embeddable":true,"href":"https:\/\/blogs.diariosur.es\/tormentas-y-rayos\/wp-json\/wp\/v2\/media\/8666"}],"wp:attachment":[{"href":"https:\/\/blogs.diariosur.es\/tormentas-y-rayos\/wp-json\/wp\/v2\/media?parent=8656"}],"wp:term":[{"taxonomy":"category","embeddable":true,"href":"https:\/\/blogs.diariosur.es\/tormentas-y-rayos\/wp-json\/wp\/v2\/categories?post=8656"},{"taxonomy":"post_tag","embeddable":true,"href":"https:\/\/blogs.diariosur.es\/tormentas-y-rayos\/wp-json\/wp\/v2\/tags?post=8656"}],"curies":[{"name":"wp","href":"https:\/\/api.w.org\/{rel}","templated":true}]}}