{"id":8671,"date":"2014-06-04T07:28:34","date_gmt":"2014-06-04T05:28:34","guid":{"rendered":"http:\/\/blogs.diariosur.es\/tormentas-y-rayos\/?p=8671"},"modified":"2014-06-04T07:28:34","modified_gmt":"2014-06-04T05:28:34","slug":"malaga-puede-sobrepasar-los-33-grados-hoy-miercoles-debido-al-terral-de-primavera-despues-de-la-tempestad-viene-la-calma-fotos","status":"publish","type":"post","link":"https:\/\/blogs.diariosur.es\/tormentas-y-rayos\/2014\/06\/04\/malaga-puede-sobrepasar-los-33-grados-hoy-miercoles-debido-al-terral-de-primavera-despues-de-la-tempestad-viene-la-calma-fotos\/","title":{"rendered":"M\u00e1laga &#8220;puede sobrepasar los 33 grados&#8221; hoy mi\u00e9rcoles, debido al terral de primavera. Despu\u00e9s de la tempestad viene la calma ( fotos)"},"content":{"rendered":"<p><strong>ULTIMA HORA: cUANDO SON LAS CUATRO Y MEDIA DE LA TARDE SE REGISTRA EN LA ZONA DE TEATINOS CASI 34 GRADOS, POR CONTRA EN LA ZONA DE LA PLAYA DE LA MISERICORDIA,PUERTO ETC HAY 10 GRADOS MENOS.<\/strong><\/p>\n<p><a href=\"https:\/\/blogs.diariosur.es\/tormentas-y-rayos\/2014\/06\/04\/malaga-puede-sobrepasar-los-33-grados-hoy-miercoles-debido-al-terral-de-primavera-despues-de-la-tempestad-viene-la-calma-fotos\/teatinosssssssssss\/\" rel=\"attachment wp-att-8688\"><img loading=\"lazy\" class=\"aligncenter size-medium wp-image-8688\" title=\"TEATINOSSSSSSSSSSS\" src=\"\/tormentas-y-rayos\/wp-content\/uploads\/sites\/12\/2014\/06\/TEATINOSSSSSSSSSSS.jpg\" alt=\"\" width=\"600\" height=\"272\" srcset=\"https:\/\/static-blogs.diariosur.es\/wp-content\/uploads\/sites\/12\/2014\/06\/TEATINOSSSSSSSSSSS.jpg 726w, https:\/\/static-blogs.diariosur.es\/wp-content\/uploads\/sites\/12\/2014\/06\/TEATINOSSSSSSSSSSS-640x291.jpg 640w\" sizes=\"(max-width: 600px) 100vw, 600px\" \/><\/a><a href=\"https:\/\/blogs.diariosur.es\/tormentas-y-rayos\/2014\/06\/04\/malaga-puede-sobrepasar-los-33-grados-hoy-miercoles-debido-al-terral-de-primavera-despues-de-la-tempestad-viene-la-calma-fotos\/zzzzzzzz-4\/\" rel=\"attachment wp-att-8689\"><img loading=\"lazy\" class=\"aligncenter size-medium wp-image-8689\" title=\"zzzzzzzz\" src=\"\/tormentas-y-rayos\/wp-content\/uploads\/sites\/12\/2014\/06\/zzzzzzzz2.jpg\" alt=\"\" width=\"600\" height=\"261\" srcset=\"https:\/\/static-blogs.diariosur.es\/wp-content\/uploads\/sites\/12\/2014\/06\/zzzzzzzz2.jpg 746w, https:\/\/static-blogs.diariosur.es\/wp-content\/uploads\/sites\/12\/2014\/06\/zzzzzzzz2-640x279.jpg 640w\" sizes=\"(max-width: 600px) 100vw, 600px\" \/><\/a><\/p>\n<p>&nbsp;<\/p>\n<p>&nbsp;<\/p>\n<p><strong>Buenos dias amigos de la meteo. Son las seis de la ma\u00f1ana, registro 20,8 \u00a0grados en M\u00e1laga Capital ( el dia promete) y los cielos Andaluces est\u00e1n despejados. Os pongo las minimas que se daban en Andaluc\u00eda a las cuatro de la ma\u00f1ana de hoy\u00a0mi\u00e9rcoles.<\/strong><\/p>\n<p><a href=\"https:\/\/blogs.diariosur.es\/tormentas-y-rayos\/2014\/06\/04\/malaga-puede-sobrepasar-los-33-grados-hoy-miercoles-debido-al-terral-de-primavera-despues-de-la-tempestad-viene-la-calma-fotos\/captura-350\/\" rel=\"attachment wp-att-8684\"><img loading=\"lazy\" class=\"aligncenter size-medium wp-image-8684\" title=\"Captura\" src=\"\/tormentas-y-rayos\/wp-content\/uploads\/sites\/12\/2014\/06\/Captura1.jpg\" alt=\"\" width=\"600\" height=\"381\" srcset=\"https:\/\/static-blogs.diariosur.es\/wp-content\/uploads\/sites\/12\/2014\/06\/Captura1.jpg 740w, https:\/\/static-blogs.diariosur.es\/wp-content\/uploads\/sites\/12\/2014\/06\/Captura1-628x400.jpg 628w\" sizes=\"(max-width: 600px) 100vw, 600px\" \/><\/a><\/p>\n<p>&nbsp;<\/p>\n<p>&nbsp;<\/p>\n<p>&nbsp;<\/p>\n<p><strong>Antes de nada quiero dar las gracias al programa El Despertador de\u00a0Radio\u00a0Victoria por entrevistarme de nuevo. Amigo Roberto Lopez \u00a0muy buena entrevista, es un gustazo hablar contigo.\u00a0Tambi\u00e9n\u00a0lo pase genial\u00a0con el\u00a0profesor\u00a0y maestro de ajedrez Manuel Azuaga, os recomiendo<a href=\"http:\/\/ajedrezsocial.org\/\" rel=\"external nofollow\"> su pagina<\/a>. Un fuerte abrazo para Kiko, Rocio del Pozo y a Nadia, nos vemos ya mismo. Os dejo el podcast de la entrevista.<\/strong><\/p>\n<p><a href=\"http:\/\/www.ivoox.com\/llega-verano-viene-escudero-audios-mp3_rf_3181627_1.html?autoplay=1\" rel=\"external nofollow\">ENTREVISTA<\/a><\/p>\n<p>&nbsp;<\/p>\n<p>&nbsp;<\/p>\n<p>&nbsp;<\/p>\n<p><a href=\"https:\/\/blogs.diariosur.es\/tormentas-y-rayos\/2014\/06\/04\/malaga-puede-sobrepasar-los-33-grados-hoy-miercoles-debido-al-terral-de-primavera-despues-de-la-tempestad-viene-la-calma-fotos\/009_1-horz\/\" rel=\"attachment wp-att-8672\"><img loading=\"lazy\" class=\"aligncenter size-full wp-image-8672\" title=\"009_1-horz\" src=\"\/tormentas-y-rayos\/wp-content\/uploads\/sites\/12\/2014\/06\/009_1-horz.jpg\" alt=\"\" width=\"655\" height=\"231\" srcset=\"https:\/\/static-blogs.diariosur.es\/wp-content\/uploads\/sites\/12\/2014\/06\/009_1-horz.jpg 655w, https:\/\/static-blogs.diariosur.es\/wp-content\/uploads\/sites\/12\/2014\/06\/009_1-horz-640x226.jpg 640w\" sizes=\"(max-width: 655px) 100vw, 655px\" \/><\/a><a href=\"https:\/\/blogs.diariosur.es\/tormentas-y-rayos\/2014\/06\/04\/malaga-puede-sobrepasar-los-33-grados-hoy-miercoles-debido-al-terral-de-primavera-despues-de-la-tempestad-viene-la-calma-fotos\/013-horz\/\" rel=\"attachment wp-att-8673\"><img loading=\"lazy\" class=\"aligncenter size-full wp-image-8673\" title=\"013-horz\" src=\"\/tormentas-y-rayos\/wp-content\/uploads\/sites\/12\/2014\/06\/013-horz.jpg\" alt=\"\" width=\"657\" height=\"252\" srcset=\"https:\/\/static-blogs.diariosur.es\/wp-content\/uploads\/sites\/12\/2014\/06\/013-horz.jpg 657w, https:\/\/static-blogs.diariosur.es\/wp-content\/uploads\/sites\/12\/2014\/06\/013-horz-640x245.jpg 640w\" sizes=\"(max-width: 657px) 100vw, 657px\" \/><\/a><\/p>\n<p>&nbsp;<\/p>\n<p><span style=\"color: #0000ff;\"><strong>Bueno amigos, como os comento en el titulo del post, hoy mi\u00e9rcoles \u00a0M\u00e1laga Capital puede sobrepasar los 33 grados debido al terral de primavera. Hoy se puede dar las\u00a0circunstancia\u00a0de que tengamos diferencia de grados entre Aeropuerto y Teatinos,\u00a0compar\u00e1ndolo con la\u00a0estaci\u00f3n\u00a0que tiene la AEMET en el Puerto de M\u00e1laga.\u00a0\u00a0Hay ocasiones de hasta 8 grados. Como muy bien sabe mi amigo Juan Meneses en ocasiones en el puerto el viento es mas de oeste que noroeste, con lo cual llega mas refrescado. Un abrazo Juan, espero que te haya servido el mapa de vientos.<\/strong><\/span><\/p>\n<p><span style=\"color: #0000ff;\"><strong> Ya veremos que pasa.<\/strong><\/span><\/p>\n<p><span style=\"color: #0000ff;\"><strong> El terral nos acompa\u00f1ara hasta ma\u00f1ana jueves al mediod\u00eda, a partir de esa hora cambiara a sur sureste, este viento puede traer incluso nubes bajas. <\/strong><\/span><\/p>\n<p><span style=\"color: #ff0000;\"><strong>\u00a0El viernes se \u00a0acercara una borrasca al noroeste de Galicia, que traer\u00e1 algunos cambios para el fin de semana. Pero de esto hablaremos el viernes cuando actualice el blog. Os paso el mapa previsto del hirlam para el viernes. \u00a0Pero tranquilos, casi seguro que la dorsal africana no la dejara pasar. Fuente aemet.<\/strong><\/span><\/p>\n<p><a href=\"https:\/\/blogs.diariosur.es\/tormentas-y-rayos\/2014\/06\/04\/malaga-puede-sobrepasar-los-33-grados-hoy-miercoles-debido-al-terral-de-primavera-despues-de-la-tempestad-viene-la-calma-fotos\/viernes-21\/\" rel=\"attachment wp-att-8681\"><img loading=\"lazy\" class=\"aligncenter size-medium wp-image-8681\" title=\"viernes\" src=\"\/tormentas-y-rayos\/wp-content\/uploads\/sites\/12\/2014\/06\/viernes.jpg\" alt=\"\" width=\"523\" height=\"400\" srcset=\"https:\/\/static-blogs.diariosur.es\/wp-content\/uploads\/sites\/12\/2014\/06\/viernes.jpg 744w, https:\/\/static-blogs.diariosur.es\/wp-content\/uploads\/sites\/12\/2014\/06\/viernes-523x400.jpg 523w\" sizes=\"(max-width: 523px) 100vw, 523px\" \/><\/a><\/p>\n<p>&nbsp;<\/p>\n<p><strong>Despu\u00e9s de la tempestad viene la calma jijijij, os voy a poner unas fotos de mis amigos y m\u00edas del domingo y del lunes, hablan por si solas. <\/strong><\/p>\n<p><strong>La primera de la madrugada del domingo donde mi amigo David Mancebo y la princesa de la nubes Oana Onofrei cazaron este impresionante rayo en Fuengirola.<\/strong><\/p>\n<p><a href=\"https:\/\/blogs.diariosur.es\/tormentas-y-rayos\/2014\/06\/04\/malaga-puede-sobrepasar-los-33-grados-hoy-miercoles-debido-al-terral-de-primavera-despues-de-la-tempestad-viene-la-calma-fotos\/10355675_712741215456316_8149946220615316085_o\/\" rel=\"attachment wp-att-8674\"><img loading=\"lazy\" class=\"aligncenter size-full wp-image-8674\" title=\"10355675_712741215456316_8149946220615316085_o\" src=\"\/tormentas-y-rayos\/wp-content\/uploads\/sites\/12\/2014\/06\/10355675_712741215456316_8149946220615316085_o.jpg\" alt=\"\" width=\"640\" height=\"360\" \/><\/a><\/p>\n<p><strong>Por la ma\u00f1ana yo cazaba este impresionante cielo desde Torre de Benagalb\u00f3n.<\/strong><\/p>\n<p><img loading=\"lazy\" class=\"aligncenter\" src=\"https:\/\/farm6.staticflickr.com\/5527\/14134442158_462fb09254_z.jpg\" alt=\"\" width=\"640\" height=\"427\" \/><\/p>\n<p><strong>A ultima hora de la tarde del domingo, mi amigo Miguel Algaidas cazaba este \u00a0precioso arcoiris. Era el anuncio de la calma jijij.<\/strong><\/p>\n<p><a href=\"https:\/\/blogs.diariosur.es\/tormentas-y-rayos\/2014\/06\/04\/malaga-puede-sobrepasar-los-33-grados-hoy-miercoles-debido-al-terral-de-primavera-despues-de-la-tempestad-viene-la-calma-fotos\/miguel-algaidas-3\/\" rel=\"attachment wp-att-8677\"><img loading=\"lazy\" class=\"aligncenter size-full wp-image-8677\" title=\"miguel algaidas\" src=\"\/tormentas-y-rayos\/wp-content\/uploads\/sites\/12\/2014\/06\/miguel-algaidas2.jpg\" alt=\"\" width=\"640\" height=\"480\" srcset=\"https:\/\/static-blogs.diariosur.es\/wp-content\/uploads\/sites\/12\/2014\/06\/miguel-algaidas2.jpg 640w, https:\/\/static-blogs.diariosur.es\/wp-content\/uploads\/sites\/12\/2014\/06\/miguel-algaidas2-533x400.jpg 533w\" sizes=\"(max-width: 640px) 100vw, 640px\" \/><\/a><\/p>\n<p><strong>A primera hora del lunes los cielos malague\u00f1os de la Costa del Sol cambiaron por completo. Me llamo la\u00a0atenci\u00f3n\u00a0la\u00a0atm\u00f3sfera\u00a0tan limpia que\u00a0ten\u00edamos\u00a0y unos preciosos c\u00famulus mediocris. Os\u00a0paso\u00a0la\u00a0foto.<\/strong><\/p>\n<p><a href=\"https:\/\/blogs.diariosur.es\/tormentas-y-rayos\/2014\/06\/04\/malaga-puede-sobrepasar-los-33-grados-hoy-miercoles-debido-al-terral-de-primavera-despues-de-la-tempestad-viene-la-calma-fotos\/002-10\/\" rel=\"attachment wp-att-8678\"><img loading=\"lazy\" class=\"aligncenter size-full wp-image-8678\" title=\"002\" src=\"\/tormentas-y-rayos\/wp-content\/uploads\/sites\/12\/2014\/06\/002.jpg\" alt=\"\" width=\"640\" height=\"427\" srcset=\"https:\/\/static-blogs.diariosur.es\/wp-content\/uploads\/sites\/12\/2014\/06\/002.jpg 640w, https:\/\/static-blogs.diariosur.es\/wp-content\/uploads\/sites\/12\/2014\/06\/002-600x400.jpg 600w\" sizes=\"(max-width: 640px) 100vw, 640px\" \/><\/a><\/p>\n<p><strong>Al\u00a0mediod\u00eda\u00a0mi amiga Paqui Carnero me mandaba esta\u00a0fotograf\u00eda, a esa hora los cielos malague\u00f1os estaban totalmente despejados.<\/strong><\/p>\n<p><strong><a href=\"https:\/\/blogs.diariosur.es\/tormentas-y-rayos\/2014\/06\/04\/malaga-puede-sobrepasar-los-33-grados-hoy-miercoles-debido-al-terral-de-primavera-despues-de-la-tempestad-viene-la-calma-fotos\/10363570_595657563865044_9216011458688931633_n\/\" rel=\"attachment wp-att-8679\"><img loading=\"lazy\" class=\"aligncenter size-full wp-image-8679\" title=\"10363570_595657563865044_9216011458688931633_n\" src=\"\/tormentas-y-rayos\/wp-content\/uploads\/sites\/12\/2014\/06\/10363570_595657563865044_9216011458688931633_n.jpg\" alt=\"\" width=\"640\" height=\"360\" \/><\/a>\u00a0Poco mas que contar amigos. <\/strong><\/p>\n<p><strong><span style=\"color: #ff00ff;\">Solo deciros que con el nuevo formato del Diario Sur digital no aparezco de momento. Con un buscador me encontrareis o si no desde las redes sociales. Solo con poner Tormenta y Rayos o Jose Luis escudero aparezco.\u00a0<\/span><\/strong><\/p>\n<p><strong>Nos vemos el viernes.<\/strong><\/p>\n","protected":false},"excerpt":{"rendered":"<p>ULTIMA HORA: cUANDO SON LAS CUATRO Y MEDIA DE LA TARDE SE REGISTRA EN LA ZONA DE TEATINOS CASI 34 GRADOS, POR CONTRA EN LA ZONA DE LA PLAYA DE LA MISERICORDIA,PUERTO ETC HAY 10 GRADOS MENOS. &nbsp; &nbsp; Buenos dias amigos de la meteo. Son las seis de la ma\u00f1ana, registro 20,8 \u00a0grados en [&hellip;]<\/p>\n","protected":false},"author":16,"featured_media":8682,"comment_status":"open","ping_status":"open","sticky":false,"template":"","format":"standard","meta":[],"categories":[2],"tags":[211,424,587,815,964,975],"_links":{"self":[{"href":"https:\/\/blogs.diariosur.es\/tormentas-y-rayos\/wp-json\/wp\/v2\/posts\/8671"}],"collection":[{"href":"https:\/\/blogs.diariosur.es\/tormentas-y-rayos\/wp-json\/wp\/v2\/posts"}],"about":[{"href":"https:\/\/blogs.diariosur.es\/tormentas-y-rayos\/wp-json\/wp\/v2\/types\/post"}],"author":[{"embeddable":true,"href":"https:\/\/blogs.diariosur.es\/tormentas-y-rayos\/wp-json\/wp\/v2\/users\/16"}],"replies":[{"embeddable":true,"href":"https:\/\/blogs.diariosur.es\/tormentas-y-rayos\/wp-json\/wp\/v2\/comments?post=8671"}],"version-history":[{"count":0,"href":"https:\/\/blogs.diariosur.es\/tormentas-y-rayos\/wp-json\/wp\/v2\/posts\/8671\/revisions"}],"wp:featuredmedia":[{"embeddable":true,"href":"https:\/\/blogs.diariosur.es\/tormentas-y-rayos\/wp-json\/wp\/v2\/media\/8682"}],"wp:attachment":[{"href":"https:\/\/blogs.diariosur.es\/tormentas-y-rayos\/wp-json\/wp\/v2\/media?parent=8671"}],"wp:term":[{"taxonomy":"category","embeddable":true,"href":"https:\/\/blogs.diariosur.es\/tormentas-y-rayos\/wp-json\/wp\/v2\/categories?post=8671"},{"taxonomy":"post_tag","embeddable":true,"href":"https:\/\/blogs.diariosur.es\/tormentas-y-rayos\/wp-json\/wp\/v2\/tags?post=8671"}],"curies":[{"name":"wp","href":"https:\/\/api.w.org\/{rel}","templated":true}]}}