{"id":8690,"date":"2014-06-05T07:29:50","date_gmt":"2014-06-05T05:29:50","guid":{"rendered":"http:\/\/blogs.diariosur.es\/tormentas-y-rayos\/?p=8690"},"modified":"2014-06-05T07:29:50","modified_gmt":"2014-06-05T05:29:50","slug":"el-terral-nos-da-un-respiro-ayer-diez-grados-de-diferencia-en-zonas-de-la-capital-el-mes-de-mayo-ha-sido-muy-calido-y-seco-en-andalucia","status":"publish","type":"post","link":"https:\/\/blogs.diariosur.es\/tormentas-y-rayos\/2014\/06\/05\/el-terral-nos-da-un-respiro-ayer-diez-grados-de-diferencia-en-zonas-de-la-capital-el-mes-de-mayo-ha-sido-muy-calido-y-seco-en-andalucia\/","title":{"rendered":"El terral nos da un respiro. Ayer diez grados de diferencia en zonas de la capital. El mes de  mayo ha sido muy c\u00e1lido y seco en Andaluc\u00eda."},"content":{"rendered":"<p><strong>Buenos dias amigos de la meteo. Son las seis de la ma\u00f1ana, registro 24 grados y los cielos est\u00e1n despejados. <\/strong><\/p>\n<p><strong>En unas horas las nubes altas adornaran la\u00a0mayor\u00eda\u00a0de los cielos andaluces, y el terral\u00a0dar\u00e1\u00a0paso al sur sureste sobre el\u00a0mediod\u00eda. En esta imagen del\u00a0sat\u00e9lite\u00a0eumetsat se ven claramente las nubes que\u00a0llegaran a M\u00e1laga.<\/strong><\/p>\n<p><a href=\"https:\/\/blogs.diariosur.es\/tormentas-y-rayos\/2014\/06\/05\/el-terral-nos-da-un-respiro-ayer-diez-grados-de-diferencia-en-zonas-de-la-capital-el-mes-de-mayo-ha-sido-muy-calido-y-seco-en-andalucia\/webexterna_ir87_04-30-9\/\" rel=\"attachment wp-att-8691\"><img loading=\"lazy\" class=\"aligncenter size-medium wp-image-8691\" title=\"webexterna_IR87_[04-30]\" src=\"\/tormentas-y-rayos\/wp-content\/uploads\/sites\/12\/2014\/06\/webexterna_IR87_04-30.jpg\" alt=\"\" width=\"579\" height=\"400\" srcset=\"https:\/\/static-blogs.diariosur.es\/wp-content\/uploads\/sites\/12\/2014\/06\/webexterna_IR87_04-30.jpg 750w, https:\/\/static-blogs.diariosur.es\/wp-content\/uploads\/sites\/12\/2014\/06\/webexterna_IR87_04-30-579x400.jpg 579w\" sizes=\"(max-width: 579px) 100vw, 579px\" \/><\/a><\/p>\n<p><strong>Ayer\u00a0mi\u00e9rcoles\u00a0se cumplieron los\u00a0pron\u00f3sticos, y el terral de primavera fue el protagonista. En el post que os\u00a0abr\u00ed\u00a0ayer, os anunciaba que\u00a0podr\u00edamos\u00a0tener mucha diferencia de temperatura entre la\u00a0zona de\u00a0Teatinos y Aeropuerto,\u00a0con la\u00a0estaci\u00f3n\u00a0que tiene la Aemet en el Puerto Malague\u00f1o. Asi fue amigos de la meteo, hubo un momento de casi 11 grados como podeis ver en estos graficos facilitados por la Aemet.<\/strong><\/p>\n<p><a href=\"https:\/\/blogs.diariosur.es\/tormentas-y-rayos\/2014\/06\/05\/el-terral-nos-da-un-respiro-ayer-diez-grados-de-diferencia-en-zonas-de-la-capital-el-mes-de-mayo-ha-sido-muy-calido-y-seco-en-andalucia\/malaga-puerto\/\" rel=\"attachment wp-att-8692\"><img loading=\"lazy\" class=\"aligncenter size-medium wp-image-8692\" title=\"malaga puerto\" src=\"\/tormentas-y-rayos\/wp-content\/uploads\/sites\/12\/2014\/06\/malaga-puerto.jpg\" alt=\"\" width=\"600\" height=\"266\" srcset=\"https:\/\/static-blogs.diariosur.es\/wp-content\/uploads\/sites\/12\/2014\/06\/malaga-puerto.jpg 747w, https:\/\/static-blogs.diariosur.es\/wp-content\/uploads\/sites\/12\/2014\/06\/malaga-puerto-640x284.jpg 640w\" sizes=\"(max-width: 600px) 100vw, 600px\" \/><\/a><a href=\"https:\/\/blogs.diariosur.es\/tormentas-y-rayos\/2014\/06\/05\/el-terral-nos-da-un-respiro-ayer-diez-grados-de-diferencia-en-zonas-de-la-capital-el-mes-de-mayo-ha-sido-muy-calido-y-seco-en-andalucia\/teatinos-8\/\" rel=\"attachment wp-att-8693\"><img loading=\"lazy\" class=\"aligncenter size-medium wp-image-8693\" title=\"teatinos\" src=\"\/tormentas-y-rayos\/wp-content\/uploads\/sites\/12\/2014\/06\/teatinos.jpg\" alt=\"\" width=\"600\" height=\"259\" srcset=\"https:\/\/static-blogs.diariosur.es\/wp-content\/uploads\/sites\/12\/2014\/06\/teatinos.jpg 734w, https:\/\/static-blogs.diariosur.es\/wp-content\/uploads\/sites\/12\/2014\/06\/teatinos-640x276.jpg 640w\" sizes=\"(max-width: 600px) 100vw, 600px\" \/><\/a><\/p>\n<p><strong>Una pasada verdad amigos, y es que las rebozas que se dieron de sur sureste en la zona de las playas malague\u00f1as\u00a0mantuvo\u00a0al terral alejado.<\/strong><\/p>\n<p><a href=\"https:\/\/blogs.diariosur.es\/tormentas-y-rayos\/2014\/06\/05\/el-terral-nos-da-un-respiro-ayer-diez-grados-de-diferencia-en-zonas-de-la-capital-el-mes-de-mayo-ha-sido-muy-calido-y-seco-en-andalucia\/viento-29\/\" rel=\"attachment wp-att-8694\"><img loading=\"lazy\" class=\"aligncenter size-medium wp-image-8694\" title=\"viento\" src=\"\/tormentas-y-rayos\/wp-content\/uploads\/sites\/12\/2014\/06\/viento.jpg\" alt=\"\" width=\"600\" height=\"259\" srcset=\"https:\/\/static-blogs.diariosur.es\/wp-content\/uploads\/sites\/12\/2014\/06\/viento.jpg 725w, https:\/\/static-blogs.diariosur.es\/wp-content\/uploads\/sites\/12\/2014\/06\/viento-640x276.jpg 640w\" sizes=\"(max-width: 600px) 100vw, 600px\" \/><\/a><\/p>\n<p><strong>El motivo de abrir hoy un nuevo post, ha sido por el resumen climatol\u00f3gico del mes de mayo que la aemet saco ayer jueves de la\u00a0pen\u00ednsula. En dos palabras: el mes de mayo en la peninsula \u00a0ha sido seco y\u00a0c\u00e1lido. Por lo que respecta a\u00a0Andaluc\u00eda este pasado mes ha sido muy c\u00e1lido, salvo en C\u00e1diz y M\u00e1laga donde ha sido extremadamente\u00a0c\u00e1lido. En cuanto a precipitaci\u00f3n ha sido seco.<\/strong><\/p>\n<p><strong>Os paso el\u00a0<\/strong><strong>gr\u00e1fico.<\/strong><\/p>\n<p><a href=\"https:\/\/blogs.diariosur.es\/tormentas-y-rayos\/2014\/06\/05\/el-terral-nos-da-un-respiro-ayer-diez-grados-de-diferencia-en-zonas-de-la-capital-el-mes-de-mayo-ha-sido-muy-calido-y-seco-en-andalucia\/captura-351\/\" rel=\"attachment wp-att-8695\"><img loading=\"lazy\" class=\"aligncenter size-large wp-image-8695\" title=\"Captura\" src=\"\/tormentas-y-rayos\/wp-content\/uploads\/sites\/12\/2014\/06\/Captura2.jpg\" alt=\"\" width=\"545\" height=\"600\" srcset=\"https:\/\/static-blogs.diariosur.es\/wp-content\/uploads\/sites\/12\/2014\/06\/Captura2.jpg 772w, https:\/\/static-blogs.diariosur.es\/wp-content\/uploads\/sites\/12\/2014\/06\/Captura2-364x400.jpg 364w, https:\/\/static-blogs.diariosur.es\/wp-content\/uploads\/sites\/12\/2014\/06\/Captura2-768x845.jpg 768w\" sizes=\"(max-width: 545px) 100vw, 545px\" \/><\/a><\/p>\n<p><strong><a href=\"http:\/\/www.aemet.es\/es\/noticias\/2014\/06\/climaticomayo2014\" rel=\"external nofollow\">Os paso el enlace al resumen climatol\u00f3gico que ha hecho la aemet de este pasado mes de Mayo.<\/a><\/strong><\/p>\n<p><strong>Poco mas que contar amigos. Ma\u00f1ana hablaremos \u00a0de la potente borrasca que se situara al noroeste de Galicia ma\u00f1ana viernes y sobre todo si nos afectara a los andaluces el fin de semana.<\/strong><\/p>\n<p><strong>Una pasada la borrasca, 988 mb. Fuente Aemet \u00a0<\/strong><\/p>\n<p><a href=\"https:\/\/blogs.diariosur.es\/tormentas-y-rayos\/2014\/06\/05\/el-terral-nos-da-un-respiro-ayer-diez-grados-de-diferencia-en-zonas-de-la-capital-el-mes-de-mayo-ha-sido-muy-calido-y-seco-en-andalucia\/mmm-4\/\" rel=\"attachment wp-att-8696\"><img loading=\"lazy\" class=\"aligncenter size-medium wp-image-8696\" title=\"mmm\" src=\"\/tormentas-y-rayos\/wp-content\/uploads\/sites\/12\/2014\/06\/mmm.jpg\" alt=\"\" width=\"520\" height=\"400\" srcset=\"https:\/\/static-blogs.diariosur.es\/wp-content\/uploads\/sites\/12\/2014\/06\/mmm.jpg 686w, https:\/\/static-blogs.diariosur.es\/wp-content\/uploads\/sites\/12\/2014\/06\/mmm-521x400.jpg 521w\" sizes=\"(max-width: 520px) 100vw, 520px\" \/><\/a><a href=\"https:\/\/blogs.diariosur.es\/tormentas-y-rayos\/2014\/06\/05\/el-terral-nos-da-un-respiro-ayer-diez-grados-de-diferencia-en-zonas-de-la-capital-el-mes-de-mayo-ha-sido-muy-calido-y-seco-en-andalucia\/webexterna_ir39-108-120_05-00\/\" rel=\"attachment wp-att-8697\"><img loading=\"lazy\" class=\"aligncenter size-medium wp-image-8697\" title=\"webexterna_IR39-108-120_[05-00]\" src=\"\/tormentas-y-rayos\/wp-content\/uploads\/sites\/12\/2014\/06\/webexterna_IR39-108-120_05-00.jpg\" alt=\"\" width=\"579\" height=\"400\" srcset=\"https:\/\/static-blogs.diariosur.es\/wp-content\/uploads\/sites\/12\/2014\/06\/webexterna_IR39-108-120_05-00.jpg 750w, https:\/\/static-blogs.diariosur.es\/wp-content\/uploads\/sites\/12\/2014\/06\/webexterna_IR39-108-120_05-00-579x400.jpg 579w\" sizes=\"(max-width: 579px) 100vw, 579px\" \/><\/a><\/p>\n<p><strong>Os dejo con esta foto de archivo que tome hace unos meses.<\/strong><\/p>\n<p><a href=\"https:\/\/blogs.diariosur.es\/tormentas-y-rayos\/2014\/06\/05\/el-terral-nos-da-un-respiro-ayer-diez-grados-de-diferencia-en-zonas-de-la-capital-el-mes-de-mayo-ha-sido-muy-calido-y-seco-en-andalucia\/11856487054_50cd8e3eb0_z-2\/\" rel=\"attachment wp-att-8699\"><img loading=\"lazy\" class=\"aligncenter size-full wp-image-8699\" title=\"11856487054_50cd8e3eb0_z\" src=\"\/tormentas-y-rayos\/wp-content\/uploads\/sites\/12\/2014\/06\/11856487054_50cd8e3eb0_z1.jpg\" alt=\"\" width=\"640\" height=\"480\" srcset=\"https:\/\/static-blogs.diariosur.es\/wp-content\/uploads\/sites\/12\/2014\/06\/11856487054_50cd8e3eb0_z1.jpg 640w, https:\/\/static-blogs.diariosur.es\/wp-content\/uploads\/sites\/12\/2014\/06\/11856487054_50cd8e3eb0_z1-533x400.jpg 533w\" sizes=\"(max-width: 640px) 100vw, 640px\" \/><\/a><\/p>\n","protected":false},"excerpt":{"rendered":"<p>Buenos dias amigos de la meteo. Son las seis de la ma\u00f1ana, registro 24 grados y los cielos est\u00e1n despejados. En unas horas las nubes altas adornaran la\u00a0mayor\u00eda\u00a0de los cielos andaluces, y el terral\u00a0dar\u00e1\u00a0paso al sur sureste sobre el\u00a0mediod\u00eda. En esta imagen del\u00a0sat\u00e9lite\u00a0eumetsat se ven claramente las nubes que\u00a0llegaran a M\u00e1laga. Ayer\u00a0mi\u00e9rcoles\u00a0se cumplieron los\u00a0pron\u00f3sticos, y [&hellip;]<\/p>\n","protected":false},"author":16,"featured_media":8698,"comment_status":"open","ping_status":"open","sticky":false,"template":"","format":"standard","meta":[],"categories":[2],"tags":[100,264,628,639,671,859,898,975],"_links":{"self":[{"href":"https:\/\/blogs.diariosur.es\/tormentas-y-rayos\/wp-json\/wp\/v2\/posts\/8690"}],"collection":[{"href":"https:\/\/blogs.diariosur.es\/tormentas-y-rayos\/wp-json\/wp\/v2\/posts"}],"about":[{"href":"https:\/\/blogs.diariosur.es\/tormentas-y-rayos\/wp-json\/wp\/v2\/types\/post"}],"author":[{"embeddable":true,"href":"https:\/\/blogs.diariosur.es\/tormentas-y-rayos\/wp-json\/wp\/v2\/users\/16"}],"replies":[{"embeddable":true,"href":"https:\/\/blogs.diariosur.es\/tormentas-y-rayos\/wp-json\/wp\/v2\/comments?post=8690"}],"version-history":[{"count":0,"href":"https:\/\/blogs.diariosur.es\/tormentas-y-rayos\/wp-json\/wp\/v2\/posts\/8690\/revisions"}],"wp:featuredmedia":[{"embeddable":true,"href":"https:\/\/blogs.diariosur.es\/tormentas-y-rayos\/wp-json\/wp\/v2\/media\/8698"}],"wp:attachment":[{"href":"https:\/\/blogs.diariosur.es\/tormentas-y-rayos\/wp-json\/wp\/v2\/media?parent=8690"}],"wp:term":[{"taxonomy":"category","embeddable":true,"href":"https:\/\/blogs.diariosur.es\/tormentas-y-rayos\/wp-json\/wp\/v2\/categories?post=8690"},{"taxonomy":"post_tag","embeddable":true,"href":"https:\/\/blogs.diariosur.es\/tormentas-y-rayos\/wp-json\/wp\/v2\/tags?post=8690"}],"curies":[{"name":"wp","href":"https:\/\/api.w.org\/{rel}","templated":true}]}}