{"id":8712,"date":"2014-06-07T07:35:10","date_gmt":"2014-06-07T05:35:10","guid":{"rendered":"http:\/\/blogs.diariosur.es\/tormentas-y-rayos\/?p=8712"},"modified":"2014-06-07T07:35:10","modified_gmt":"2014-06-07T05:35:10","slug":"prevision-del-tiempo-fin-de-semana-andalucia-rocio-la-proxima-semana-se-llegaran-a-los-40-grados-en-el-valle-del-guadalquivir","status":"publish","type":"post","link":"https:\/\/blogs.diariosur.es\/tormentas-y-rayos\/2014\/06\/07\/prevision-del-tiempo-fin-de-semana-andalucia-rocio-la-proxima-semana-se-llegaran-a-los-40-grados-en-el-valle-del-guadalquivir\/","title":{"rendered":"Previsi\u00f3n del tiempo fin de semana Andaluc\u00eda ( Roc\u00edo).La pr\u00f3xima semana se llegaran a los 40 grados en el Valle del Guadalquivir."},"content":{"rendered":"<p><strong>Buenos dias amigos de la meteo. Son las seis \u00a0de la ma\u00f1ana, registro 20.2 grados y el terral de primavera es el protagonista. Los que \u00a0est\u00e1is\u00a0por la calle\u00a0sentir\u00e9is\u00a0\u00a0fresquete, la sensaci\u00f3n\u00a0t\u00e9rmica\u00a0debida\u00a0al\u00a0viento es de 15 grados.<\/strong><\/p>\n<p><strong>Los cielos malague\u00f1os lo adornan algunas nubes, que lo mas seguro dentro de un rato se tornaran de color. Hoy no puedo bajar a la playa, asi que desde la terraza\u00a0ver\u00e9is\u00a0el amanecer. Durante este mes el\u00a0sol sale a las 6 h y 55 minutos.<\/strong><\/p>\n<p><strong>Ayer os comentaba lo de la potente borrasca que ten\u00edamos al \u00a0noroeste de Galicia, y que una dorsal anticiclonica no la\u00a0dejar\u00eda\u00a0pasar. Si os\u00a0fij\u00e1is\u00a0con la imagen de ayer del satelite eumetsat, sigue casi\u00a0en el mismo sitio, pero\u00a0rellen\u00e1ndose,\u00a0y tomando camino mas al norte. La dorsal anticiclonica la mantiene a raya.<\/strong><\/p>\n<p><strong>Imagen de hoy<\/strong><\/p>\n<p><a href=\"https:\/\/blogs.diariosur.es\/tormentas-y-rayos\/2014\/06\/07\/prevision-del-tiempo-fin-de-semana-andalucia-rocio-la-proxima-semana-se-llegaran-a-los-40-grados-en-el-valle-del-guadalquivir\/webexterna_ir87_04-30-10\/\" rel=\"attachment wp-att-8713\"><img loading=\"lazy\" class=\"aligncenter size-medium wp-image-8713\" title=\"webexterna_IR87_[04-30]\" src=\"\/tormentas-y-rayos\/wp-content\/uploads\/sites\/12\/2014\/06\/webexterna_IR87_04-301.jpg\" alt=\"\" width=\"579\" height=\"400\" srcset=\"https:\/\/static-blogs.diariosur.es\/wp-content\/uploads\/sites\/12\/2014\/06\/webexterna_IR87_04-301.jpg 750w, https:\/\/static-blogs.diariosur.es\/wp-content\/uploads\/sites\/12\/2014\/06\/webexterna_IR87_04-301-579x400.jpg 579w\" sizes=\"(max-width: 579px) 100vw, 579px\" \/><\/a><\/p>\n<p>&nbsp;<\/p>\n<p><strong>imagen de ayer.<\/strong><\/p>\n<p><a href=\"https:\/\/blogs.diariosur.es\/tormentas-y-rayos\/2014\/06\/07\/prevision-del-tiempo-fin-de-semana-andalucia-rocio-la-proxima-semana-se-llegaran-a-los-40-grados-en-el-valle-del-guadalquivir\/webexterna_colorir87_04-15-579x400\/\" rel=\"attachment wp-att-8714\"><img loading=\"lazy\" class=\"aligncenter size-full wp-image-8714\" title=\"webexterna_ColorIR87_04-15-579x400\" src=\"\/tormentas-y-rayos\/wp-content\/uploads\/sites\/12\/2014\/06\/webexterna_ColorIR87_04-15.jpg\" alt=\"\" width=\"579\" height=\"400\" \/><\/a><\/p>\n<p><strong>Se van cumpliendo las previsiones y la maxima en M\u00e1laga llegara a los 31 grados, incluso se pueden rebasar hoy\u00a0s\u00e1bado. En zonas del litoral donde el poniente no entre de tierra, las\u00a0m\u00e1ximas\u00a0no pasaran de\u00a0los 23 grados, como es el caso de Torrox Costa.<\/strong><\/p>\n<p><strong>Por el interior de\u00a0Andaluc\u00eda y\u00a0Valle del Guadalquivir\u00a0las\u00a0m\u00e1ximas\u00a0bajaran. Ayer Almer\u00eda dio la maxima de Espa\u00f1a con 36.9 grados, hoy no creo que pase de los 26.\u00a0<\/strong><\/p>\n<p><strong>Ma\u00f1ana Domingo a primera hora de la ma\u00f1ana\u00a0seguir\u00e1\u00a0soplando moderado el terral de primavera en M\u00e1laga, pero sobre el\u00a0mediod\u00eda\u00a0espero que baje un poco de\u00a0<\/strong><strong>intensidad. La maxima sobrepasara los 33 grados.<\/strong><\/p>\n<p><strong>No espero lluvias en el Roc\u00edo y la vuelta sera calurosa.\u00a0<\/strong><\/p>\n<p><strong> \u00a0Las temperaturas se\u00a0ir\u00e1n\u00a0recuperando poco a poco por el interior de la\u00a0regi\u00f3n. A partir del\u00a0mi\u00e9rcoles\u00a0la dorsal\u00a0Africana\u00a0tomara protagonismo, las\u00a0m\u00e1ximas\u00a0en el Valle del Guadalquivir se acercaran a los 40 grados. Pero de esto hablaremos a partir del lunes.<\/strong><\/p>\n<p><strong>Os paso las fotos del amanecer de hoy, al final no ha sido tan bonito.<\/strong><\/p>\n<p><a href=\"https:\/\/blogs.diariosur.es\/tormentas-y-rayos\/2014\/06\/07\/prevision-del-tiempo-fin-de-semana-andalucia-rocio-la-proxima-semana-se-llegaran-a-los-40-grados-en-el-valle-del-guadalquivir\/004-10\/\" rel=\"attachment wp-att-8715\"><img loading=\"lazy\" class=\"aligncenter size-full wp-image-8715\" title=\"004\" src=\"\/tormentas-y-rayos\/wp-content\/uploads\/sites\/12\/2014\/06\/004.jpg\" alt=\"\" width=\"640\" height=\"427\" srcset=\"https:\/\/static-blogs.diariosur.es\/wp-content\/uploads\/sites\/12\/2014\/06\/004.jpg 640w, https:\/\/static-blogs.diariosur.es\/wp-content\/uploads\/sites\/12\/2014\/06\/004-600x400.jpg 600w\" sizes=\"(max-width: 640px) 100vw, 640px\" \/><\/a><\/p>\n<p><a href=\"https:\/\/blogs.diariosur.es\/tormentas-y-rayos\/2014\/06\/07\/prevision-del-tiempo-fin-de-semana-andalucia-rocio-la-proxima-semana-se-llegaran-a-los-40-grados-en-el-valle-del-guadalquivir\/005-7\/\" rel=\"attachment wp-att-8716\"><img loading=\"lazy\" class=\"aligncenter size-full wp-image-8716\" title=\"005\" src=\"\/tormentas-y-rayos\/wp-content\/uploads\/sites\/12\/2014\/06\/005.jpg\" alt=\"\" width=\"640\" height=\"427\" srcset=\"https:\/\/static-blogs.diariosur.es\/wp-content\/uploads\/sites\/12\/2014\/06\/005.jpg 640w, https:\/\/static-blogs.diariosur.es\/wp-content\/uploads\/sites\/12\/2014\/06\/005-600x400.jpg 600w\" sizes=\"(max-width: 640px) 100vw, 640px\" \/><\/a><\/p>\n<p>&nbsp;<\/p>\n<p>&nbsp;<\/p>\n","protected":false},"excerpt":{"rendered":"<p>Buenos dias amigos de la meteo. Son las seis \u00a0de la ma\u00f1ana, registro 20.2 grados y el terral de primavera es el protagonista. Los que \u00a0est\u00e1is\u00a0por la calle\u00a0sentir\u00e9is\u00a0\u00a0fresquete, la sensaci\u00f3n\u00a0t\u00e9rmica\u00a0debida\u00a0al\u00a0viento es de 15 grados. Los cielos malague\u00f1os lo adornan algunas nubes, que lo mas seguro dentro de un rato se tornaran de color. Hoy no [&hellip;]<\/p>\n","protected":false},"author":16,"featured_media":8716,"comment_status":"open","ping_status":"open","sticky":false,"template":"","format":"standard","meta":[],"categories":[2],"tags":[100,809,869,980],"_links":{"self":[{"href":"https:\/\/blogs.diariosur.es\/tormentas-y-rayos\/wp-json\/wp\/v2\/posts\/8712"}],"collection":[{"href":"https:\/\/blogs.diariosur.es\/tormentas-y-rayos\/wp-json\/wp\/v2\/posts"}],"about":[{"href":"https:\/\/blogs.diariosur.es\/tormentas-y-rayos\/wp-json\/wp\/v2\/types\/post"}],"author":[{"embeddable":true,"href":"https:\/\/blogs.diariosur.es\/tormentas-y-rayos\/wp-json\/wp\/v2\/users\/16"}],"replies":[{"embeddable":true,"href":"https:\/\/blogs.diariosur.es\/tormentas-y-rayos\/wp-json\/wp\/v2\/comments?post=8712"}],"version-history":[{"count":0,"href":"https:\/\/blogs.diariosur.es\/tormentas-y-rayos\/wp-json\/wp\/v2\/posts\/8712\/revisions"}],"wp:featuredmedia":[{"embeddable":true,"href":"https:\/\/blogs.diariosur.es\/tormentas-y-rayos\/wp-json\/wp\/v2\/media\/8716"}],"wp:attachment":[{"href":"https:\/\/blogs.diariosur.es\/tormentas-y-rayos\/wp-json\/wp\/v2\/media?parent=8712"}],"wp:term":[{"taxonomy":"category","embeddable":true,"href":"https:\/\/blogs.diariosur.es\/tormentas-y-rayos\/wp-json\/wp\/v2\/categories?post=8712"},{"taxonomy":"post_tag","embeddable":true,"href":"https:\/\/blogs.diariosur.es\/tormentas-y-rayos\/wp-json\/wp\/v2\/tags?post=8712"}],"curies":[{"name":"wp","href":"https:\/\/api.w.org\/{rel}","templated":true}]}}