{"id":8719,"date":"2014-06-09T07:17:24","date_gmt":"2014-06-09T05:17:24","guid":{"rendered":"http:\/\/blogs.diariosur.es\/tormentas-y-rayos\/?p=8719"},"modified":"2014-06-09T07:17:24","modified_gmt":"2014-06-09T05:17:24","slug":"el-terral-ira-a-menos-y-dara-paso-a-nieblas-costeras-y-bajada-de-las-maximas-manana-tormentas-en-las-sierras-orientales-andaluzas","status":"publish","type":"post","link":"https:\/\/blogs.diariosur.es\/tormentas-y-rayos\/2014\/06\/09\/el-terral-ira-a-menos-y-dara-paso-a-nieblas-costeras-y-bajada-de-las-maximas-manana-tormentas-en-las-sierras-orientales-andaluzas\/","title":{"rendered":"El terral ira a menos y dar\u00e1 paso a nieblas costeras y bajada de las m\u00e1ximas ma\u00f1ana. Tormentas en las sierras orientales andaluzas."},"content":{"rendered":"<p><strong>Buenos dias amigos de la meteo. Son las seis de la ma\u00f1ana, registro 23 grados y los cielos\u00a0est\u00e1n\u00a0poco nubosos. Perdonar por la nueva apariencia del blog, ayer\u00a0perd\u00ed\u00a0el otro formato cuando intentaba hacer modificaciones. Espero solucionarlo pronto.<\/strong><\/p>\n<p><strong> El terral poco a poco ira abandonando tierras malague\u00f1as y\u00a0dar\u00e1\u00a0paso a vientos de sur\u00a0sureste esta noche. Este viento puede traer nieblas costeras y brumas al litoral\u00a0mediterr\u00e1neo\u00a0andaluz. Tanto hoy como ma\u00f1ana, se pueden\u00a0registrar tormentas en los sistemas monta\u00f1osos orientales, un poco de aire\u00a0fr\u00edo\u00a0en altura\u00a0contribuir\u00e1\u00a0a \u00a0que se formen estas tormentas. Hoy de nuevo la maxima sobrepasara los 30 grados en la zona de Teatinos y Aeropuerto. En laa zonas de playa de la ciudad\u00a0habr\u00e1\u00a0varios grados menos.<\/strong><\/p>\n<p><strong>Como ma\u00f1ana libro actualizare de nuevo el blog, y hablaremos de la subida de las\u00a0m\u00e1ximas\u00a0\u00a0a partir del\u00a0mi\u00e9rcoles en el Valle del Guadalquivir. Si no cambian los modelos, entre el viernes y el domingo\u00a0que viene se llegaran a los 40 grados en esa zona.<\/strong><\/p>\n<p><img loading=\"lazy\" class=\"aligncenter\" src=\"https:\/\/farm4.staticflickr.com\/3837\/14396804033_86a3d305c4_z.jpg\" alt=\"\" width=\"450\" height=\"606\" \/><\/p>\n<p>&nbsp;<\/p>\n<p>&nbsp;<\/p>\n<p>&nbsp;<\/p>\n<p><span style=\"color: #ff0000;\"><strong>Os hago un peque\u00f1o resumen del domingo. <\/strong><\/span><\/p>\n<p><span style=\"color: #0000ff;\"><strong>Lo mas destacado \u00a0la m\u00e1xima que dio Co\u00edn con 35 grados, fue la m\u00e1xima de Andaluc\u00eda. El Aeropuerto Malague\u00f1o dio casi 34 grados y de nuevo hubo lucha entre el levante y el terral. Os paso los\u00a0gr\u00e1ficos\u00a0de las estaciones que tiene la Aemet en M\u00e1laga Capital.<\/strong><\/span><\/p>\n<p>&nbsp;<\/p>\n<p><span style=\"color: #0000ff;\"><a href=\"https:\/\/blogs.diariosur.es\/tormentas-y-rayos\/2014\/06\/09\/el-terral-ira-a-menos-y-dara-paso-a-nieblas-costeras-y-bajada-de-las-maximas-manana-tormentas-en-las-sierras-orientales-andaluzas\/1-vert-16\/\" rel=\"attachment wp-att-8723\"><span style=\"color: #0000ff;\"><img loading=\"lazy\" class=\"aligncenter size-full wp-image-8723\" title=\"1-vert\" src=\"\/tormentas-y-rayos\/wp-content\/uploads\/sites\/12\/2014\/06\/1-vert.jpg\" alt=\"\" width=\"500\" height=\"631\" srcset=\"https:\/\/static-blogs.diariosur.es\/wp-content\/uploads\/sites\/12\/2014\/06\/1-vert.jpg 500w, https:\/\/static-blogs.diariosur.es\/wp-content\/uploads\/sites\/12\/2014\/06\/1-vert-317x400.jpg 317w\" sizes=\"(max-width: 500px) 100vw, 500px\" \/><\/span><\/a><\/span><\/p>\n<p>&nbsp;<\/p>\n<p><span style=\"color: #0000ff;\"><strong>En el Valle del Guadalquivir se formaron nieblas a primeras horas de la ma\u00f1ana, el viento\u00a0h\u00famedo\u00a0del suroeste contribuyo a esto. En esta imagen se ve perfectamente. Fuente eumetsat,meteogalicia.<\/strong><\/span><\/p>\n<p><span style=\"color: #0000ff;\"><a href=\"https:\/\/blogs.diariosur.es\/tormentas-y-rayos\/2014\/06\/09\/el-terral-ira-a-menos-y-dara-paso-a-nieblas-costeras-y-bajada-de-las-maximas-manana-tormentas-en-las-sierras-orientales-andaluzas\/10382624_10202877310792753_3970683240735059961_n\/\" rel=\"attachment wp-att-8726\"><span style=\"color: #0000ff;\"><img loading=\"lazy\" class=\"aligncenter size-medium wp-image-8726\" title=\"10382624_10202877310792753_3970683240735059961_n\" src=\"\/tormentas-y-rayos\/wp-content\/uploads\/sites\/12\/2014\/06\/10382624_10202877310792753_3970683240735059961_n.jpg\" alt=\"\" width=\"554\" height=\"400\" srcset=\"https:\/\/static-blogs.diariosur.es\/wp-content\/uploads\/sites\/12\/2014\/06\/10382624_10202877310792753_3970683240735059961_n.jpg 748w, https:\/\/static-blogs.diariosur.es\/wp-content\/uploads\/sites\/12\/2014\/06\/10382624_10202877310792753_3970683240735059961_n-554x400.jpg 554w\" sizes=\"(max-width: 554px) 100vw, 554px\" \/><\/span><\/a><\/span><\/p>\n<p>&nbsp;<\/p>\n<p><span style=\"color: #0000ff;\"><strong>Otro dato a destacar fue la tormenta que se formo en el noreste de Ja\u00e9n. Preciosa tormenta.<\/strong><\/span><\/p>\n<p>&nbsp;<\/p>\n<p><span style=\"color: #0000ff;\"><a href=\"https:\/\/blogs.diariosur.es\/tormentas-y-rayos\/2014\/06\/09\/el-terral-ira-a-menos-y-dara-paso-a-nieblas-costeras-y-bajada-de-las-maximas-manana-tormentas-en-las-sierras-orientales-andaluzas\/webexterna_hrv_17-00\/\" rel=\"attachment wp-att-8724\"><span style=\"color: #0000ff;\"><img loading=\"lazy\" class=\"aligncenter size-medium wp-image-8724\" title=\"webexterna_HRV_[17-00]\" src=\"\/tormentas-y-rayos\/wp-content\/uploads\/sites\/12\/2014\/06\/webexterna_HRV_17-00.jpg\" alt=\"\" width=\"554\" height=\"400\" srcset=\"https:\/\/static-blogs.diariosur.es\/wp-content\/uploads\/sites\/12\/2014\/06\/webexterna_HRV_17-00.jpg 748w, https:\/\/static-blogs.diariosur.es\/wp-content\/uploads\/sites\/12\/2014\/06\/webexterna_HRV_17-00-554x400.jpg 554w\" sizes=\"(max-width: 554px) 100vw, 554px\" \/><\/span><\/a><\/span><\/p>\n<p><span style=\"color: #0000ff;\"><a href=\"https:\/\/blogs.diariosur.es\/tormentas-y-rayos\/2014\/06\/09\/el-terral-ira-a-menos-y-dara-paso-a-nieblas-costeras-y-bajada-de-las-maximas-manana-tormentas-en-las-sierras-orientales-andaluzas\/201406081700_r8mu\/\" rel=\"attachment wp-att-8725\"><span style=\"color: #0000ff;\"><img loading=\"lazy\" class=\"aligncenter size-full wp-image-8725\" title=\"201406081700_r8mu\" src=\"\/tormentas-y-rayos\/wp-content\/uploads\/sites\/12\/2014\/06\/201406081700_r8mu.gif\" alt=\"\" width=\"480\" height=\"530\" \/><\/span><\/a><\/span><\/p>\n<p><span style=\"color: #0000ff;\"><strong>Al estar el cielo tan aburrido, como\u00a0pod\u00e9is\u00a0ver en esta foto, me dedique a fotografiar bichos por el interior de Torre de Benagalb\u00f3n.<\/strong><\/span><\/p>\n<p><span style=\"color: #0000ff;\"><a href=\"https:\/\/blogs.diariosur.es\/tormentas-y-rayos\/2014\/06\/09\/el-terral-ira-a-menos-y-dara-paso-a-nieblas-costeras-y-bajada-de-las-maximas-manana-tormentas-en-las-sierras-orientales-andaluzas\/attachment\/041\/\" rel=\"attachment wp-att-8720\"><span style=\"color: #0000ff;\"><img loading=\"lazy\" class=\"aligncenter size-full wp-image-8720\" title=\"041\" src=\"\/tormentas-y-rayos\/wp-content\/uploads\/sites\/12\/2014\/06\/041.jpg\" alt=\"\" width=\"640\" height=\"427\" srcset=\"https:\/\/static-blogs.diariosur.es\/wp-content\/uploads\/sites\/12\/2014\/06\/041.jpg 640w, https:\/\/static-blogs.diariosur.es\/wp-content\/uploads\/sites\/12\/2014\/06\/041-600x400.jpg 600w\" sizes=\"(max-width: 640px) 100vw, 640px\" \/><\/span><\/a><\/span><\/p>\n<p>&nbsp;<\/p>\n<p>&nbsp;<\/p>\n<p>&nbsp;<\/p>\n<p><span style=\"color: #0000ff;\"><img loading=\"lazy\" class=\"aligncenter\" src=\"https:\/\/farm4.staticflickr.com\/3870\/14189717167_ec191dbbb2_z.jpg\" alt=\"\" width=\"640\" height=\"438\" \/><\/span><\/p>\n<p>&nbsp;<\/p>\n<p>&nbsp;<\/p>\n<p><span style=\"color: #0000ff;\"><img loading=\"lazy\" class=\"aligncenter\" src=\"https:\/\/farm4.staticflickr.com\/3838\/14374706772_d647461899_z.jpg\" alt=\"\" width=\"640\" height=\"498\" \/><\/span><\/p>\n<p>&nbsp;<\/p>\n<p><span style=\"color: #0000ff;\">\u00a0<strong>Poco mas que contar amigos. Ma\u00f1ana actualizare de nuevo el blog, ojala se de un bonito amanecer para poder compartirlo con vosotros.\u00a0<\/strong><\/span><\/p>\n<p>&nbsp;<\/p>\n","protected":false},"excerpt":{"rendered":"<p>Buenos dias amigos de la meteo. Son las seis de la ma\u00f1ana, registro 23 grados y los cielos\u00a0est\u00e1n\u00a0poco nubosos. Perdonar por la nueva apariencia del blog, ayer\u00a0perd\u00ed\u00a0el otro formato cuando intentaba hacer modificaciones. Espero solucionarlo pronto. El terral poco a poco ira abandonando tierras malague\u00f1as y\u00a0dar\u00e1\u00a0paso a vientos de sur\u00a0sureste esta noche. Este viento puede [&hellip;]<\/p>\n","protected":false},"author":16,"featured_media":8727,"comment_status":"open","ping_status":"open","sticky":false,"template":"","format":"standard","meta":[],"categories":[2],"tags":[160,287,627,697,975,996],"_links":{"self":[{"href":"https:\/\/blogs.diariosur.es\/tormentas-y-rayos\/wp-json\/wp\/v2\/posts\/8719"}],"collection":[{"href":"https:\/\/blogs.diariosur.es\/tormentas-y-rayos\/wp-json\/wp\/v2\/posts"}],"about":[{"href":"https:\/\/blogs.diariosur.es\/tormentas-y-rayos\/wp-json\/wp\/v2\/types\/post"}],"author":[{"embeddable":true,"href":"https:\/\/blogs.diariosur.es\/tormentas-y-rayos\/wp-json\/wp\/v2\/users\/16"}],"replies":[{"embeddable":true,"href":"https:\/\/blogs.diariosur.es\/tormentas-y-rayos\/wp-json\/wp\/v2\/comments?post=8719"}],"version-history":[{"count":0,"href":"https:\/\/blogs.diariosur.es\/tormentas-y-rayos\/wp-json\/wp\/v2\/posts\/8719\/revisions"}],"wp:featuredmedia":[{"embeddable":true,"href":"https:\/\/blogs.diariosur.es\/tormentas-y-rayos\/wp-json\/wp\/v2\/media\/8727"}],"wp:attachment":[{"href":"https:\/\/blogs.diariosur.es\/tormentas-y-rayos\/wp-json\/wp\/v2\/media?parent=8719"}],"wp:term":[{"taxonomy":"category","embeddable":true,"href":"https:\/\/blogs.diariosur.es\/tormentas-y-rayos\/wp-json\/wp\/v2\/categories?post=8719"},{"taxonomy":"post_tag","embeddable":true,"href":"https:\/\/blogs.diariosur.es\/tormentas-y-rayos\/wp-json\/wp\/v2\/tags?post=8719"}],"curies":[{"name":"wp","href":"https:\/\/api.w.org\/{rel}","templated":true}]}}