{"id":8728,"date":"2014-06-10T08:40:27","date_gmt":"2014-06-10T06:40:27","guid":{"rendered":"http:\/\/blogs.diariosur.es\/tormentas-y-rayos\/?p=8728"},"modified":"2014-06-10T08:40:27","modified_gmt":"2014-06-10T06:40:27","slug":"aviso-amarillo-por-tormentas-en-andalucia-oriental-posibles-chubascos-el-miercoles-en-la-provincia-malaguena","status":"publish","type":"post","link":"https:\/\/blogs.diariosur.es\/tormentas-y-rayos\/2014\/06\/10\/aviso-amarillo-por-tormentas-en-andalucia-oriental-posibles-chubascos-el-miercoles-en-la-provincia-malaguena\/","title":{"rendered":"Aviso amarillo por tormentas en Andaluc\u00eda Oriental. Posibles chubascos el mi\u00e9rcoles en la provincia malague\u00f1a."},"content":{"rendered":"<p><strong>Buenos dias amigos de la meteo.<\/strong><\/p>\n<p><strong>Son las ocho de la ma\u00f1ana, registro 21 grados y los cielos malague\u00f1os y andaluces lo adornan nubes altas como pod\u00e9is ver en esta imagen reciente del\u00a0sat\u00e9lite\u00a0eumetsat.<\/strong><\/p>\n<p><a href=\"https:\/\/blogs.diariosur.es\/tormentas-y-rayos\/2014\/06\/10\/aviso-amarillo-por-tormentas-en-andalucia-oriental-posibles-chubascos-el-miercoles-en-la-provincia-malaguena\/captura-352\/\" rel=\"attachment wp-att-8729\"><img loading=\"lazy\" class=\"aligncenter size-medium wp-image-8729\" title=\"Captura\" src=\"\/tormentas-y-rayos\/wp-content\/uploads\/sites\/12\/2014\/06\/Captura3.jpg\" alt=\"\" width=\"600\" height=\"388\" srcset=\"https:\/\/static-blogs.diariosur.es\/wp-content\/uploads\/sites\/12\/2014\/06\/Captura3.jpg 737w, https:\/\/static-blogs.diariosur.es\/wp-content\/uploads\/sites\/12\/2014\/06\/Captura3-618x400.jpg 618w\" sizes=\"(max-width: 600px) 100vw, 600px\" \/><\/a><strong>Estas nubes son los \u00faltimos coletazos de la borrasca que estos d\u00edas ha estado situada en el noroeste de Galicia. Se aproxima hoy aire\u00a0fr\u00edo\u00a0en altura, esto har\u00e1 que se desarrollen tormentas en los\u00a0sistemas monta\u00f1osos orientales y zonas cercanas. Por este motivo la Aemet activa el aviso amarillo por tormentas en Ja\u00e9n, Almer\u00eda y Granada.\u00a0<\/strong><\/p>\n<p><a href=\"https:\/\/blogs.diariosur.es\/tormentas-y-rayos\/2014\/06\/10\/aviso-amarillo-por-tormentas-en-andalucia-oriental-posibles-chubascos-el-miercoles-en-la-provincia-malaguena\/aviso-7\/\" rel=\"attachment wp-att-8730\"><img loading=\"lazy\" class=\"aligncenter size-full wp-image-8730\" title=\"aviso\" src=\"\/tormentas-y-rayos\/wp-content\/uploads\/sites\/12\/2014\/06\/aviso.jpg\" alt=\"\" width=\"640\" height=\"440\" srcset=\"https:\/\/static-blogs.diariosur.es\/wp-content\/uploads\/sites\/12\/2014\/06\/aviso.jpg 640w, https:\/\/static-blogs.diariosur.es\/wp-content\/uploads\/sites\/12\/2014\/06\/aviso-582x400.jpg 582w\" sizes=\"(max-width: 640px) 100vw, 640px\" \/><\/a><\/p>\n<p><strong>Durante la pr\u00f3xima madrugada y primeras horas de la ma\u00f1ana del mi\u00e9rcoles, la provincia malague\u00f1a tambi\u00e9n puede tener alg\u00fan chubasco.<\/strong><\/p>\n<p><strong>Hoy martes el terral nos abandonara definitivamente sobre el\u00a0mediod\u00eda, y\u00a0dar\u00e1\u00a0paso a vientos de sur sureste, que pueden traer brumas, \u00a0nieblas costeras \u00a0y alg\u00fan\u00a0chubasco . Hoy he llegado sobre las seis\u00a0y media a la\u00a0playa, la verdad que me esperaba mas candilazo, al menos he cargado las pilas. Os paso un par de fotos.<\/strong><\/p>\n<p><img loading=\"lazy\" class=\"aligncenter\" src=\"https:\/\/farm4.staticflickr.com\/3850\/14202103547_1d36044982_z.jpg\" alt=\"\" width=\"427\" height=\"640\" \/><\/p>\n<p>&nbsp;<\/p>\n<p><img loading=\"lazy\" class=\"aligncenter\" src=\"https:\/\/farm4.staticflickr.com\/3841\/14388547965_d7ebe93fcc_z.jpg\" alt=\"\" width=\"640\" height=\"428\" \/><\/p>\n<p>&nbsp;<\/p>\n<p><strong>Ayer lunes hubo una lucha impresionante en el terral y el levante. Cuando\u00a0parec\u00eda\u00a0que el levante ganaba la partida, sobre las ocho de la tarde entro de nuevo. En Teatinos a las ocho se daba 32 grados. A las once de la noche en el Puerto tambien subia de pronto la temperatura. Os paso los graficos de las estaciones que tiene la Aemet en M\u00e1laga.<\/strong><\/p>\n<p><a href=\"https:\/\/blogs.diariosur.es\/tormentas-y-rayos\/2014\/06\/10\/aviso-amarillo-por-tormentas-en-andalucia-oriental-posibles-chubascos-el-miercoles-en-la-provincia-malaguena\/1-50\/\" rel=\"attachment wp-att-8731\"><img loading=\"lazy\" class=\"aligncenter size-medium wp-image-8731\" title=\"1\" src=\"\/tormentas-y-rayos\/wp-content\/uploads\/sites\/12\/2014\/06\/12.jpg\" alt=\"\" width=\"600\" height=\"244\" srcset=\"https:\/\/static-blogs.diariosur.es\/wp-content\/uploads\/sites\/12\/2014\/06\/12.jpg 759w, https:\/\/static-blogs.diariosur.es\/wp-content\/uploads\/sites\/12\/2014\/06\/12-640x261.jpg 640w\" sizes=\"(max-width: 600px) 100vw, 600px\" \/><\/a><a href=\"https:\/\/blogs.diariosur.es\/tormentas-y-rayos\/2014\/06\/10\/aviso-amarillo-por-tormentas-en-andalucia-oriental-posibles-chubascos-el-miercoles-en-la-provincia-malaguena\/2-41\/\" rel=\"attachment wp-att-8732\"><img loading=\"lazy\" class=\"aligncenter size-medium wp-image-8732\" title=\"2\" src=\"\/tormentas-y-rayos\/wp-content\/uploads\/sites\/12\/2014\/06\/21.jpg\" alt=\"\" width=\"600\" height=\"249\" srcset=\"https:\/\/static-blogs.diariosur.es\/wp-content\/uploads\/sites\/12\/2014\/06\/21.jpg 725w, https:\/\/static-blogs.diariosur.es\/wp-content\/uploads\/sites\/12\/2014\/06\/21-640x267.jpg 640w\" sizes=\"(max-width: 600px) 100vw, 600px\" \/><\/a><a href=\"https:\/\/blogs.diariosur.es\/tormentas-y-rayos\/2014\/06\/10\/aviso-amarillo-por-tormentas-en-andalucia-oriental-posibles-chubascos-el-miercoles-en-la-provincia-malaguena\/3-33\/\" rel=\"attachment wp-att-8733\"><img loading=\"lazy\" class=\"aligncenter size-medium wp-image-8733\" title=\"3\" src=\"\/tormentas-y-rayos\/wp-content\/uploads\/sites\/12\/2014\/06\/32.jpg\" alt=\"\" width=\"600\" height=\"254\" srcset=\"https:\/\/static-blogs.diariosur.es\/wp-content\/uploads\/sites\/12\/2014\/06\/32.jpg 716w, https:\/\/static-blogs.diariosur.es\/wp-content\/uploads\/sites\/12\/2014\/06\/32-640x272.jpg 640w\" sizes=\"(max-width: 600px) 100vw, 600px\" \/><\/a><\/p>\n<p>&nbsp;<\/p>\n<p><strong>Poco mas que contar amigos. Cojo la\u00a0c\u00e1mara\u00a0y en un rato tiro para la playa.<\/strong><\/p>\n<p><strong>Ma\u00f1ana \u00a0o el jueves, hablaremos de la masa de aire c\u00e1lida\u00a0proveniente\u00a0de \u00c1frica que afectara a\u00a0Andaluc\u00eda. Entre el\u00a0s\u00e1bado\u00a0y el domingo se llegaran a los 40 grados en el Valle del Guadalquivir.<\/strong><\/p>\n","protected":false},"excerpt":{"rendered":"<p>Buenos dias amigos de la meteo. Son las ocho de la ma\u00f1ana, registro 21 grados y los cielos malague\u00f1os y andaluces lo adornan nubes altas como pod\u00e9is ver en esta imagen reciente del\u00a0sat\u00e9lite\u00a0eumetsat. Estas nubes son los \u00faltimos coletazos de la borrasca que estos d\u00edas ha estado situada en el noroeste de Galicia. Se aproxima [&hellip;]<\/p>\n","protected":false},"author":16,"featured_media":8730,"comment_status":"open","ping_status":"open","sticky":false,"template":"","format":"standard","meta":[],"categories":[2],"tags":[63,91,100,151,996],"_links":{"self":[{"href":"https:\/\/blogs.diariosur.es\/tormentas-y-rayos\/wp-json\/wp\/v2\/posts\/8728"}],"collection":[{"href":"https:\/\/blogs.diariosur.es\/tormentas-y-rayos\/wp-json\/wp\/v2\/posts"}],"about":[{"href":"https:\/\/blogs.diariosur.es\/tormentas-y-rayos\/wp-json\/wp\/v2\/types\/post"}],"author":[{"embeddable":true,"href":"https:\/\/blogs.diariosur.es\/tormentas-y-rayos\/wp-json\/wp\/v2\/users\/16"}],"replies":[{"embeddable":true,"href":"https:\/\/blogs.diariosur.es\/tormentas-y-rayos\/wp-json\/wp\/v2\/comments?post=8728"}],"version-history":[{"count":0,"href":"https:\/\/blogs.diariosur.es\/tormentas-y-rayos\/wp-json\/wp\/v2\/posts\/8728\/revisions"}],"wp:featuredmedia":[{"embeddable":true,"href":"https:\/\/blogs.diariosur.es\/tormentas-y-rayos\/wp-json\/wp\/v2\/media\/8730"}],"wp:attachment":[{"href":"https:\/\/blogs.diariosur.es\/tormentas-y-rayos\/wp-json\/wp\/v2\/media?parent=8728"}],"wp:term":[{"taxonomy":"category","embeddable":true,"href":"https:\/\/blogs.diariosur.es\/tormentas-y-rayos\/wp-json\/wp\/v2\/categories?post=8728"},{"taxonomy":"post_tag","embeddable":true,"href":"https:\/\/blogs.diariosur.es\/tormentas-y-rayos\/wp-json\/wp\/v2\/tags?post=8728"}],"curies":[{"name":"wp","href":"https:\/\/api.w.org\/{rel}","templated":true}]}}