{"id":8735,"date":"2014-06-12T07:28:15","date_gmt":"2014-06-12T05:28:15","guid":{"rendered":"http:\/\/blogs.diariosur.es\/tormentas-y-rayos\/?p=8735"},"modified":"2014-06-12T07:28:15","modified_gmt":"2014-06-12T05:28:15","slug":"la-dorsal-africana-toma-protagonismo-una-masa-de-aire-calido-hara-subir-los-termometros-hasta-los-40-grados-en-el-valle-del-guadalquivir","status":"publish","type":"post","link":"https:\/\/blogs.diariosur.es\/tormentas-y-rayos\/2014\/06\/12\/la-dorsal-africana-toma-protagonismo-una-masa-de-aire-calido-hara-subir-los-termometros-hasta-los-40-grados-en-el-valle-del-guadalquivir\/","title":{"rendered":"La dorsal Africana toma protagonismo. Una masa de aire c\u00e1lido har\u00e1 subir los term\u00f3metros hasta los 40 grados en el Valle del Guadalquivir."},"content":{"rendered":"<p><strong>Buenos dias amigos de la meteo. Son las seis de la ma\u00f1ana, registro 22 grados y los cielos\u00a0est\u00e1n algo\u00a0<\/strong><strong>\u00a0nubosos en la zona del Estrecho y Mar de Albor\u00e1n. Os paso las temperaturas\u00a0m\u00ednimas\u00a0que se dan en nuestra regi\u00f3n fuente aemet y la ultima imagen del satelite eumetsat.<\/strong><\/p>\n<p><a href=\"https:\/\/blogs.diariosur.es\/tormentas-y-rayos\/2014\/06\/12\/la-dorsal-africana-toma-protagonismo-una-masa-de-aire-calido-hara-subir-los-termometros-hasta-los-40-grados-en-el-valle-del-guadalquivir\/mm-10\/\" rel=\"attachment wp-att-8738\"><img loading=\"lazy\" class=\"aligncenter size-medium wp-image-8738\" title=\"mm\" src=\"\/tormentas-y-rayos\/wp-content\/uploads\/sites\/12\/2014\/06\/mm.jpg\" alt=\"\" width=\"600\" height=\"396\" srcset=\"https:\/\/static-blogs.diariosur.es\/wp-content\/uploads\/sites\/12\/2014\/06\/mm.jpg 786w, https:\/\/static-blogs.diariosur.es\/wp-content\/uploads\/sites\/12\/2014\/06\/mm-605x400.jpg 605w, https:\/\/static-blogs.diariosur.es\/wp-content\/uploads\/sites\/12\/2014\/06\/mm-768x508.jpg 768w\" sizes=\"(max-width: 600px) 100vw, 600px\" \/><\/a><\/p>\n<p>&nbsp;<\/p>\n<p><a href=\"https:\/\/blogs.diariosur.es\/tormentas-y-rayos\/2014\/06\/12\/la-dorsal-africana-toma-protagonismo-una-masa-de-aire-calido-hara-subir-los-termometros-hasta-los-40-grados-en-el-valle-del-guadalquivir\/z-23\/\" rel=\"attachment wp-att-8739\"><img loading=\"lazy\" class=\"aligncenter size-medium wp-image-8739\" title=\"z\" src=\"\/tormentas-y-rayos\/wp-content\/uploads\/sites\/12\/2014\/06\/z.jpg\" alt=\"\" width=\"583\" height=\"400\" srcset=\"https:\/\/static-blogs.diariosur.es\/wp-content\/uploads\/sites\/12\/2014\/06\/z.jpg 748w, https:\/\/static-blogs.diariosur.es\/wp-content\/uploads\/sites\/12\/2014\/06\/z-583x400.jpg 583w\" sizes=\"(max-width: 583px) 100vw, 583px\" \/><\/a><\/p>\n<p><strong>A partir de hoy jueves las\u00a0m\u00e1ximas\u00a0subir\u00e1n\u00a0por el interior malague\u00f1o, alcanzando su cenit el\u00a0pr\u00f3ximo\u00a0s\u00e1bado. El levante sera el protagonista en el Estrecho, la aemet activa el aviso amarillo por\u00a0fen\u00f3menos\u00a0costeros en esta zona para hoy. La temperatura del agua del mar tambi\u00e9n subira, de estar a 18 grados estos dias \u00a0pasara a los 23 el domingo.<\/strong><\/p>\n<p><img loading=\"lazy\" class=\"aligncenter\" src=\"https:\/\/farm3.staticflickr.com\/2938\/14216709420_875b2cb4e7_z.jpg\" alt=\"\" width=\"430\" height=\"526\" \/><\/p>\n<p><strong>\u00a0Ma\u00f1ana viernes empezaran a subir las\u00a0m\u00e1ximas\u00a0considerablemente en el Valle del Guadalquivir, por este motivo la aemet activa el aviso amarillo por altas temperaturas.<\/strong><\/p>\n<p><a href=\"https:\/\/blogs.diariosur.es\/tormentas-y-rayos\/2014\/06\/12\/la-dorsal-africana-toma-protagonismo-una-masa-de-aire-calido-hara-subir-los-termometros-hasta-los-40-grados-en-el-valle-del-guadalquivir\/amarillo\/\" rel=\"attachment wp-att-8736\"><img loading=\"lazy\" class=\"aligncenter size-full wp-image-8736\" title=\"amarillo\" src=\"\/tormentas-y-rayos\/wp-content\/uploads\/sites\/12\/2014\/06\/amarillo.jpg\" alt=\"\" width=\"652\" height=\"436\" srcset=\"https:\/\/static-blogs.diariosur.es\/wp-content\/uploads\/sites\/12\/2014\/06\/amarillo.jpg 652w, https:\/\/static-blogs.diariosur.es\/wp-content\/uploads\/sites\/12\/2014\/06\/amarillo-598x400.jpg 598w\" sizes=\"(max-width: 652px) 100vw, 652px\" \/><\/a><\/p>\n<p><strong>Como os comento en el titulo del post la dorsal Africana toma protagonismo a partir de hoy, esta dorsal ira acompa\u00f1ada de una masa de aire c\u00e1lido. <span><span style=\"color: #ff0000;\">No me\u00a0extra\u00f1ar\u00eda\u00a0que para el\u00a0s\u00e1bado\u00a0y el domingo este aviso se convierta en naranja para\u00a0C\u00f3rdoba\u00a0y Sevilla. La zona interior de Ronda y Antequera tambi\u00e9n pueden entrar en aviso amarillo el\u00a0pr\u00f3ximo\u00a0<\/span><\/span><\/strong><span style=\"color: #ff0000;\"><strong>s\u00e1bado, aunque lo sabremos cuando actualicen las alertas.<\/strong><\/span><\/p>\n<p><strong>\u00a0Ma\u00f1ana viernes por la ma\u00f1ana os\u00a0pondr\u00e9\u00a0mapas de temperaturas a 850 hpa ( 1500 m) y de paso os\u00a0dar\u00e9\u00a0la previsi\u00f3n del fin de semana.<\/strong><\/p>\n<p><strong>Os hago un resumen del martes, donde los cielos nublados y el polvo en suspensi\u00f3n fueron los protagonistas. Incluso cayeron gotas ( barro) sobre el\u00a0mediod\u00eda\u00a0y a ultima hora de la noche.<\/strong><\/p>\n<p><strong> Os paso unas fotos que hablan por si solas.<\/strong><\/p>\n<p><img loading=\"lazy\" class=\"aligncenter\" src=\"https:\/\/farm4.staticflickr.com\/3869\/14396837051_8dbaaa4f58_z.jpg\" alt=\"\" width=\"640\" height=\"428\" \/><\/p>\n<p>&nbsp;<\/p>\n<p><img loading=\"lazy\" class=\"aligncenter\" src=\"https:\/\/farm4.staticflickr.com\/3869\/14396837051_8dbaaa4f58_z.jpg\" alt=\"\" width=\"640\" height=\"428\" \/><\/p>\n<p>&nbsp;<\/p>\n<p><strong>El candilazo de la puesta de sol fue una pasada.<\/strong><\/p>\n<p>&nbsp;<\/p>\n<p><img loading=\"lazy\" class=\"aligncenter\" src=\"https:\/\/farm4.staticflickr.com\/3855\/14213751937_47517ced70_z.jpg\" alt=\"\" width=\"640\" height=\"428\" \/><\/p>\n<p>&nbsp;<\/p>\n<p><strong>Las tormentas tambi\u00e9n fueron protagonistas como\u00a0pod\u00e9is\u00a0ver en esta imagen del sat 24. Mi amigo David Mancebo cazo esta impresionante tormenta en el noreste de Granada.<\/strong><\/p>\n<p><a href=\"https:\/\/blogs.diariosur.es\/tormentas-y-rayos\/2014\/06\/12\/la-dorsal-africana-toma-protagonismo-una-masa-de-aire-calido-hara-subir-los-termometros-hasta-los-40-grados-en-el-valle-del-guadalquivir\/captura-354\/\" rel=\"attachment wp-att-8744\"><img loading=\"lazy\" class=\"aligncenter size-medium wp-image-8744\" title=\"Captura\" src=\"\/tormentas-y-rayos\/wp-content\/uploads\/sites\/12\/2014\/06\/Captura5.jpg\" alt=\"\" width=\"508\" height=\"400\" srcset=\"https:\/\/static-blogs.diariosur.es\/wp-content\/uploads\/sites\/12\/2014\/06\/Captura5.jpg 817w, https:\/\/static-blogs.diariosur.es\/wp-content\/uploads\/sites\/12\/2014\/06\/Captura5-508x400.jpg 508w, https:\/\/static-blogs.diariosur.es\/wp-content\/uploads\/sites\/12\/2014\/06\/Captura5-768x604.jpg 768w\" sizes=\"(max-width: 508px) 100vw, 508px\" \/><\/a><\/p>\n<p><a href=\"https:\/\/blogs.diariosur.es\/tormentas-y-rayos\/2014\/06\/12\/la-dorsal-africana-toma-protagonismo-una-masa-de-aire-calido-hara-subir-los-termometros-hasta-los-40-grados-en-el-valle-del-guadalquivir\/10397125_716610528402718_60342628366847200_o-2\/\" rel=\"attachment wp-att-8745\"><img loading=\"lazy\" class=\"aligncenter size-full wp-image-8745\" title=\"10397125_716610528402718_60342628366847200_o\" src=\"\/tormentas-y-rayos\/wp-content\/uploads\/sites\/12\/2014\/06\/10397125_716610528402718_60342628366847200_o1.jpg\" alt=\"\" width=\"640\" height=\"424\" srcset=\"https:\/\/static-blogs.diariosur.es\/wp-content\/uploads\/sites\/12\/2014\/06\/10397125_716610528402718_60342628366847200_o1.jpg 640w, https:\/\/static-blogs.diariosur.es\/wp-content\/uploads\/sites\/12\/2014\/06\/10397125_716610528402718_60342628366847200_o1-604x400.jpg 604w\" sizes=\"(max-width: 640px) 100vw, 640px\" \/><\/a><\/p>\n<p>&nbsp;<\/p>\n<p><strong>El\u00a0mi\u00e9rcoles\u00a0de madrugada se paseo una tormenta por la costa malague\u00f1a, mi amigo Rafael Castro la cazo desde la Cala de Mijas. Un foton.<\/strong><\/p>\n<p><a href=\"https:\/\/blogs.diariosur.es\/tormentas-y-rayos\/2014\/06\/12\/la-dorsal-africana-toma-protagonismo-una-masa-de-aire-calido-hara-subir-los-termometros-hasta-los-40-grados-en-el-valle-del-guadalquivir\/10457663_10203321676995500_5509334083928249353_o\/\" rel=\"attachment wp-att-8746\"><img loading=\"lazy\" class=\"aligncenter size-medium wp-image-8746\" title=\"10457663_10203321676995500_5509334083928249353_o\" src=\"\/tormentas-y-rayos\/wp-content\/uploads\/sites\/12\/2014\/06\/10457663_10203321676995500_5509334083928249353_o.jpg\" alt=\"\" width=\"600\" height=\"400\" srcset=\"https:\/\/static-blogs.diariosur.es\/wp-content\/uploads\/sites\/12\/2014\/06\/10457663_10203321676995500_5509334083928249353_o.jpg 900w, https:\/\/static-blogs.diariosur.es\/wp-content\/uploads\/sites\/12\/2014\/06\/10457663_10203321676995500_5509334083928249353_o-600x400.jpg 600w, https:\/\/static-blogs.diariosur.es\/wp-content\/uploads\/sites\/12\/2014\/06\/10457663_10203321676995500_5509334083928249353_o-768x512.jpg 768w\" sizes=\"(max-width: 600px) 100vw, 600px\" \/><\/a><\/p>\n<p>&nbsp;<\/p>\n<p><strong>Poco mas que contar amigos, ma\u00f1ana os\u00a0dar\u00e9\u00a0la previsi\u00f3n del fin de semana. Os dejo con el amanecer que hemos tenido hace pocos minutos.<\/strong><\/p>\n<p><a href=\"https:\/\/blogs.diariosur.es\/tormentas-y-rayos\/2014\/06\/12\/la-dorsal-africana-toma-protagonismo-una-masa-de-aire-calido-hara-subir-los-termometros-hasta-los-40-grados-en-el-valle-del-guadalquivir\/002-12\/\" rel=\"attachment wp-att-8747\"><img loading=\"lazy\" class=\"aligncenter size-full wp-image-8747\" title=\"002\" src=\"\/tormentas-y-rayos\/wp-content\/uploads\/sites\/12\/2014\/06\/0022.jpg\" alt=\"\" width=\"640\" height=\"427\" srcset=\"https:\/\/static-blogs.diariosur.es\/wp-content\/uploads\/sites\/12\/2014\/06\/0022.jpg 640w, https:\/\/static-blogs.diariosur.es\/wp-content\/uploads\/sites\/12\/2014\/06\/0022-600x400.jpg 600w\" sizes=\"(max-width: 640px) 100vw, 640px\" \/><\/a><\/p>\n","protected":false},"excerpt":{"rendered":"<p>Buenos dias amigos de la meteo. Son las seis de la ma\u00f1ana, registro 22 grados y los cielos\u00a0est\u00e1n algo\u00a0\u00a0nubosos en la zona del Estrecho y Mar de Albor\u00e1n. Os paso las temperaturas\u00a0m\u00ednimas\u00a0que se dan en nuestra regi\u00f3n fuente aemet y la ultima imagen del satelite eumetsat. &nbsp; A partir de hoy jueves las\u00a0m\u00e1ximas\u00a0subir\u00e1n\u00a0por el interior [&hellip;]<\/p>\n","protected":false},"author":16,"featured_media":8742,"comment_status":"closed","ping_status":"closed","sticky":false,"template":"","format":"standard","meta":[],"categories":[2],"tags":[49,54,207,346,616,934,962,1046],"_links":{"self":[{"href":"https:\/\/blogs.diariosur.es\/tormentas-y-rayos\/wp-json\/wp\/v2\/posts\/8735"}],"collection":[{"href":"https:\/\/blogs.diariosur.es\/tormentas-y-rayos\/wp-json\/wp\/v2\/posts"}],"about":[{"href":"https:\/\/blogs.diariosur.es\/tormentas-y-rayos\/wp-json\/wp\/v2\/types\/post"}],"author":[{"embeddable":true,"href":"https:\/\/blogs.diariosur.es\/tormentas-y-rayos\/wp-json\/wp\/v2\/users\/16"}],"replies":[{"embeddable":true,"href":"https:\/\/blogs.diariosur.es\/tormentas-y-rayos\/wp-json\/wp\/v2\/comments?post=8735"}],"version-history":[{"count":0,"href":"https:\/\/blogs.diariosur.es\/tormentas-y-rayos\/wp-json\/wp\/v2\/posts\/8735\/revisions"}],"wp:featuredmedia":[{"embeddable":true,"href":"https:\/\/blogs.diariosur.es\/tormentas-y-rayos\/wp-json\/wp\/v2\/media\/8742"}],"wp:attachment":[{"href":"https:\/\/blogs.diariosur.es\/tormentas-y-rayos\/wp-json\/wp\/v2\/media?parent=8735"}],"wp:term":[{"taxonomy":"category","embeddable":true,"href":"https:\/\/blogs.diariosur.es\/tormentas-y-rayos\/wp-json\/wp\/v2\/categories?post=8735"},{"taxonomy":"post_tag","embeddable":true,"href":"https:\/\/blogs.diariosur.es\/tormentas-y-rayos\/wp-json\/wp\/v2\/tags?post=8735"}],"curies":[{"name":"wp","href":"https:\/\/api.w.org\/{rel}","templated":true}]}}