{"id":8748,"date":"2014-06-13T07:26:29","date_gmt":"2014-06-13T05:26:29","guid":{"rendered":"http:\/\/blogs.diariosur.es\/tormentas-y-rayos\/?p=8748"},"modified":"2014-06-13T07:26:29","modified_gmt":"2014-06-13T05:26:29","slug":"prevision-del-tiempo-andalucia-aviso-naranja-por-altas-temperaturas-en-cordobasevilla-y-huelva","status":"publish","type":"post","link":"https:\/\/blogs.diariosur.es\/tormentas-y-rayos\/2014\/06\/13\/prevision-del-tiempo-andalucia-aviso-naranja-por-altas-temperaturas-en-cordobasevilla-y-huelva\/","title":{"rendered":"Previsi\u00f3n del tiempo Andaluc\u00eda. Aviso naranja por altas temperaturas en C\u00f3rdoba,Sevilla y Huelva."},"content":{"rendered":"<p><strong>Buenos dias amigos de la meteo. \u00a0Antes de nada comentaros que seguiremos con esta forma de ver el blog, me es imposible volver al otro formato, lo siento.<\/strong><\/p>\n<p><strong>Son las seis de la ma\u00f1ana, registro 22 grados y los cielos andaluces est\u00e1n despejados. Os paso las\u00a0temperaturas\u00a0que se daban hace una hora y media en Andaluc\u00eda. Noche calurosa en muchos puntos.\u00a0<\/strong><\/p>\n<p><a href=\"https:\/\/blogs.diariosur.es\/tormentas-y-rayos\/2014\/06\/13\/prevision-del-tiempo-andalucia-aviso-naranja-por-altas-temperaturas-en-cordobasevilla-y-huelva\/minimas-7\/\" rel=\"attachment wp-att-8749\"><img loading=\"lazy\" class=\"aligncenter size-medium wp-image-8749\" title=\"minimas\" src=\"\/tormentas-y-rayos\/wp-content\/uploads\/sites\/12\/2014\/06\/minimas.jpg\" alt=\"\" width=\"593\" height=\"400\" srcset=\"https:\/\/static-blogs.diariosur.es\/wp-content\/uploads\/sites\/12\/2014\/06\/minimas.jpg 746w, https:\/\/static-blogs.diariosur.es\/wp-content\/uploads\/sites\/12\/2014\/06\/minimas-593x400.jpg 593w\" sizes=\"(max-width: 593px) 100vw, 593px\" \/><\/a><\/p>\n<p>&nbsp;<\/p>\n<p><strong>En M\u00e1laga Capital la maxima rondara los 29 grados hoy viernes, predominaran \u00a0los vientos flojos de direcci\u00f3n variable ( sur,sureste), que se alternaran con brisas de tierra. Ma\u00f1ana\u00a0s\u00e1bado\u00a0se pueden sobrepasar los\u00a030 grados, que unido a la alta humedad la sensaci\u00f3n sera de mas calor. En las comarcas de Ronda y Antequera se llegaran a los 35 grados. Como ayer os comentaba este tipo de\u00a0situaci\u00f3n\u00a0hace que la temperatura \u00a0superficial del mar se caliente. Asi que nos daremos el primer ba\u00f1o.<\/strong><\/p>\n<p><a href=\"https:\/\/blogs.diariosur.es\/tormentas-y-rayos\/2014\/06\/13\/prevision-del-tiempo-andalucia-aviso-naranja-por-altas-temperaturas-en-cordobasevilla-y-huelva\/levante-18\/\" rel=\"attachment wp-att-8754\"><img loading=\"lazy\" class=\"aligncenter size-full wp-image-8754\" title=\"levante\" src=\"\/tormentas-y-rayos\/wp-content\/uploads\/sites\/12\/2014\/06\/levante.jpg\" alt=\"\" width=\"430\" height=\"526\" srcset=\"https:\/\/static-blogs.diariosur.es\/wp-content\/uploads\/sites\/12\/2014\/06\/levante.jpg 430w, https:\/\/static-blogs.diariosur.es\/wp-content\/uploads\/sites\/12\/2014\/06\/levante-327x400.jpg 327w\" sizes=\"(max-width: 430px) 100vw, 430px\" \/><\/a><\/p>\n<p><strong>Ayer os comentaba que la dorsal\u00a0tomar\u00eda\u00a0protagonismo y asi es amigos de la meteo. En estos momentos es la protagonista en Andaluc\u00eda Occidental. En este mapa previsto de\u00a0temperaturas\u00a0 para hoy \u00a0a \u00a0850 HPA ( 1500\u00a0M) se ve claramente que los 22 grados abarcan toda Andaluc\u00eda. Las\u00a0m\u00e1ximas\u00a0en el Valle del Guadalquivir rondaran casi los 39 grados.<\/strong><\/p>\n<p><a href=\"https:\/\/blogs.diariosur.es\/tormentas-y-rayos\/2014\/06\/13\/prevision-del-tiempo-andalucia-aviso-naranja-por-altas-temperaturas-en-cordobasevilla-y-huelva\/dorsal-4\/\" rel=\"attachment wp-att-8750\"><img loading=\"lazy\" class=\"aligncenter size-medium wp-image-8750\" title=\"dorsal\" src=\"\/tormentas-y-rayos\/wp-content\/uploads\/sites\/12\/2014\/06\/dorsal.jpg\" alt=\"\" width=\"504\" height=\"400\" srcset=\"https:\/\/static-blogs.diariosur.es\/wp-content\/uploads\/sites\/12\/2014\/06\/dorsal.jpg 750w, https:\/\/static-blogs.diariosur.es\/wp-content\/uploads\/sites\/12\/2014\/06\/dorsal-504x400.jpg 504w\" sizes=\"(max-width: 504px) 100vw, 504px\" \/><\/a><\/p>\n<p><strong>Sera ma\u00f1ana\u00a0s\u00e1bado\u00a0cuando la masa de aire c\u00e1lido nos afecte mas de lleno, a 850 hpa la temperatura\u00a0estar\u00e1\u00a0cercana a los 26.<\/strong><\/p>\n<p><a href=\"https:\/\/blogs.diariosur.es\/tormentas-y-rayos\/2014\/06\/13\/prevision-del-tiempo-andalucia-aviso-naranja-por-altas-temperaturas-en-cordobasevilla-y-huelva\/sabado-15\/\" rel=\"attachment wp-att-8751\"><img loading=\"lazy\" class=\"aligncenter size-medium wp-image-8751\" title=\"sabado\" src=\"\/tormentas-y-rayos\/wp-content\/uploads\/sites\/12\/2014\/06\/sabado.jpg\" alt=\"\" width=\"500\" height=\"400\" srcset=\"https:\/\/static-blogs.diariosur.es\/wp-content\/uploads\/sites\/12\/2014\/06\/sabado.jpg 751w, https:\/\/static-blogs.diariosur.es\/wp-content\/uploads\/sites\/12\/2014\/06\/sabado-501x400.jpg 501w\" sizes=\"(max-width: 500px) 100vw, 500px\" \/><\/a><\/p>\n<p>&nbsp;<\/p>\n<p><img loading=\"lazy\" class=\"aligncenter\" src=\"https:\/\/farm4.staticflickr.com\/3837\/14396804033_86a3d305c4_z.jpg\" alt=\"\" width=\"450\" height=\"606\" \/><\/p>\n<p><strong>Por este motivo la Aemet activa el aviso naranja por altas temperaturas \u00a0en \u00a0Huelva, C\u00e1diz y Sevilla, en algunos puntos se sobrepasaran los 40 grados. Fuente aemet y meteociel.<\/strong><\/p>\n<p><a href=\"https:\/\/blogs.diariosur.es\/tormentas-y-rayos\/2014\/06\/13\/prevision-del-tiempo-andalucia-aviso-naranja-por-altas-temperaturas-en-cordobasevilla-y-huelva\/captura-355\/\" rel=\"attachment wp-att-8752\"><img loading=\"lazy\" class=\"aligncenter size-medium wp-image-8752\" title=\"Captura\" src=\"\/tormentas-y-rayos\/wp-content\/uploads\/sites\/12\/2014\/06\/Captura6.jpg\" alt=\"\" width=\"600\" height=\"377\" srcset=\"https:\/\/static-blogs.diariosur.es\/wp-content\/uploads\/sites\/12\/2014\/06\/Captura6.jpg 644w, https:\/\/static-blogs.diariosur.es\/wp-content\/uploads\/sites\/12\/2014\/06\/Captura6-636x400.jpg 636w\" sizes=\"(max-width: 600px) 100vw, 600px\" \/><\/a><\/p>\n<p>&nbsp;<\/p>\n<p><a href=\"https:\/\/blogs.diariosur.es\/tormentas-y-rayos\/2014\/06\/13\/prevision-del-tiempo-andalucia-aviso-naranja-por-altas-temperaturas-en-cordobasevilla-y-huelva\/39-582sp\/\" rel=\"attachment wp-att-8753\"><img loading=\"lazy\" class=\"aligncenter size-large wp-image-8753\" title=\"39-582SP\" src=\"\/tormentas-y-rayos\/wp-content\/uploads\/sites\/12\/2014\/06\/39-582SP.gif\" alt=\"\" width=\"600\" height=\"600\" \/><\/a><\/p>\n<p><strong>El domingo se espera que poco a poco vayan bajando y se consolide esta bajada el\u00a0pr\u00f3ximo\u00a0lunes. De todas formas el domingo las\u00a0m\u00e1ximas\u00a0en estas zonas mencionadas\u00a0seguir\u00edan\u00a0cercanas a los 38 o\u00a039\u00a0grados. Esta bajada se\u00a0deber\u00eda\u00a0a un embolsamiento de aire fr\u00edo en altura que tambi\u00e9n\u00a0traer\u00eda\u00a0tormentas moderadas en los sistemas monta\u00f1osos de\u00a0Andaluc\u00eda\u00a0Oriental . Pero de esto hablaremos\u00a0cuando\u00a0actualice\u00a0el blog. <\/strong><\/p>\n<p><strong>Poco mas que contar amigos, os dejo con el enlace a mi\u00a0galer\u00eda\u00a0de fotos.<a href=\"https:\/\/www.flickr.com\/photos\/jose_luis_escudero\/\" rel=\"external nofollow\">\u00a0GALER\u00cdA\u00a0DE FOTOS JOSE LUIS ESCUDERO<\/a><\/strong><\/p>\n<p><img loading=\"lazy\" class=\"aligncenter\" src=\"https:\/\/farm8.staticflickr.com\/7321\/10587621395_b0b427d460_z.jpg\" alt=\"\" width=\"640\" height=\"414\" \/><\/p>\n","protected":false},"excerpt":{"rendered":"<p>Buenos dias amigos de la meteo. \u00a0Antes de nada comentaros que seguiremos con esta forma de ver el blog, me es imposible volver al otro formato, lo siento. Son las seis de la ma\u00f1ana, registro 22 grados y los cielos andaluces est\u00e1n despejados. Os paso las\u00a0temperaturas\u00a0que se daban hace una hora y media en Andaluc\u00eda. [&hellip;]<\/p>\n","protected":false},"author":16,"featured_media":8752,"comment_status":"open","ping_status":"open","sticky":false,"template":"","format":"standard","meta":[],"categories":[2],"tags":[49,81,151,280,346,491,676,809,910,962,980],"_links":{"self":[{"href":"https:\/\/blogs.diariosur.es\/tormentas-y-rayos\/wp-json\/wp\/v2\/posts\/8748"}],"collection":[{"href":"https:\/\/blogs.diariosur.es\/tormentas-y-rayos\/wp-json\/wp\/v2\/posts"}],"about":[{"href":"https:\/\/blogs.diariosur.es\/tormentas-y-rayos\/wp-json\/wp\/v2\/types\/post"}],"author":[{"embeddable":true,"href":"https:\/\/blogs.diariosur.es\/tormentas-y-rayos\/wp-json\/wp\/v2\/users\/16"}],"replies":[{"embeddable":true,"href":"https:\/\/blogs.diariosur.es\/tormentas-y-rayos\/wp-json\/wp\/v2\/comments?post=8748"}],"version-history":[{"count":0,"href":"https:\/\/blogs.diariosur.es\/tormentas-y-rayos\/wp-json\/wp\/v2\/posts\/8748\/revisions"}],"wp:featuredmedia":[{"embeddable":true,"href":"https:\/\/blogs.diariosur.es\/tormentas-y-rayos\/wp-json\/wp\/v2\/media\/8752"}],"wp:attachment":[{"href":"https:\/\/blogs.diariosur.es\/tormentas-y-rayos\/wp-json\/wp\/v2\/media?parent=8748"}],"wp:term":[{"taxonomy":"category","embeddable":true,"href":"https:\/\/blogs.diariosur.es\/tormentas-y-rayos\/wp-json\/wp\/v2\/categories?post=8748"},{"taxonomy":"post_tag","embeddable":true,"href":"https:\/\/blogs.diariosur.es\/tormentas-y-rayos\/wp-json\/wp\/v2\/tags?post=8748"}],"curies":[{"name":"wp","href":"https:\/\/api.w.org\/{rel}","templated":true}]}}