{"id":8757,"date":"2014-06-16T07:14:41","date_gmt":"2014-06-16T05:14:41","guid":{"rendered":"http:\/\/blogs.diariosur.es\/tormentas-y-rayos\/?p=8757"},"modified":"2014-06-16T07:14:41","modified_gmt":"2014-06-16T05:14:41","slug":"aviso-amarillo-las-tormentas-seran-protagonistas-hoy-lunes-y-el-martes-en-el-centro-y-este-de-andalucia","status":"publish","type":"post","link":"https:\/\/blogs.diariosur.es\/tormentas-y-rayos\/2014\/06\/16\/aviso-amarillo-las-tormentas-seran-protagonistas-hoy-lunes-y-el-martes-en-el-centro-y-este-de-andalucia\/","title":{"rendered":"Aviso amarillo. Las tormentas ser\u00e1n protagonistas hoy lunes y el  martes en el centro y este de Andaluc\u00eda."},"content":{"rendered":"<p><strong>Buenos dias amigos de la meteo. Son las seis de la ma\u00f1ana, registro 23 \u00a0grados y los cielos andaluces est\u00e1n poco\u00a0nubosos. Para refrescarnos un poco, os pongo esta preciosa foto que me han mandado mis amigos Antonio Bueno y Marivi. El domingo subieron hasta el Mulhac\u00e9n, y como\u00a0pod\u00e9is\u00a0ver \u00a0aun hay nieve. Muchas gracias compis, a la\u00a0pr\u00f3xima\u00a0subida me apunto.<\/strong><\/p>\n<p>&nbsp;<\/p>\n<p><a href=\"https:\/\/blogs.diariosur.es\/tormentas-y-rayos\/2014\/06\/16\/aviso-amarillo-las-tormentas-seran-protagonistas-hoy-lunes-y-el-martes-en-el-centro-y-este-de-andalucia\/antonio-bueno-2\/\" rel=\"attachment wp-att-8767\"><img loading=\"lazy\" class=\"aligncenter size-full wp-image-8767\" title=\"antonio bueno\" src=\"\/tormentas-y-rayos\/wp-content\/uploads\/sites\/12\/2014\/06\/antonio-bueno1.jpg\" alt=\"\" width=\"640\" height=\"480\" srcset=\"https:\/\/static-blogs.diariosur.es\/wp-content\/uploads\/sites\/12\/2014\/06\/antonio-bueno1.jpg 640w, https:\/\/static-blogs.diariosur.es\/wp-content\/uploads\/sites\/12\/2014\/06\/antonio-bueno1-533x400.jpg 533w\" sizes=\"(max-width: 640px) 100vw, 640px\" \/><\/a><\/p>\n<p>&nbsp;<\/p>\n<p><strong>Vamos con el pronostico para hoy lunes y ma\u00f1ana martes.<\/strong><\/p>\n<p><strong> Como\u00a0hab\u00e9is\u00a0le\u00eddo\u00a0en el titulo del post, \u00a0las tormentas\u00a0ser\u00e1n\u00a0las protagonistas en el centro de\u00a0Andaluc\u00eda\u00a0y zona oriental. Incluso la aemet activa el\u00a0aviso amarillo de momento para en el noreste de Granada y Almer\u00eda. Cuando se acerque la tarde casi seguro que se \u00a0activaran mas avisos.<\/strong><\/p>\n<p><a href=\"https:\/\/blogs.diariosur.es\/tormentas-y-rayos\/2014\/06\/16\/aviso-amarillo-las-tormentas-seran-protagonistas-hoy-lunes-y-el-martes-en-el-centro-y-este-de-andalucia\/20140616044000_avi_hoy_ccaa61\/\" rel=\"attachment wp-att-8773\"><img loading=\"lazy\" class=\"aligncenter size-full wp-image-8773\" title=\"20140616044000_avi_hoy_ccaa61\" src=\"\/tormentas-y-rayos\/wp-content\/uploads\/sites\/12\/2014\/06\/20140616044000_avi_hoy_ccaa61.png\" alt=\"\" width=\"500\" height=\"334\" \/><\/a><\/p>\n<p>&nbsp;<\/p>\n<p>&nbsp;<\/p>\n<p><strong>Un embolsamiento de aire fr\u00edo sera el &#8220;culpable&#8221; de estas tormentas, que en algunos puntos de la regi\u00f3n pueden ser moderadas \u00a0y acompa\u00f1ados de granizo. Y que mejor que poneros un mapa de 500 hpa ( 5500 m) donde se ve perfectamente el embolsamiento de aire fr\u00edo. Fuente hirlam<\/strong><\/p>\n<p>&nbsp;<\/p>\n<p><a href=\"https:\/\/blogs.diariosur.es\/tormentas-y-rayos\/2014\/06\/16\/aviso-amarillo-las-tormentas-seran-protagonistas-hoy-lunes-y-el-martes-en-el-centro-y-este-de-andalucia\/bbbbb-3\/\" rel=\"attachment wp-att-8770\"><img loading=\"lazy\" class=\"aligncenter size-medium wp-image-8770\" title=\"bbbbb\" src=\"\/tormentas-y-rayos\/wp-content\/uploads\/sites\/12\/2014\/06\/bbbbb.jpg\" alt=\"\" width=\"523\" height=\"400\" srcset=\"https:\/\/static-blogs.diariosur.es\/wp-content\/uploads\/sites\/12\/2014\/06\/bbbbb.jpg 765w, https:\/\/static-blogs.diariosur.es\/wp-content\/uploads\/sites\/12\/2014\/06\/bbbbb-524x400.jpg 524w\" sizes=\"(max-width: 523px) 100vw, 523px\" \/><\/a><\/p>\n<p><strong>En la Costa\u00a0Mediterr\u00e1nea\u00a0seguir\u00e1\u00a0soplando el levante, por contra en la Atlantica\u00a0tender\u00e1n\u00a0a ser de suroeste. Por este motivo las\u00a0m\u00e1ximas\u00a0en el Valle del Guadalquivir bajaran.<\/strong><\/p>\n<p><strong>Poco mas que contar de hoy y de ma\u00f1ana. A partir del jueves podemos tener sorpresas de la mano de una borrasca que se centrara al oeste de Galicia y que se quedara casi estacionaria en esa posici\u00f3n. El dia 21 que comienza el verano hay posibilidad de que las temperaturas bajen en la fachada occidental, pero esto lo iremos viendo poco a poco. Os paso un mapa previsto de esta borrasca fuente meteociel.<\/strong><\/p>\n<p><a href=\"https:\/\/blogs.diariosur.es\/tormentas-y-rayos\/2014\/06\/16\/aviso-amarillo-las-tormentas-seran-protagonistas-hoy-lunes-y-el-martes-en-el-centro-y-este-de-andalucia\/bbbbbbbbbbbbbbb\/\" rel=\"attachment wp-att-8774\"><img loading=\"lazy\" class=\"aligncenter size-medium wp-image-8774\" title=\"bbbbbbbbbbbbbbb\" src=\"\/tormentas-y-rayos\/wp-content\/uploads\/sites\/12\/2014\/06\/bbbbbbbbbbbbbbb.jpg\" alt=\"\" width=\"600\" height=\"367\" srcset=\"https:\/\/static-blogs.diariosur.es\/wp-content\/uploads\/sites\/12\/2014\/06\/bbbbbbbbbbbbbbb.jpg 758w, https:\/\/static-blogs.diariosur.es\/wp-content\/uploads\/sites\/12\/2014\/06\/bbbbbbbbbbbbbbb-640x392.jpg 640w\" sizes=\"(max-width: 600px) 100vw, 600px\" \/><\/a><\/p>\n<p>&nbsp;<\/p>\n<p>&nbsp;<\/p>\n<p><strong>Os hago como siempre un resumen del fin de semana.<\/strong><\/p>\n<p><strong>Lo mas destacado del\u00a0s\u00e1bado\u00a0fue la maxima que dio el Aeropuerto de Jerez, concretamente 41.7 grados. Del\u00a0s\u00e1bado\u00a0no tengo fotos, os paso las\u00a0m\u00e1ximas\u00a0que se dieron.<\/strong><\/p>\n<p><a href=\"https:\/\/blogs.diariosur.es\/tormentas-y-rayos\/2014\/06\/16\/aviso-amarillo-las-tormentas-seran-protagonistas-hoy-lunes-y-el-martes-en-el-centro-y-este-de-andalucia\/a-30\/\" rel=\"attachment wp-att-8771\"><img loading=\"lazy\" class=\"aligncenter size-large wp-image-8771\" title=\"a\" src=\"\/tormentas-y-rayos\/wp-content\/uploads\/sites\/12\/2014\/06\/a1.jpg\" alt=\"\" width=\"563\" height=\"600\" srcset=\"https:\/\/static-blogs.diariosur.es\/wp-content\/uploads\/sites\/12\/2014\/06\/a1.jpg 780w, https:\/\/static-blogs.diariosur.es\/wp-content\/uploads\/sites\/12\/2014\/06\/a1-376x400.jpg 376w, https:\/\/static-blogs.diariosur.es\/wp-content\/uploads\/sites\/12\/2014\/06\/a1-768x817.jpg 768w\" sizes=\"(max-width: 563px) 100vw, 563px\" \/><\/a><\/p>\n<p>&nbsp;<\/p>\n<p><strong>El domingo bajaron las temperaturas en el Valle del Guadalquivir, la maxima la dio el Aeropuerto de Sevilla con 38.8 grados.\u00a0Tambi\u00e9n\u00a0destacar la maxima que dio Antequera con 36.6 grados. <\/strong><\/p>\n<p><strong>El aeropuerto de Jerez registro \u00a0casi 10 grados menos con respecto a la maxima que dio el\u00a0s\u00e1bado.<\/strong><\/p>\n<p><a href=\"https:\/\/blogs.diariosur.es\/tormentas-y-rayos\/2014\/06\/16\/aviso-amarillo-las-tormentas-seran-protagonistas-hoy-lunes-y-el-martes-en-el-centro-y-este-de-andalucia\/domingo-maximas-andalu\/\" rel=\"attachment wp-att-8775\"><img loading=\"lazy\" class=\"aligncenter size-medium wp-image-8775\" title=\"domingo maximas andalu\" src=\"\/tormentas-y-rayos\/wp-content\/uploads\/sites\/12\/2014\/06\/domingo-maximas-andalu.jpg\" alt=\"\" width=\"388\" height=\"400\" srcset=\"https:\/\/static-blogs.diariosur.es\/wp-content\/uploads\/sites\/12\/2014\/06\/domingo-maximas-andalu.jpg 800w, https:\/\/static-blogs.diariosur.es\/wp-content\/uploads\/sites\/12\/2014\/06\/domingo-maximas-andalu-389x400.jpg 389w, https:\/\/static-blogs.diariosur.es\/wp-content\/uploads\/sites\/12\/2014\/06\/domingo-maximas-andalu-768x790.jpg 768w\" sizes=\"(max-width: 388px) 100vw, 388px\" \/><\/a><\/p>\n<p><strong>El domingo cambie de zona y tire para mi Carihuela, llegamos sobre las diez, y como\u00a0pod\u00e9is\u00a0ver en estas fotos el cielo estaba despejado, el agua cristalina y sin olas . Me comentaban amigos por wassat, que en la zona del Palo y la Misericordia se levanto mucho aire.<\/strong><\/p>\n<p><a href=\"https:\/\/blogs.diariosur.es\/tormentas-y-rayos\/2014\/06\/16\/aviso-amarillo-las-tormentas-seran-protagonistas-hoy-lunes-y-el-martes-en-el-centro-y-este-de-andalucia\/001-20\/\" rel=\"attachment wp-att-8764\"><img loading=\"lazy\" class=\"aligncenter size-full wp-image-8764\" title=\"001\" src=\"\/tormentas-y-rayos\/wp-content\/uploads\/sites\/12\/2014\/06\/0011.jpg\" alt=\"\" width=\"640\" height=\"427\" srcset=\"https:\/\/static-blogs.diariosur.es\/wp-content\/uploads\/sites\/12\/2014\/06\/0011.jpg 640w, https:\/\/static-blogs.diariosur.es\/wp-content\/uploads\/sites\/12\/2014\/06\/0011-600x400.jpg 600w\" sizes=\"(max-width: 640px) 100vw, 640px\" \/><\/a><\/p>\n<p>&nbsp;<\/p>\n<p>&nbsp;<\/p>\n<p><a href=\"https:\/\/blogs.diariosur.es\/tormentas-y-rayos\/2014\/06\/16\/aviso-amarillo-las-tormentas-seran-protagonistas-hoy-lunes-y-el-martes-en-el-centro-y-este-de-andalucia\/004-11\/\" rel=\"attachment wp-att-8762\"><img loading=\"lazy\" class=\"aligncenter size-full wp-image-8762\" title=\"004\" src=\"\/tormentas-y-rayos\/wp-content\/uploads\/sites\/12\/2014\/06\/0041.jpg\" alt=\"\" width=\"640\" height=\"352\" \/><\/a><\/p>\n<p>&nbsp;<\/p>\n<p><strong>Sobre las once\u00a0empez\u00f3\u00a0a soplar sur sureste, este viento trajo nubes bajas y brumas. Pero lo que mas me llamo la\u00a0atenci\u00f3n\u00a0fue que se formaron\u00a0algunos\u00a0altocumulus castellanus. Ya\u00a0sab\u00e9is\u00a0que este tipo\u00a0de nubes anuncian inestabilidad en altura y posibles tormentas.<\/strong><\/p>\n<p><a href=\"https:\/\/blogs.diariosur.es\/tormentas-y-rayos\/2014\/06\/16\/aviso-amarillo-las-tormentas-seran-protagonistas-hoy-lunes-y-el-martes-en-el-centro-y-este-de-andalucia\/10386978_10202928146343610_1510196704073440609_o\/\" rel=\"attachment wp-att-8763\"><img loading=\"lazy\" class=\"aligncenter size-full wp-image-8763\" title=\"10386978_10202928146343610_1510196704073440609_o\" src=\"\/tormentas-y-rayos\/wp-content\/uploads\/sites\/12\/2014\/06\/10386978_10202928146343610_1510196704073440609_o.jpg\" alt=\"\" width=\"400\" height=\"536\" srcset=\"https:\/\/static-blogs.diariosur.es\/wp-content\/uploads\/sites\/12\/2014\/06\/10386978_10202928146343610_1510196704073440609_o.jpg 400w, https:\/\/static-blogs.diariosur.es\/wp-content\/uploads\/sites\/12\/2014\/06\/10386978_10202928146343610_1510196704073440609_o-299x400.jpg 299w\" sizes=\"(max-width: 400px) 100vw, 400px\" \/><\/a><\/p>\n<p><strong>Y menuda sorpresa me lleve al mirar el radar sobre las dos de la tarde, en la Costa del Ejido se\u00a0produc\u00edan\u00a0descargas\u00a0el\u00e9ctricas y chubascos como\u00a0pod\u00e9is\u00a0comprobar en las\u00a0im\u00e1genes\u00a0facilitadas por la\u00a0aemet.\u00a0Como siempre digo amigos, la meteo da sorpresas.\u00a0<\/strong><\/p>\n<p>&nbsp;<\/p>\n<p><a href=\"https:\/\/blogs.diariosur.es\/tormentas-y-rayos\/2014\/06\/16\/aviso-amarillo-las-tormentas-seran-protagonistas-hoy-lunes-y-el-martes-en-el-centro-y-este-de-andalucia\/m-7\/\" rel=\"attachment wp-att-8759\"><img loading=\"lazy\" class=\"aligncenter size-medium wp-image-8759\" title=\",m\" src=\"\/tormentas-y-rayos\/wp-content\/uploads\/sites\/12\/2014\/06\/m1.jpg\" alt=\"\" width=\"501\" height=\"400\" srcset=\"https:\/\/static-blogs.diariosur.es\/wp-content\/uploads\/sites\/12\/2014\/06\/m1.jpg 720w, https:\/\/static-blogs.diariosur.es\/wp-content\/uploads\/sites\/12\/2014\/06\/m1-502x400.jpg 502w\" sizes=\"(max-width: 501px) 100vw, 501px\" \/><\/a><a href=\"https:\/\/blogs.diariosur.es\/tormentas-y-rayos\/2014\/06\/16\/aviso-amarillo-las-tormentas-seran-protagonistas-hoy-lunes-y-el-martes-en-el-centro-y-este-de-andalucia\/nnn-4\/\" rel=\"attachment wp-att-8760\"><img loading=\"lazy\" class=\"aligncenter size-full wp-image-8760\" title=\"nnn\" src=\"\/tormentas-y-rayos\/wp-content\/uploads\/sites\/12\/2014\/06\/nnn.jpg\" alt=\"\" width=\"578\" height=\"535\" srcset=\"https:\/\/static-blogs.diariosur.es\/wp-content\/uploads\/sites\/12\/2014\/06\/nnn.jpg 578w, https:\/\/static-blogs.diariosur.es\/wp-content\/uploads\/sites\/12\/2014\/06\/nnn-432x400.jpg 432w\" sizes=\"(max-width: 578px) 100vw, 578px\" \/><\/a><a href=\"https:\/\/blogs.diariosur.es\/tormentas-y-rayos\/2014\/06\/16\/aviso-amarillo-las-tormentas-seran-protagonistas-hoy-lunes-y-el-martes-en-el-centro-y-este-de-andalucia\/bb-9\/\" rel=\"attachment wp-att-8761\"><img loading=\"lazy\" class=\"aligncenter size-medium wp-image-8761\" title=\"bb\" src=\"\/tormentas-y-rayos\/wp-content\/uploads\/sites\/12\/2014\/06\/bb.jpg\" alt=\"\" width=\"562\" height=\"400\" srcset=\"https:\/\/static-blogs.diariosur.es\/wp-content\/uploads\/sites\/12\/2014\/06\/bb.jpg 711w, https:\/\/static-blogs.diariosur.es\/wp-content\/uploads\/sites\/12\/2014\/06\/bb-562x400.jpg 562w\" sizes=\"(max-width: 562px) 100vw, 562px\" \/><\/a><\/p>\n<p><strong>Lo que no fue una sorpresa es el pedazo de espeto que nos preparo mi amigo Antonio del Chiringuito Antonio y Ana. Un fuerte abrazo a Jose y a todos los camareros.<\/strong><\/p>\n<p><a href=\"https:\/\/blogs.diariosur.es\/tormentas-y-rayos\/2014\/06\/16\/aviso-amarillo-las-tormentas-seran-protagonistas-hoy-lunes-y-el-martes-en-el-centro-y-este-de-andalucia\/021-4\/\" rel=\"attachment wp-att-8765\"><img loading=\"lazy\" class=\"aligncenter size-full wp-image-8765\" title=\"021\" src=\"\/tormentas-y-rayos\/wp-content\/uploads\/sites\/12\/2014\/06\/021.jpg\" alt=\"\" width=\"640\" height=\"554\" srcset=\"https:\/\/static-blogs.diariosur.es\/wp-content\/uploads\/sites\/12\/2014\/06\/021.jpg 640w, https:\/\/static-blogs.diariosur.es\/wp-content\/uploads\/sites\/12\/2014\/06\/021-462x400.jpg 462w\" sizes=\"(max-width: 640px) 100vw, 640px\" \/><\/a><\/p>\n<p>&nbsp;<\/p>\n<p>&nbsp;<\/p>\n<p><strong>El colof\u00f3n del dia lo puso la puesta de sol, mi amigo Daniel Sanchez la cazo magistralmente desde el Palmeral.<\/strong><\/p>\n<p><a href=\"https:\/\/blogs.diariosur.es\/tormentas-y-rayos\/2014\/06\/16\/aviso-amarillo-las-tormentas-seran-protagonistas-hoy-lunes-y-el-martes-en-el-centro-y-este-de-andalucia\/10415727_10202930631085727_1797518857688447996_n_1\/\" rel=\"attachment wp-att-8772\"><img loading=\"lazy\" class=\"aligncenter size-full wp-image-8772\" title=\"10415727_10202930631085727_1797518857688447996_n_1\" src=\"\/tormentas-y-rayos\/wp-content\/uploads\/sites\/12\/2014\/06\/10415727_10202930631085727_1797518857688447996_n_1.jpg\" alt=\"\" width=\"640\" height=\"480\" srcset=\"https:\/\/static-blogs.diariosur.es\/wp-content\/uploads\/sites\/12\/2014\/06\/10415727_10202930631085727_1797518857688447996_n_1.jpg 640w, https:\/\/static-blogs.diariosur.es\/wp-content\/uploads\/sites\/12\/2014\/06\/10415727_10202930631085727_1797518857688447996_n_1-533x400.jpg 533w\" sizes=\"(max-width: 640px) 100vw, 640px\" \/><\/a><\/p>\n<p>&nbsp;<\/p>\n<p><strong>Francisco Jose Hidalgo tambi\u00e9n quiere compartir esta bella imagen tomada unos cinco minutos mas tarde desde el Palmeral.<\/strong><\/p>\n<p>&nbsp;<\/p>\n<p><a href=\"https:\/\/blogs.diariosur.es\/tormentas-y-rayos\/2014\/06\/16\/aviso-amarillo-las-tormentas-seran-protagonistas-hoy-lunes-y-el-martes-en-el-centro-y-este-de-andalucia\/10273185_731807646875818_4655820183705499598_o_1\/\" rel=\"attachment wp-att-8776\"><img loading=\"lazy\" class=\"aligncenter size-full wp-image-8776\" title=\"10273185_731807646875818_4655820183705499598_o_1\" src=\"\/tormentas-y-rayos\/wp-content\/uploads\/sites\/12\/2014\/06\/10273185_731807646875818_4655820183705499598_o_1.jpg\" alt=\"\" width=\"640\" height=\"426\" srcset=\"https:\/\/static-blogs.diariosur.es\/wp-content\/uploads\/sites\/12\/2014\/06\/10273185_731807646875818_4655820183705499598_o_1.jpg 640w, https:\/\/static-blogs.diariosur.es\/wp-content\/uploads\/sites\/12\/2014\/06\/10273185_731807646875818_4655820183705499598_o_1-601x400.jpg 601w\" sizes=\"(max-width: 640px) 100vw, 640px\" \/><\/a><\/p>\n<p>P<strong>oco mas que contar amigos. Os dejo con esta impresionante foto de \u00a0Jose Antonio Perez. Esta hecha desde el Rinc\u00f3n.\u00a0<\/strong><strong>El vive en C\u00f3rdoba pero echa de menos su M\u00e1laga.<\/strong><\/p>\n<p><a href=\"https:\/\/blogs.diariosur.es\/tormentas-y-rayos\/2014\/06\/16\/aviso-amarillo-las-tormentas-seran-protagonistas-hoy-lunes-y-el-martes-en-el-centro-y-este-de-andalucia\/jose-antonio-perez-6\/\" rel=\"attachment wp-att-8768\"><img loading=\"lazy\" class=\"aligncenter size-full wp-image-8768\" title=\"jose antonio perez\" src=\"\/tormentas-y-rayos\/wp-content\/uploads\/sites\/12\/2014\/06\/jose-antonio-perez.jpg\" alt=\"\" width=\"640\" height=\"359\" \/><\/a><\/p>\n","protected":false},"excerpt":{"rendered":"<p>Buenos dias amigos de la meteo. Son las seis de la ma\u00f1ana, registro 23 \u00a0grados y los cielos andaluces est\u00e1n poco\u00a0nubosos. Para refrescarnos un poco, os pongo esta preciosa foto que me han mandado mis amigos Antonio Bueno y Marivi. El domingo subieron hasta el Mulhac\u00e9n, y como\u00a0pod\u00e9is\u00a0ver \u00a0aun hay nieve. Muchas gracias compis, a [&hellip;]<\/p>\n","protected":false},"author":16,"featured_media":8767,"comment_status":"open","ping_status":"open","sticky":false,"template":"","format":"standard","meta":[],"categories":[2],"tags":[94,100,151,996],"_links":{"self":[{"href":"https:\/\/blogs.diariosur.es\/tormentas-y-rayos\/wp-json\/wp\/v2\/posts\/8757"}],"collection":[{"href":"https:\/\/blogs.diariosur.es\/tormentas-y-rayos\/wp-json\/wp\/v2\/posts"}],"about":[{"href":"https:\/\/blogs.diariosur.es\/tormentas-y-rayos\/wp-json\/wp\/v2\/types\/post"}],"author":[{"embeddable":true,"href":"https:\/\/blogs.diariosur.es\/tormentas-y-rayos\/wp-json\/wp\/v2\/users\/16"}],"replies":[{"embeddable":true,"href":"https:\/\/blogs.diariosur.es\/tormentas-y-rayos\/wp-json\/wp\/v2\/comments?post=8757"}],"version-history":[{"count":0,"href":"https:\/\/blogs.diariosur.es\/tormentas-y-rayos\/wp-json\/wp\/v2\/posts\/8757\/revisions"}],"wp:featuredmedia":[{"embeddable":true,"href":"https:\/\/blogs.diariosur.es\/tormentas-y-rayos\/wp-json\/wp\/v2\/media\/8767"}],"wp:attachment":[{"href":"https:\/\/blogs.diariosur.es\/tormentas-y-rayos\/wp-json\/wp\/v2\/media?parent=8757"}],"wp:term":[{"taxonomy":"category","embeddable":true,"href":"https:\/\/blogs.diariosur.es\/tormentas-y-rayos\/wp-json\/wp\/v2\/categories?post=8757"},{"taxonomy":"post_tag","embeddable":true,"href":"https:\/\/blogs.diariosur.es\/tormentas-y-rayos\/wp-json\/wp\/v2\/tags?post=8757"}],"curies":[{"name":"wp","href":"https:\/\/api.w.org\/{rel}","templated":true}]}}