{"id":8777,"date":"2014-06-17T18:09:17","date_gmt":"2014-06-17T16:09:17","guid":{"rendered":"http:\/\/blogs.diariosur.es\/tormentas-y-rayos\/?p=8777"},"modified":"2014-06-17T18:09:17","modified_gmt":"2014-06-17T16:09:17","slug":"impresionantes-fotos-de-las-tormentas-del-lunes-en-andalucia-el-vuelo-atenas-roma-afectado-por-una-tormenta-escalofriantes-fotos","status":"publish","type":"post","link":"https:\/\/blogs.diariosur.es\/tormentas-y-rayos\/2014\/06\/17\/impresionantes-fotos-de-las-tormentas-del-lunes-en-andalucia-el-vuelo-atenas-roma-afectado-por-una-tormenta-escalofriantes-fotos\/","title":{"rendered":"Impresionantes fotos de las tormentas del lunes en Andaluc\u00eda. El vuelo Atenas- Roma afectado por una tormenta, escalofriantes fotos."},"content":{"rendered":"<p><strong>Buenas tardes amigos de la meteo.\u00a0<\/strong><\/p>\n<p>&nbsp;<\/p>\n<p><strong>Como todos\u00a0sab\u00e9is \u00a0el lunes \u00a0las tormentas fueron las protagonistas en las provincias de Granada, \u00a0C\u00f3rdoba, Almer\u00eda y Ja\u00e9n. Pero nos vamos a centrar en las dos primeras. Antes os paso unas capturas del radar de lluvias, rayos y satelite.<\/strong><\/p>\n<p><a href=\"https:\/\/blogs.diariosur.es\/tormentas-y-rayos\/2014\/06\/17\/impresionantes-fotos-de-las-tormentas-del-lunes-en-andalucia-el-vuelo-atenas-roma-afectado-por-una-tormenta-escalofriantes-fotos\/1979719_10202938804490057_666945105401942204_n-2\/\" rel=\"attachment wp-att-8782\"><img loading=\"lazy\" class=\"aligncenter size-full wp-image-8782\" title=\"1979719_10202938804490057_666945105401942204_n\" src=\"\/tormentas-y-rayos\/wp-content\/uploads\/sites\/12\/2014\/06\/1979719_10202938804490057_666945105401942204_n1.jpg\" alt=\"\" width=\"400\" height=\"600\" srcset=\"https:\/\/static-blogs.diariosur.es\/wp-content\/uploads\/sites\/12\/2014\/06\/1979719_10202938804490057_666945105401942204_n1.jpg 400w, https:\/\/static-blogs.diariosur.es\/wp-content\/uploads\/sites\/12\/2014\/06\/1979719_10202938804490057_666945105401942204_n1-267x400.jpg 267w\" sizes=\"(max-width: 400px) 100vw, 400px\" \/><\/a><a href=\"https:\/\/blogs.diariosur.es\/tormentas-y-rayos\/2014\/06\/17\/impresionantes-fotos-de-las-tormentas-del-lunes-en-andalucia-el-vuelo-atenas-roma-afectado-por-una-tormenta-escalofriantes-fotos\/10302170_10202938794649811_814335633479579390_n\/\" rel=\"attachment wp-att-8783\"><img loading=\"lazy\" class=\"aligncenter size-full wp-image-8783\" title=\"10302170_10202938794649811_814335633479579390_n\" src=\"\/tormentas-y-rayos\/wp-content\/uploads\/sites\/12\/2014\/06\/10302170_10202938794649811_814335633479579390_n.jpg\" alt=\"\" width=\"400\" height=\"600\" srcset=\"https:\/\/static-blogs.diariosur.es\/wp-content\/uploads\/sites\/12\/2014\/06\/10302170_10202938794649811_814335633479579390_n.jpg 400w, https:\/\/static-blogs.diariosur.es\/wp-content\/uploads\/sites\/12\/2014\/06\/10302170_10202938794649811_814335633479579390_n-267x400.jpg 267w\" sizes=\"(max-width: 400px) 100vw, 400px\" \/><\/a><a href=\"https:\/\/blogs.diariosur.es\/tormentas-y-rayos\/2014\/06\/17\/impresionantes-fotos-de-las-tormentas-del-lunes-en-andalucia-el-vuelo-atenas-roma-afectado-por-una-tormenta-escalofriantes-fotos\/10430839_10202938805490082_4846421052566457233_n\/\" rel=\"attachment wp-att-8784\"><img loading=\"lazy\" class=\"aligncenter size-full wp-image-8784\" title=\"10430839_10202938805490082_4846421052566457233_n\" src=\"\/tormentas-y-rayos\/wp-content\/uploads\/sites\/12\/2014\/06\/10430839_10202938805490082_4846421052566457233_n.jpg\" alt=\"\" width=\"400\" height=\"600\" srcset=\"https:\/\/static-blogs.diariosur.es\/wp-content\/uploads\/sites\/12\/2014\/06\/10430839_10202938805490082_4846421052566457233_n.jpg 400w, https:\/\/static-blogs.diariosur.es\/wp-content\/uploads\/sites\/12\/2014\/06\/10430839_10202938805490082_4846421052566457233_n-267x400.jpg 267w\" sizes=\"(max-width: 400px) 100vw, 400px\" \/><\/a><\/p>\n<p>&nbsp;<\/p>\n<p><strong> Empezaremos con Granada, donde mi amigo David Mancebo fue de\u00a0cacer\u00eda\u00a0para fotografiarlas, y menudo premio tuvo su esfuerzo. Las fotazas que os paso hablan por si solas. Amigo David en la\u00a0pr\u00f3xima\u00a0si\u00a0me pilla de vacaciones me apunto. Mis felicitaciones.<\/strong><\/p>\n<p><a href=\"https:\/\/blogs.diariosur.es\/tormentas-y-rayos\/2014\/06\/17\/impresionantes-fotos-de-las-tormentas-del-lunes-en-andalucia-el-vuelo-atenas-roma-afectado-por-una-tormenta-escalofriantes-fotos\/1548157_719715614758876_6581703103298975260_o\/\" rel=\"attachment wp-att-8778\"><img loading=\"lazy\" class=\"aligncenter size-full wp-image-8778\" title=\"1548157_719715614758876_6581703103298975260_o\" src=\"\/tormentas-y-rayos\/wp-content\/uploads\/sites\/12\/2014\/06\/1548157_719715614758876_6581703103298975260_o.jpg\" alt=\"\" width=\"640\" height=\"353\" \/><\/a><\/p>\n<p>&nbsp;<\/p>\n<p><a href=\"https:\/\/blogs.diariosur.es\/tormentas-y-rayos\/2014\/06\/17\/impresionantes-fotos-de-las-tormentas-del-lunes-en-andalucia-el-vuelo-atenas-roma-afectado-por-una-tormenta-escalofriantes-fotos\/10380682_720000638063707_2734353490753179433_o\/\" rel=\"attachment wp-att-8779\"><img loading=\"lazy\" class=\"aligncenter size-full wp-image-8779\" title=\"10380682_720000638063707_2734353490753179433_o\" src=\"\/tormentas-y-rayos\/wp-content\/uploads\/sites\/12\/2014\/06\/10380682_720000638063707_2734353490753179433_o.jpg\" alt=\"\" width=\"640\" height=\"424\" srcset=\"https:\/\/static-blogs.diariosur.es\/wp-content\/uploads\/sites\/12\/2014\/06\/10380682_720000638063707_2734353490753179433_o.jpg 640w, https:\/\/static-blogs.diariosur.es\/wp-content\/uploads\/sites\/12\/2014\/06\/10380682_720000638063707_2734353490753179433_o-604x400.jpg 604w\" sizes=\"(max-width: 640px) 100vw, 640px\" \/><\/a><\/p>\n<p>&nbsp;<\/p>\n<p><a href=\"https:\/\/blogs.diariosur.es\/tormentas-y-rayos\/2014\/06\/17\/impresionantes-fotos-de-las-tormentas-del-lunes-en-andalucia-el-vuelo-atenas-roma-afectado-por-una-tormenta-escalofriantes-fotos\/1512245_719715631425541_6218648716209242983_o\/\" rel=\"attachment wp-att-8780\"><img loading=\"lazy\" class=\"aligncenter size-full wp-image-8780\" title=\"1512245_719715631425541_6218648716209242983_o\" src=\"\/tormentas-y-rayos\/wp-content\/uploads\/sites\/12\/2014\/06\/1512245_719715631425541_6218648716209242983_o.jpg\" alt=\"\" width=\"640\" height=\"243\" \/><\/a><\/p>\n<p>&nbsp;<\/p>\n<p><strong>Me comenta David que menos mal que no le cayo este granizo, se escapo por poco.<\/strong><\/p>\n<p><a href=\"https:\/\/blogs.diariosur.es\/tormentas-y-rayos\/2014\/06\/17\/impresionantes-fotos-de-las-tormentas-del-lunes-en-andalucia-el-vuelo-atenas-roma-afectado-por-una-tormenta-escalofriantes-fotos\/10313949_720048851392219_1357672836257515908_n-2\/\" rel=\"attachment wp-att-8793\"><img loading=\"lazy\" class=\"aligncenter size-full wp-image-8793\" title=\"10313949_720048851392219_1357672836257515908_n\" src=\"\/tormentas-y-rayos\/wp-content\/uploads\/sites\/12\/2014\/06\/10313949_720048851392219_1357672836257515908_n1.jpg\" alt=\"\" width=\"400\" height=\"533\" srcset=\"https:\/\/static-blogs.diariosur.es\/wp-content\/uploads\/sites\/12\/2014\/06\/10313949_720048851392219_1357672836257515908_n1.jpg 400w, https:\/\/static-blogs.diariosur.es\/wp-content\/uploads\/sites\/12\/2014\/06\/10313949_720048851392219_1357672836257515908_n1-300x400.jpg 300w\" sizes=\"(max-width: 400px) 100vw, 400px\" \/><\/a><\/p>\n<p>&nbsp;<\/p>\n<p>&nbsp;<\/p>\n<p><strong>En la provincia de C\u00f3rdoba tambi\u00e9n tuvieron meneo del bueno. A ultima hora de la tarde se formo una \u00a0tormenta, que mas tarde formo un impresionante yunque, el cual se\u00a0pod\u00eda\u00a0ver desde M\u00e1laga\u00a0Capital e interior de nuestra provincia. Menos mal que cuando llegue a las nueve y cuarto de la noche, me dio por mirar por la terraza y quedarme sin palabras ante tanta belleza.<\/strong><\/p>\n<p>&nbsp;<\/p>\n<p>&nbsp;<\/p>\n<p><img loading=\"lazy\" class=\"aligncenter\" src=\"https:\/\/farm4.staticflickr.com\/3901\/14438773595_8dd9acea59_z.jpg\" alt=\"\" width=\"640\" height=\"428\" \/><\/p>\n<p>&nbsp;<\/p>\n<p><img loading=\"lazy\" class=\"aligncenter\" src=\"https:\/\/farm3.staticflickr.com\/2925\/14252127079_440696727a_z.jpg\" alt=\"\" width=\"640\" height=\"428\" \/><\/p>\n<p>&nbsp;<\/p>\n<p><img loading=\"lazy\" class=\"aligncenter\" src=\"https:\/\/farm4.staticflickr.com\/3896\/14415647736_c23829602b_z.jpg\" alt=\"\" width=\"640\" height=\"433\" \/><\/p>\n<p><strong>Pero no solo yo cace este impresionante yunque, desde el interior de nuestra provincia ( Antequera), nuestra amiga Maril\u00f3 Moreno Rodriguez me pasa este fot\u00f3n de la misma nube.<\/strong><\/p>\n<p><a href=\"https:\/\/blogs.diariosur.es\/tormentas-y-rayos\/2014\/06\/17\/impresionantes-fotos-de-las-tormentas-del-lunes-en-andalucia-el-vuelo-atenas-roma-afectado-por-una-tormenta-escalofriantes-fotos\/marilo-moreno-rodruiguez\/\" rel=\"attachment wp-att-8785\"><img loading=\"lazy\" class=\"aligncenter size-full wp-image-8785\" title=\"marilo moreno rodruiguez\" src=\"\/tormentas-y-rayos\/wp-content\/uploads\/sites\/12\/2014\/06\/marilo-moreno-rodruiguez.jpg\" alt=\"\" width=\"480\" height=\"640\" srcset=\"https:\/\/static-blogs.diariosur.es\/wp-content\/uploads\/sites\/12\/2014\/06\/marilo-moreno-rodruiguez.jpg 480w, https:\/\/static-blogs.diariosur.es\/wp-content\/uploads\/sites\/12\/2014\/06\/marilo-moreno-rodruiguez-300x400.jpg 300w\" sizes=\"(max-width: 480px) 100vw, 480px\" \/><\/a><\/p>\n<p><strong>Mi amigo Alejandro Ponce Garcia lo inmortalizaba desde el Espig\u00f3n de la\u00a0T\u00e9rmica. Una maravilla amigo.<\/strong><\/p>\n<p><a href=\"https:\/\/blogs.diariosur.es\/tormentas-y-rayos\/2014\/06\/17\/impresionantes-fotos-de-las-tormentas-del-lunes-en-andalucia-el-vuelo-atenas-roma-afectado-por-una-tormenta-escalofriantes-fotos\/samsung-csc-11\/\" rel=\"attachment wp-att-8786\"><img loading=\"lazy\" class=\"aligncenter size-full wp-image-8786\" title=\"SAMSUNG CSC\" src=\"\/tormentas-y-rayos\/wp-content\/uploads\/sites\/12\/2014\/06\/alejandro-ponce-garcia.jpg\" alt=\"\" width=\"640\" height=\"426\" srcset=\"https:\/\/static-blogs.diariosur.es\/wp-content\/uploads\/sites\/12\/2014\/06\/alejandro-ponce-garcia.jpg 640w, https:\/\/static-blogs.diariosur.es\/wp-content\/uploads\/sites\/12\/2014\/06\/alejandro-ponce-garcia-601x400.jpg 601w\" sizes=\"(max-width: 640px) 100vw, 640px\" \/><\/a><\/p>\n<p><strong>Los que si que se llevaron un buen susto fueron los amigos de mi hija Sergio Gam\u00e9z y Noelia Gonzal\u00e9z . Y muchos me preguntareis el por qu\u00e9 ? , cogieron un tormenton de dos pares de&#8230;&#8230; cuando volaban desde Atenas a Roma. \u00a0Me\u00a0comenta\u00a0Sergio que lo pasaron fatal con las turbulencias, en algunos momentos\u00a0descend\u00edan\u00a0en pocos segundos un\u00a0mont\u00f3n\u00a0de metros y\u00a0tambi\u00e9n al contrario.\u00a0Hasta las azafatas\u00a0ten\u00edan\u00a0mala cara, a los pilotos mejor no haberlos visto. En serio, \u00a0me\u00a0comentan\u00a0que aun\u00a0tienen el\u00a0miedo metido. Os paso unas fotos.<\/strong><\/p>\n<p><a href=\"https:\/\/blogs.diariosur.es\/tormentas-y-rayos\/2014\/06\/17\/impresionantes-fotos-de-las-tormentas-del-lunes-en-andalucia-el-vuelo-atenas-roma-afectado-por-una-tormenta-escalofriantes-fotos\/sergio-gamez-torresss\/\" rel=\"attachment wp-att-8787\"><img loading=\"lazy\" class=\"aligncenter size-full wp-image-8787\" title=\"sergio gamez torresss\" src=\"\/tormentas-y-rayos\/wp-content\/uploads\/sites\/12\/2014\/06\/sergio-gamez-torresss.jpg\" alt=\"\" width=\"640\" height=\"427\" srcset=\"https:\/\/static-blogs.diariosur.es\/wp-content\/uploads\/sites\/12\/2014\/06\/sergio-gamez-torresss.jpg 640w, https:\/\/static-blogs.diariosur.es\/wp-content\/uploads\/sites\/12\/2014\/06\/sergio-gamez-torresss-600x400.jpg 600w\" sizes=\"(max-width: 640px) 100vw, 640px\" \/><\/a><\/p>\n<p><a href=\"https:\/\/blogs.diariosur.es\/tormentas-y-rayos\/2014\/06\/17\/impresionantes-fotos-de-las-tormentas-del-lunes-en-andalucia-el-vuelo-atenas-roma-afectado-por-una-tormenta-escalofriantes-fotos\/sergio-gamez-torres\/\" rel=\"attachment wp-att-8788\"><img loading=\"lazy\" class=\"aligncenter size-full wp-image-8788\" title=\"sergio gamez torres\" src=\"\/tormentas-y-rayos\/wp-content\/uploads\/sites\/12\/2014\/06\/sergio-gamez-torres.jpg\" alt=\"\" width=\"640\" height=\"427\" srcset=\"https:\/\/static-blogs.diariosur.es\/wp-content\/uploads\/sites\/12\/2014\/06\/sergio-gamez-torres.jpg 640w, https:\/\/static-blogs.diariosur.es\/wp-content\/uploads\/sites\/12\/2014\/06\/sergio-gamez-torres-600x400.jpg 600w\" sizes=\"(max-width: 640px) 100vw, 640px\" \/><\/a><\/p>\n<p>&nbsp;<\/p>\n<p><strong>Poco mas que contar amigos, y como dicen que\u00a0despu\u00e9s\u00a0de la tempestad viene la calma os paso estas dos fotos. La primera de mi amiga Ester Martin, asi se ocultaba el sol ayer lunes por la tarde al oeste de M\u00e1laga.<\/strong><\/p>\n<p><a href=\"https:\/\/blogs.diariosur.es\/tormentas-y-rayos\/2014\/06\/17\/impresionantes-fotos-de-las-tormentas-del-lunes-en-andalucia-el-vuelo-atenas-roma-afectado-por-una-tormenta-escalofriantes-fotos\/ester-martin\/\" rel=\"attachment wp-att-8789\"><img loading=\"lazy\" class=\"aligncenter size-full wp-image-8789\" title=\"ester martin\" src=\"\/tormentas-y-rayos\/wp-content\/uploads\/sites\/12\/2014\/06\/ester-martin.jpg\" alt=\"\" width=\"640\" height=\"480\" srcset=\"https:\/\/static-blogs.diariosur.es\/wp-content\/uploads\/sites\/12\/2014\/06\/ester-martin.jpg 640w, https:\/\/static-blogs.diariosur.es\/wp-content\/uploads\/sites\/12\/2014\/06\/ester-martin-533x400.jpg 533w\" sizes=\"(max-width: 640px) 100vw, 640px\" \/><\/a><\/p>\n<p><strong>Y\u00a0as\u00ed\u00a0amanec\u00eda\u00a0hoy en M\u00e1laga Capital, mi amigo Bernabe de la Rosa\u00a0quiere\u00a0compartir esta bella imagen.<\/strong><\/p>\n<p><a href=\"https:\/\/blogs.diariosur.es\/tormentas-y-rayos\/2014\/06\/17\/impresionantes-fotos-de-las-tormentas-del-lunes-en-andalucia-el-vuelo-atenas-roma-afectado-por-una-tormenta-escalofriantes-fotos\/bernabe-de-la-rosa\/\" rel=\"attachment wp-att-8790\"><img loading=\"lazy\" class=\"aligncenter size-full wp-image-8790\" title=\"bernabe de la rosa\" src=\"\/tormentas-y-rayos\/wp-content\/uploads\/sites\/12\/2014\/06\/bernabe-de-la-rosa.jpg\" alt=\"\" width=\"640\" height=\"476\" srcset=\"https:\/\/static-blogs.diariosur.es\/wp-content\/uploads\/sites\/12\/2014\/06\/bernabe-de-la-rosa.jpg 640w, https:\/\/static-blogs.diariosur.es\/wp-content\/uploads\/sites\/12\/2014\/06\/bernabe-de-la-rosa-538x400.jpg 538w\" sizes=\"(max-width: 640px) 100vw, 640px\" \/><\/a><\/p>\n<p>&nbsp;<\/p>\n","protected":false},"excerpt":{"rendered":"<p>Buenas tardes amigos de la meteo.\u00a0 &nbsp; Como todos\u00a0sab\u00e9is \u00a0el lunes \u00a0las tormentas fueron las protagonistas en las provincias de Granada, \u00a0C\u00f3rdoba, Almer\u00eda y Ja\u00e9n. Pero nos vamos a centrar en las dos primeras. Antes os paso unas capturas del radar de lluvias, rayos y satelite. &nbsp; Empezaremos con Granada, donde mi amigo David Mancebo [&hellip;]<\/p>\n","protected":false},"author":16,"featured_media":8780,"comment_status":"open","ping_status":"open","sticky":false,"template":"","format":"standard","meta":[],"categories":[2],"tags":[100,424,504,996],"_links":{"self":[{"href":"https:\/\/blogs.diariosur.es\/tormentas-y-rayos\/wp-json\/wp\/v2\/posts\/8777"}],"collection":[{"href":"https:\/\/blogs.diariosur.es\/tormentas-y-rayos\/wp-json\/wp\/v2\/posts"}],"about":[{"href":"https:\/\/blogs.diariosur.es\/tormentas-y-rayos\/wp-json\/wp\/v2\/types\/post"}],"author":[{"embeddable":true,"href":"https:\/\/blogs.diariosur.es\/tormentas-y-rayos\/wp-json\/wp\/v2\/users\/16"}],"replies":[{"embeddable":true,"href":"https:\/\/blogs.diariosur.es\/tormentas-y-rayos\/wp-json\/wp\/v2\/comments?post=8777"}],"version-history":[{"count":0,"href":"https:\/\/blogs.diariosur.es\/tormentas-y-rayos\/wp-json\/wp\/v2\/posts\/8777\/revisions"}],"wp:featuredmedia":[{"embeddable":true,"href":"https:\/\/blogs.diariosur.es\/tormentas-y-rayos\/wp-json\/wp\/v2\/media\/8780"}],"wp:attachment":[{"href":"https:\/\/blogs.diariosur.es\/tormentas-y-rayos\/wp-json\/wp\/v2\/media?parent=8777"}],"wp:term":[{"taxonomy":"category","embeddable":true,"href":"https:\/\/blogs.diariosur.es\/tormentas-y-rayos\/wp-json\/wp\/v2\/categories?post=8777"},{"taxonomy":"post_tag","embeddable":true,"href":"https:\/\/blogs.diariosur.es\/tormentas-y-rayos\/wp-json\/wp\/v2\/tags?post=8777"}],"curies":[{"name":"wp","href":"https:\/\/api.w.org\/{rel}","templated":true}]}}