{"id":8794,"date":"2014-06-19T07:31:34","date_gmt":"2014-06-19T05:31:34","guid":{"rendered":"http:\/\/blogs.diariosur.es\/tormentas-y-rayos\/?p=8794"},"modified":"2014-06-19T07:31:34","modified_gmt":"2014-06-19T05:31:34","slug":"terrorifico-doble-tornado-en-nebraska-impresionante-nube-atomica-en-cuenca-bolsa-de-aire-frio-al-oeste-peninsular","status":"publish","type":"post","link":"https:\/\/blogs.diariosur.es\/tormentas-y-rayos\/2014\/06\/19\/terrorifico-doble-tornado-en-nebraska-impresionante-nube-atomica-en-cuenca-bolsa-de-aire-frio-al-oeste-peninsular\/","title":{"rendered":"Terrorifico doble tornado en Nebraska. Impresionante  nube at\u00f3mica en Cuenca. Bolsa de aire fr\u00edo al oeste peninsular."},"content":{"rendered":"<p><strong>Buenos dias amigos de la meteo, son las seis y media de la ma\u00f1ana, registro 21 grados y los cielos malague\u00f1os est\u00e1n algo nubosos. Hay brumas y un poco de niebla.\u00a0<strong>. Incluso por la zona del Mar de Albor\u00e1n, se registran chubascos. \u00a0Os paso una foto de ahora mismo y el radar de lluvias.<\/strong><\/strong><\/p>\n<p><a href=\"https:\/\/blogs.diariosur.es\/tormentas-y-rayos\/2014\/06\/19\/terrorifico-doble-tornado-en-nebraska-impresionante-nube-atomica-en-cuenca-bolsa-de-aire-frio-al-oeste-peninsular\/003-18\/\" rel=\"attachment wp-att-8796\"><img loading=\"lazy\" class=\"aligncenter size-full wp-image-8796\" title=\"003\" src=\"\/tormentas-y-rayos\/wp-content\/uploads\/sites\/12\/2014\/06\/003.jpg\" alt=\"\" width=\"640\" height=\"427\" srcset=\"https:\/\/static-blogs.diariosur.es\/wp-content\/uploads\/sites\/12\/2014\/06\/003.jpg 640w, https:\/\/static-blogs.diariosur.es\/wp-content\/uploads\/sites\/12\/2014\/06\/003-600x400.jpg 600w\" sizes=\"(max-width: 640px) 100vw, 640px\" \/><\/a><\/p>\n<p><strong>Fuente aemet.<\/strong><\/p>\n<p><a href=\"https:\/\/blogs.diariosur.es\/tormentas-y-rayos\/2014\/06\/19\/terrorifico-doble-tornado-en-nebraska-impresionante-nube-atomica-en-cuenca-bolsa-de-aire-frio-al-oeste-peninsular\/201406190440_r8ml\/\" rel=\"attachment wp-att-8795\"><img loading=\"lazy\" class=\"aligncenter size-full wp-image-8795\" title=\"201406190440_r8ml\" src=\"\/tormentas-y-rayos\/wp-content\/uploads\/sites\/12\/2014\/06\/201406190440_r8ml.gif\" alt=\"\" width=\"480\" height=\"530\" \/><\/a><\/p>\n<p><strong>Tenemos al oeste de Portugal una bolsa de aire fr\u00edo en altura, se quedara casi\u00a0est\u00e1tica\u00a0en esa zona hasta el\u00a0s\u00e1bado. Esta bolsa\u00a0traer\u00e1\u00a0tormentas y temperaturas contenidas en el Valle del Guadalquivir. Os paso dos mapas a 500 hpa para que veais la bolsa de aire fr\u00edo.<\/strong><\/p>\n<p><strong><a href=\"https:\/\/blogs.diariosur.es\/tormentas-y-rayos\/2014\/06\/19\/terrorifico-doble-tornado-en-nebraska-impresionante-nube-atomica-en-cuenca-bolsa-de-aire-frio-al-oeste-peninsular\/1-51\/\" rel=\"attachment wp-att-8797\"><img loading=\"lazy\" class=\"aligncenter size-medium wp-image-8797\" title=\"1\" src=\"\/tormentas-y-rayos\/wp-content\/uploads\/sites\/12\/2014\/06\/13.jpg\" alt=\"\" width=\"600\" height=\"392\" srcset=\"https:\/\/static-blogs.diariosur.es\/wp-content\/uploads\/sites\/12\/2014\/06\/13.jpg 766w, https:\/\/static-blogs.diariosur.es\/wp-content\/uploads\/sites\/12\/2014\/06\/13-612x400.jpg 612w\" sizes=\"(max-width: 600px) 100vw, 600px\" \/><\/a><a href=\"https:\/\/blogs.diariosur.es\/tormentas-y-rayos\/2014\/06\/19\/terrorifico-doble-tornado-en-nebraska-impresionante-nube-atomica-en-cuenca-bolsa-de-aire-frio-al-oeste-peninsular\/2-42\/\" rel=\"attachment wp-att-8798\"><img loading=\"lazy\" class=\"aligncenter size-medium wp-image-8798\" title=\"2\" src=\"\/tormentas-y-rayos\/wp-content\/uploads\/sites\/12\/2014\/06\/22.jpg\" alt=\"\" width=\"565\" height=\"400\" srcset=\"https:\/\/static-blogs.diariosur.es\/wp-content\/uploads\/sites\/12\/2014\/06\/22.jpg 765w, https:\/\/static-blogs.diariosur.es\/wp-content\/uploads\/sites\/12\/2014\/06\/22-566x400.jpg 566w\" sizes=\"(max-width: 565px) 100vw, 565px\" \/><\/a>\u00a0<\/strong><\/p>\n<p><strong>En M\u00e1laga el terral ira\u00a0imponi\u00e9ndose\u00a0poco a poco. Durante la madrugada del\u00a0s\u00e1bado\u00a0tomara mas protagonismo si se cumplen los modelos, asi que el verano\u00a0comenzar\u00eda\u00a0en M\u00e1laga con terral, aunque\u00a0no\u00a0creo\u00a0que se registren\u00a0m\u00e1ximas\u00a0muy altas. Ma\u00f1ana cuando os de la previsi\u00f3n del fin de semana concretaremos lo que pueda pasar.<\/strong><\/p>\n<p><strong>Bueno amigos, antes de poneros la foto de la nube\u00a0at\u00f3mica que se dio hace unos dias en San Clemente ( Cuenca) \u00a0y el\u00a0v\u00eddeo\u00a0del doble tornado en Nebraska, os paso el amanecer que tenemos ahora mismo. En la playa ha tenido que ser una pasada.<\/strong><\/p>\n<p><a href=\"https:\/\/blogs.diariosur.es\/tormentas-y-rayos\/2014\/06\/19\/terrorifico-doble-tornado-en-nebraska-impresionante-nube-atomica-en-cuenca-bolsa-de-aire-frio-al-oeste-peninsular\/006-12\/\" rel=\"attachment wp-att-8799\"><img loading=\"lazy\" class=\"aligncenter size-full wp-image-8799\" title=\"006\" src=\"\/tormentas-y-rayos\/wp-content\/uploads\/sites\/12\/2014\/06\/006.jpg\" alt=\"\" width=\"640\" height=\"427\" srcset=\"https:\/\/static-blogs.diariosur.es\/wp-content\/uploads\/sites\/12\/2014\/06\/006.jpg 640w, https:\/\/static-blogs.diariosur.es\/wp-content\/uploads\/sites\/12\/2014\/06\/006-600x400.jpg 600w\" sizes=\"(max-width: 640px) 100vw, 640px\" \/><\/a><\/p>\n<p>&nbsp;<\/p>\n<p><a href=\"https:\/\/blogs.diariosur.es\/tormentas-y-rayos\/2014\/06\/19\/terrorifico-doble-tornado-en-nebraska-impresionante-nube-atomica-en-cuenca-bolsa-de-aire-frio-al-oeste-peninsular\/007-9\/\" rel=\"attachment wp-att-8800\"><img loading=\"lazy\" class=\"aligncenter size-full wp-image-8800\" title=\"007\" src=\"\/tormentas-y-rayos\/wp-content\/uploads\/sites\/12\/2014\/06\/007.jpg\" alt=\"\" width=\"640\" height=\"427\" srcset=\"https:\/\/static-blogs.diariosur.es\/wp-content\/uploads\/sites\/12\/2014\/06\/007.jpg 640w, https:\/\/static-blogs.diariosur.es\/wp-content\/uploads\/sites\/12\/2014\/06\/007-600x400.jpg 600w\" sizes=\"(max-width: 640px) 100vw, 640px\" \/><\/a><\/p>\n<p>&nbsp;<\/p>\n<p><strong>Aqu\u00ed<\/strong><strong>\u00a0ten\u00e9is\u00a0el fot\u00f3n de Vicente G\u00f3mez, es una pasada.<\/strong><\/p>\n<p><a href=\"https:\/\/blogs.diariosur.es\/tormentas-y-rayos\/2014\/06\/19\/terrorifico-doble-tornado-en-nebraska-impresionante-nube-atomica-en-cuenca-bolsa-de-aire-frio-al-oeste-peninsular\/10405403_759382627417765_4051466134461349856_n\/\" rel=\"attachment wp-att-8801\"><img loading=\"lazy\" class=\"aligncenter size-full wp-image-8801\" title=\"10405403_759382627417765_4051466134461349856_n\" src=\"\/tormentas-y-rayos\/wp-content\/uploads\/sites\/12\/2014\/06\/10405403_759382627417765_4051466134461349856_n.jpg\" alt=\"\" width=\"640\" height=\"512\" srcset=\"https:\/\/static-blogs.diariosur.es\/wp-content\/uploads\/sites\/12\/2014\/06\/10405403_759382627417765_4051466134461349856_n.jpg 640w, https:\/\/static-blogs.diariosur.es\/wp-content\/uploads\/sites\/12\/2014\/06\/10405403_759382627417765_4051466134461349856_n-500x400.jpg 500w\" sizes=\"(max-width: 640px) 100vw, 640px\" \/><\/a><\/p>\n<p>&nbsp;<\/p>\n<p><strong>Os paso el\u00a0v\u00eddeo\u00a0del doble tornado, poco habitual que se de esto.<\/strong><\/p>\n<p>&nbsp;<\/p>\n<p>&nbsp;<\/p>\n<p><iframe loading=\"lazy\" src=\"\/\/www.youtube.com\/embed\/4vpO7SolpvM\" frameborder=\"0\" width=\"640\" height=\"360\"><\/iframe><\/p>\n<p>&nbsp;<\/p>\n<p><strong>Poco mas que contar amigos, os dejo con este fot\u00f3n de mi amiga Marivi Orellana. Es la Laguna de la Caldera en Sierra Nevada. La foto es del domingo pasado cuando subieron al Mulhac\u00e9n.<\/strong><\/p>\n<p><a href=\"https:\/\/blogs.diariosur.es\/tormentas-y-rayos\/2014\/06\/19\/terrorifico-doble-tornado-en-nebraska-impresionante-nube-atomica-en-cuenca-bolsa-de-aire-frio-al-oeste-peninsular\/10476397_737119659660033_4299281703139693796_n\/\" rel=\"attachment wp-att-8802\"><img loading=\"lazy\" class=\"aligncenter size-full wp-image-8802\" title=\"10476397_737119659660033_4299281703139693796_n\" src=\"\/tormentas-y-rayos\/wp-content\/uploads\/sites\/12\/2014\/06\/10476397_737119659660033_4299281703139693796_n.jpg\" alt=\"\" width=\"640\" height=\"480\" srcset=\"https:\/\/static-blogs.diariosur.es\/wp-content\/uploads\/sites\/12\/2014\/06\/10476397_737119659660033_4299281703139693796_n.jpg 640w, https:\/\/static-blogs.diariosur.es\/wp-content\/uploads\/sites\/12\/2014\/06\/10476397_737119659660033_4299281703139693796_n-533x400.jpg 533w\" sizes=\"(max-width: 640px) 100vw, 640px\" \/><\/a><\/p>\n","protected":false},"excerpt":{"rendered":"<p>Buenos dias amigos de la meteo, son las seis y media de la ma\u00f1ana, registro 21 grados y los cielos malague\u00f1os est\u00e1n algo nubosos. Hay brumas y un poco de niebla.\u00a0. Incluso por la zona del Mar de Albor\u00e1n, se registran chubascos. \u00a0Os paso una foto de ahora mismo y el radar de lluvias. Fuente [&hellip;]<\/p>\n","protected":false},"author":16,"featured_media":8803,"comment_status":"open","ping_status":"open","sticky":false,"template":"","format":"standard","meta":[],"categories":[2],"tags":[54,145,191,338,432,686,719,1004],"_links":{"self":[{"href":"https:\/\/blogs.diariosur.es\/tormentas-y-rayos\/wp-json\/wp\/v2\/posts\/8794"}],"collection":[{"href":"https:\/\/blogs.diariosur.es\/tormentas-y-rayos\/wp-json\/wp\/v2\/posts"}],"about":[{"href":"https:\/\/blogs.diariosur.es\/tormentas-y-rayos\/wp-json\/wp\/v2\/types\/post"}],"author":[{"embeddable":true,"href":"https:\/\/blogs.diariosur.es\/tormentas-y-rayos\/wp-json\/wp\/v2\/users\/16"}],"replies":[{"embeddable":true,"href":"https:\/\/blogs.diariosur.es\/tormentas-y-rayos\/wp-json\/wp\/v2\/comments?post=8794"}],"version-history":[{"count":0,"href":"https:\/\/blogs.diariosur.es\/tormentas-y-rayos\/wp-json\/wp\/v2\/posts\/8794\/revisions"}],"wp:featuredmedia":[{"embeddable":true,"href":"https:\/\/blogs.diariosur.es\/tormentas-y-rayos\/wp-json\/wp\/v2\/media\/8803"}],"wp:attachment":[{"href":"https:\/\/blogs.diariosur.es\/tormentas-y-rayos\/wp-json\/wp\/v2\/media?parent=8794"}],"wp:term":[{"taxonomy":"category","embeddable":true,"href":"https:\/\/blogs.diariosur.es\/tormentas-y-rayos\/wp-json\/wp\/v2\/categories?post=8794"},{"taxonomy":"post_tag","embeddable":true,"href":"https:\/\/blogs.diariosur.es\/tormentas-y-rayos\/wp-json\/wp\/v2\/tags?post=8794"}],"curies":[{"name":"wp","href":"https:\/\/api.w.org\/{rel}","templated":true}]}}