{"id":8804,"date":"2014-06-20T07:27:20","date_gmt":"2014-06-20T05:27:20","guid":{"rendered":"http:\/\/blogs.diariosur.es\/tormentas-y-rayos\/?p=8804"},"modified":"2014-06-20T07:27:20","modified_gmt":"2014-06-20T05:27:20","slug":"prevision-del-tiempo-andalucia-el-verano-comenzara-el-sabado-21-de-junio-a-la-12h-51m-con-posibilidad-de-terral-en-malaga","status":"publish","type":"post","link":"https:\/\/blogs.diariosur.es\/tormentas-y-rayos\/2014\/06\/20\/prevision-del-tiempo-andalucia-el-verano-comenzara-el-sabado-21-de-junio-a-la-12h-51m-con-posibilidad-de-terral-en-malaga\/","title":{"rendered":"Previsi\u00f3n del tiempo Andaluc\u00eda. El verano comenzar\u00e1 el s\u00e1bado 21 de junio a la 12h 51m, con posibilidad de terral en M\u00e1laga."},"content":{"rendered":"<p><strong>Buenos dias amigos de la meteo. \u00a0Son las seis y media de la ma\u00f1ana, registro 21.4 grados y los cielos malague\u00f1os est\u00e1n bastantes nubosos en el oeste de la provincia. Incluso se registran algunos peque\u00f1os chubascos como\u00a0pod\u00e9is\u00a0ver en el radar. Una peque\u00f1a linea de inestabilidad debida a la bolsa de aire fr\u00edo cruza Andaluc\u00eda. Fuente aemet y eumetsat meteogalicia.<\/strong><\/p>\n<p><strong><a href=\"https:\/\/blogs.diariosur.es\/tormentas-y-rayos\/2014\/06\/20\/prevision-del-tiempo-andalucia-el-verano-comenzara-el-sabado-21-de-junio-a-la-12h-51m-con-posibilidad-de-terral-en-malaga\/201406200420_r8ml\/\" rel=\"attachment wp-att-8805\"><img loading=\"lazy\" class=\"aligncenter size-full wp-image-8805\" title=\"201406200420_r8ml\" src=\"\/tormentas-y-rayos\/wp-content\/uploads\/sites\/12\/2014\/06\/201406200420_r8ml.gif\" alt=\"\" width=\"480\" height=\"530\" \/><\/a> \u00a0<\/strong><\/p>\n<p><a href=\"https:\/\/blogs.diariosur.es\/tormentas-y-rayos\/2014\/06\/20\/prevision-del-tiempo-andalucia-el-verano-comenzara-el-sabado-21-de-junio-a-la-12h-51m-con-posibilidad-de-terral-en-malaga\/captura-356\/\" rel=\"attachment wp-att-8806\"><img loading=\"lazy\" class=\"aligncenter size-medium wp-image-8806\" title=\"Captura\" src=\"\/tormentas-y-rayos\/wp-content\/uploads\/sites\/12\/2014\/06\/Captura7.jpg\" alt=\"\" width=\"579\" height=\"400\" srcset=\"https:\/\/static-blogs.diariosur.es\/wp-content\/uploads\/sites\/12\/2014\/06\/Captura7.jpg 747w, https:\/\/static-blogs.diariosur.es\/wp-content\/uploads\/sites\/12\/2014\/06\/Captura7-579x400.jpg 579w\" sizes=\"(max-width: 579px) 100vw, 579px\" \/><\/a><\/p>\n<p>&nbsp;<\/p>\n<p><strong>Os paso una foto tomada desde la terraza.<\/strong><\/p>\n<p><a href=\"https:\/\/blogs.diariosur.es\/tormentas-y-rayos\/2014\/06\/20\/prevision-del-tiempo-andalucia-el-verano-comenzara-el-sabado-21-de-junio-a-la-12h-51m-con-posibilidad-de-terral-en-malaga\/001-21\/\" rel=\"attachment wp-att-8809\"><img loading=\"lazy\" class=\"aligncenter size-full wp-image-8809\" title=\"001\" src=\"\/tormentas-y-rayos\/wp-content\/uploads\/sites\/12\/2014\/06\/0012.jpg\" alt=\"\" width=\"640\" height=\"427\" srcset=\"https:\/\/static-blogs.diariosur.es\/wp-content\/uploads\/sites\/12\/2014\/06\/0012.jpg 640w, https:\/\/static-blogs.diariosur.es\/wp-content\/uploads\/sites\/12\/2014\/06\/0012-600x400.jpg 600w\" sizes=\"(max-width: 640px) 100vw, 640px\" \/><\/a><\/p>\n<p><strong>Esta DANA que desde ayer jueves y hasta el lunes seguir\u00e1\u00a0casi\u00a0est\u00e1tica,\u00a0traer\u00e1\u00a0hoy, \u00a0y ma\u00f1ana\u00a0s\u00e1bado\u00a0 tormentas de moderadas a fuertes al interior del norte peninsular, por este motivo la aemet activa\u00a0el aviso amarillo. No me\u00a0extra\u00f1ar\u00eda\u00a0que a lo largo del dia incluso pase a naranja.<\/strong><\/p>\n<p><a href=\"https:\/\/blogs.diariosur.es\/tormentas-y-rayos\/2014\/06\/20\/prevision-del-tiempo-andalucia-el-verano-comenzara-el-sabado-21-de-junio-a-la-12h-51m-con-posibilidad-de-terral-en-malaga\/captura-357\/\" rel=\"attachment wp-att-8807\"><img loading=\"lazy\" class=\"aligncenter size-full wp-image-8807\" title=\"Captura\" src=\"\/tormentas-y-rayos\/wp-content\/uploads\/sites\/12\/2014\/06\/Captura8.jpg\" alt=\"\" width=\"598\" height=\"393\" \/><\/a><\/p>\n<p>&nbsp;<\/p>\n<p><a href=\"https:\/\/blogs.diariosur.es\/tormentas-y-rayos\/2014\/06\/20\/prevision-del-tiempo-andalucia-el-verano-comenzara-el-sabado-21-de-junio-a-la-12h-51m-con-posibilidad-de-terral-en-malaga\/captura-358\/\" rel=\"attachment wp-att-8808\"><img loading=\"lazy\" class=\"aligncenter size-medium wp-image-8808\" title=\"Captura\" src=\"\/tormentas-y-rayos\/wp-content\/uploads\/sites\/12\/2014\/06\/Captura9.jpg\" alt=\"\" width=\"596\" height=\"400\" srcset=\"https:\/\/static-blogs.diariosur.es\/wp-content\/uploads\/sites\/12\/2014\/06\/Captura9.jpg 753w, https:\/\/static-blogs.diariosur.es\/wp-content\/uploads\/sites\/12\/2014\/06\/Captura9-596x400.jpg 596w\" sizes=\"(max-width: 596px) 100vw, 596px\" \/><\/a><\/p>\n<p><strong>Ma\u00f1ana\u00a0s\u00e1bado\u00a0como todos\u00a0sab\u00e9is\u00a0comienza el verano a las 12 h y 51 m,&#8221; pues si se cumplen los modelos&#8221;, el terral sera el protagonista ma\u00f1ana en la Capital Malague\u00f1a. A ultima hora de hoy ya\u00a0empezar\u00eda\u00a0a\u00a0soplar, y seria durante la madrugada cuando\u00a0tomar\u00eda\u00a0mas consistencia. Ya veremos que maxima alcanzaremos, la verdad que no lo tengo muy claro. No creo que pasemos de los 35 o 36. Por contra en el interior de\u00a0Andaluc\u00eda\u00a0y Valle del Guadalquivir las\u00a0m\u00e1ximas\u00a0rondaran de los 27 a los 30 grados. El domingo parece que\u00a0seguir\u00eda\u00a0la misma\u00a0t\u00f3nica, si veo alg\u00fan cambio importante, ma\u00f1ana por la tarde o el domingo a primera hora os actualizare el blog.<\/strong><\/p>\n<p>&nbsp;<\/p>\n<p><img loading=\"lazy\" class=\"aligncenter\" src=\"https:\/\/farm4.staticflickr.com\/3837\/14396804033_86a3d305c4.jpg\" alt=\"\" width=\"371\" height=\"500\" \/><\/p>\n<p><span style=\"color: #ff0000;\"><strong>Muchos me\u00a0est\u00e1is\u00a0preguntando como se presenta este verano. <\/strong><\/span><\/p>\n<p><strong><span style=\"color: #ff0000;\">\u00a0AEMET prev\u00e9 un verano con precipitaciones en torno a la media y con probabilidad de que las temperaturas alcancen valores ligeramente superiores en el este peninsular y Baleares. En las otras zonas peninsulares\u00a0estar\u00edan\u00a0dentro de la media. Fuente Aemet.<\/span><\/strong><\/p>\n<p><span style=\"color: #ff0000;\"><strong>De todas formas ya sab\u00e9is como es la meteo, y estos modelos estacionales aun\u00a0est\u00e1n\u00a0en fase de experimentaci\u00f3n.<\/strong><\/span><\/p>\n<p><strong>Poco mas que contar amigos de la meteo. Os dejo con esta bonita foto de mi amiga Maria Canals Esteva, el cielo siempre nos da sorpresas. Foto tomada en Mallorca.<\/strong><\/p>\n<p><a href=\"https:\/\/blogs.diariosur.es\/tormentas-y-rayos\/2014\/06\/20\/prevision-del-tiempo-andalucia-el-verano-comenzara-el-sabado-21-de-junio-a-la-12h-51m-con-posibilidad-de-terral-en-malaga\/maria-casall\/\" rel=\"attachment wp-att-8810\"><img loading=\"lazy\" class=\"aligncenter size-full wp-image-8810\" title=\"maria casall\" src=\"\/tormentas-y-rayos\/wp-content\/uploads\/sites\/12\/2014\/06\/maria-casall.jpg\" alt=\"\" width=\"650\" height=\"569\" srcset=\"https:\/\/static-blogs.diariosur.es\/wp-content\/uploads\/sites\/12\/2014\/06\/maria-casall.jpg 650w, https:\/\/static-blogs.diariosur.es\/wp-content\/uploads\/sites\/12\/2014\/06\/maria-casall-457x400.jpg 457w\" sizes=\"(max-width: 650px) 100vw, 650px\" \/><\/a><\/p>\n<p>Maria Canals Esteva.<\/p>\n","protected":false},"excerpt":{"rendered":"<p>Buenos dias amigos de la meteo. \u00a0Son las seis y media de la ma\u00f1ana, registro 21.4 grados y los cielos malague\u00f1os est\u00e1n bastantes nubosos en el oeste de la provincia. Incluso se registran algunos peque\u00f1os chubascos como\u00a0pod\u00e9is\u00a0ver en el radar. Una peque\u00f1a linea de inestabilidad debida a la bolsa de aire fr\u00edo cruza Andaluc\u00eda. Fuente [&hellip;]<\/p>\n","protected":false},"author":16,"featured_media":8811,"comment_status":"open","ping_status":"open","sticky":false,"template":"","format":"standard","meta":[],"categories":[2],"tags":[100,271,587,809,975,980,1052],"_links":{"self":[{"href":"https:\/\/blogs.diariosur.es\/tormentas-y-rayos\/wp-json\/wp\/v2\/posts\/8804"}],"collection":[{"href":"https:\/\/blogs.diariosur.es\/tormentas-y-rayos\/wp-json\/wp\/v2\/posts"}],"about":[{"href":"https:\/\/blogs.diariosur.es\/tormentas-y-rayos\/wp-json\/wp\/v2\/types\/post"}],"author":[{"embeddable":true,"href":"https:\/\/blogs.diariosur.es\/tormentas-y-rayos\/wp-json\/wp\/v2\/users\/16"}],"replies":[{"embeddable":true,"href":"https:\/\/blogs.diariosur.es\/tormentas-y-rayos\/wp-json\/wp\/v2\/comments?post=8804"}],"version-history":[{"count":0,"href":"https:\/\/blogs.diariosur.es\/tormentas-y-rayos\/wp-json\/wp\/v2\/posts\/8804\/revisions"}],"wp:featuredmedia":[{"embeddable":true,"href":"https:\/\/blogs.diariosur.es\/tormentas-y-rayos\/wp-json\/wp\/v2\/media\/8811"}],"wp:attachment":[{"href":"https:\/\/blogs.diariosur.es\/tormentas-y-rayos\/wp-json\/wp\/v2\/media?parent=8804"}],"wp:term":[{"taxonomy":"category","embeddable":true,"href":"https:\/\/blogs.diariosur.es\/tormentas-y-rayos\/wp-json\/wp\/v2\/categories?post=8804"},{"taxonomy":"post_tag","embeddable":true,"href":"https:\/\/blogs.diariosur.es\/tormentas-y-rayos\/wp-json\/wp\/v2\/tags?post=8804"}],"curies":[{"name":"wp","href":"https:\/\/api.w.org\/{rel}","templated":true}]}}