{"id":8812,"date":"2014-06-21T07:38:32","date_gmt":"2014-06-21T05:38:32","guid":{"rendered":"http:\/\/blogs.diariosur.es\/tormentas-y-rayos\/?p=8812"},"modified":"2014-06-21T07:38:32","modified_gmt":"2014-06-21T05:38:32","slug":"el-verano-comienza-en-andalucia-con-minimas-frescas-y-maximas-contenidas-el-terral-protagonista-en-malaga-capital","status":"publish","type":"post","link":"https:\/\/blogs.diariosur.es\/tormentas-y-rayos\/2014\/06\/21\/el-verano-comienza-en-andalucia-con-minimas-frescas-y-maximas-contenidas-el-terral-protagonista-en-malaga-capital\/","title":{"rendered":"El verano comienza en Andaluc\u00eda  con m\u00ednimas frescas y m\u00e1ximas contenidas. El terral protagonista en M\u00e1laga Capital."},"content":{"rendered":"<p><strong>Buenos dias amigos de la meteo. Son las 6 h y 51 minutos de la ma\u00f1ana, registro 21 grados y el terral de primavera es el protagonista. Cuando sean las 12h y 51 minutos sera terral de verano jijijij.<\/strong><\/p>\n<p><img loading=\"lazy\" class=\"aligncenter\" src=\"https:\/\/farm6.staticflickr.com\/5576\/14447608476_f8e3d33ca9_z.jpg\" alt=\"\" width=\"430\" height=\"537\" \/><\/p>\n<p>&nbsp;<\/p>\n<p><strong>No pensaba actualizar el blog, pero me ha dado por mirar los mensajes del telefono y ya tenia cinco wassap, Joseeeeeeeeee que pasa que hace mucho fr\u00edo. En M\u00e1laga tenemos 21 grados, lo que pasa es que como el terral sopla moderado, hace que la sensaci\u00f3n\u00a0t\u00e9rmica\u00a0sea de 15. Os paso una captura de las\u00a0m\u00ednimas\u00a0que se dan ahora mismo, ma\u00f1ana domingo\u00a0ser\u00e1n\u00a0parecidas. Fijaros en Jerez y Granada que no llegan a los 14 grados.\u00a0<\/strong><\/p>\n<p><a href=\"https:\/\/blogs.diariosur.es\/tormentas-y-rayos\/2014\/06\/21\/el-verano-comienza-en-andalucia-con-minimas-frescas-y-maximas-contenidas-el-terral-protagonista-en-malaga-capital\/minimas-8\/\" rel=\"attachment wp-att-8813\"><img loading=\"lazy\" class=\"aligncenter size-medium wp-image-8813\" title=\"minimas\" src=\"\/tormentas-y-rayos\/wp-content\/uploads\/sites\/12\/2014\/06\/minimas1.jpg\" alt=\"\" width=\"600\" height=\"397\" srcset=\"https:\/\/static-blogs.diariosur.es\/wp-content\/uploads\/sites\/12\/2014\/06\/minimas1.jpg 770w, https:\/\/static-blogs.diariosur.es\/wp-content\/uploads\/sites\/12\/2014\/06\/minimas1-604x400.jpg 604w, https:\/\/static-blogs.diariosur.es\/wp-content\/uploads\/sites\/12\/2014\/06\/minimas1-768x509.jpg 768w\" sizes=\"(max-width: 600px) 100vw, 600px\" \/><\/a><\/p>\n<p><strong>A medida que pasen las horas, el aire se ira calentando y podemos llegar a una maxima que rondara en la zona de Teatinos y Aeropuerto los 35 grados. Como muchos\u00a0sab\u00e9is, seguimos bajo la\u00a0influencia de esa bolsa de aire fr\u00edo en altura, que de nuevo hoy dejara tormentas de moderadas a fuertes en el norte\u00a0peninsular. En el Valle del Guadalquivir y por el interior de\u00a0Andaluc\u00eda\u00a0no creo que las\u00a0m\u00e1ximas\u00a0pasen\u00a0de los 26 grados. Incluso por la zona de Huelva pueden caer algunas gotas.<\/strong><\/p>\n<p><strong>En la Comunidad Murciana y Valenciana las\u00a0m\u00e1ximas\u00a0si\u00a0ser\u00e1n\u00a0altas,\u00a0esto\u00a0se\u00a0deber\u00e1\u00a0a que en esa zona el viento de \u00a0poniente tambien se recalienta.<\/strong><\/p>\n<p><strong>Bueno amigos \u00a0poco mas que contar, ma\u00f1ana domingo\u00a0seguir\u00e1\u00a0de protagonista el terral de verano suave \u00a0en M\u00e1laga Capital, aunque con mas nubosidad. En zonas como el Rinc\u00f3n y \u00a0Torrox Costa le soplara de poniente, esto\u00a0har\u00e1\u00a0que las\u00a0m\u00e1ximas\u00a0no\u00a0sean\u00a0altas. Como todos\u00a0sab\u00e9is, la\u00a0mayor\u00eda\u00a0de las veces el viento de terral le entra desde el mar en estas zonas.<\/strong><\/p>\n<p><strong> Os dejo con esta foto de hace unos a\u00f1os, concretamente\u00a0fotografi\u00e9\u00a0este amanecer un 9 de julio del 2012.\u00a0<\/strong><\/p>\n<p><img loading=\"lazy\" class=\"aligncenter\" src=\"https:\/\/farm8.staticflickr.com\/7108\/7533969892_c171d16378_z.jpg\" alt=\"\" width=\"640\" height=\"480\" \/><\/p>\n<p>&nbsp;<\/p>\n","protected":false},"excerpt":{"rendered":"<p>Buenos dias amigos de la meteo. Son las 6 h y 51 minutos de la ma\u00f1ana, registro 21 grados y el terral de primavera es el protagonista. Cuando sean las 12h y 51 minutos sera terral de verano jijijij. &nbsp; No pensaba actualizar el blog, pero me ha dado por mirar los mensajes del telefono [&hellip;]<\/p>\n","protected":false},"author":16,"featured_media":8814,"comment_status":"open","ping_status":"open","sticky":false,"template":"","format":"standard","meta":[],"categories":[2],"tags":[100,587,975,1052],"_links":{"self":[{"href":"https:\/\/blogs.diariosur.es\/tormentas-y-rayos\/wp-json\/wp\/v2\/posts\/8812"}],"collection":[{"href":"https:\/\/blogs.diariosur.es\/tormentas-y-rayos\/wp-json\/wp\/v2\/posts"}],"about":[{"href":"https:\/\/blogs.diariosur.es\/tormentas-y-rayos\/wp-json\/wp\/v2\/types\/post"}],"author":[{"embeddable":true,"href":"https:\/\/blogs.diariosur.es\/tormentas-y-rayos\/wp-json\/wp\/v2\/users\/16"}],"replies":[{"embeddable":true,"href":"https:\/\/blogs.diariosur.es\/tormentas-y-rayos\/wp-json\/wp\/v2\/comments?post=8812"}],"version-history":[{"count":0,"href":"https:\/\/blogs.diariosur.es\/tormentas-y-rayos\/wp-json\/wp\/v2\/posts\/8812\/revisions"}],"wp:featuredmedia":[{"embeddable":true,"href":"https:\/\/blogs.diariosur.es\/tormentas-y-rayos\/wp-json\/wp\/v2\/media\/8814"}],"wp:attachment":[{"href":"https:\/\/blogs.diariosur.es\/tormentas-y-rayos\/wp-json\/wp\/v2\/media?parent=8812"}],"wp:term":[{"taxonomy":"category","embeddable":true,"href":"https:\/\/blogs.diariosur.es\/tormentas-y-rayos\/wp-json\/wp\/v2\/categories?post=8812"},{"taxonomy":"post_tag","embeddable":true,"href":"https:\/\/blogs.diariosur.es\/tormentas-y-rayos\/wp-json\/wp\/v2\/tags?post=8812"}],"curies":[{"name":"wp","href":"https:\/\/api.w.org\/{rel}","templated":true}]}}