{"id":8841,"date":"2014-06-25T07:24:28","date_gmt":"2014-06-25T05:24:28","guid":{"rendered":"http:\/\/blogs.diariosur.es\/tormentas-y-rayos\/?p=8841"},"modified":"2014-06-25T07:24:28","modified_gmt":"2014-06-25T05:24:28","slug":"prevision-del-tiempo-en-andalucia-seguiremos-con-temperaturas-suaves-el-terral-tomara-protagonismo-en-malaga-pero-sin-maximas-muy-altas","status":"publish","type":"post","link":"https:\/\/blogs.diariosur.es\/tormentas-y-rayos\/2014\/06\/25\/prevision-del-tiempo-en-andalucia-seguiremos-con-temperaturas-suaves-el-terral-tomara-protagonismo-en-malaga-pero-sin-maximas-muy-altas\/","title":{"rendered":"Previsi\u00f3n del tiempo en  Andaluc\u00eda, seguiremos con temperaturas &#8220;suaves&#8221;. El terral tomara protagonismo en M\u00e1laga, pero sin m\u00e1ximas muy altas."},"content":{"rendered":"<p>&nbsp;<\/p>\n<p><img loading=\"lazy\" class=\"aligncenter\" src=\"https:\/\/farm3.staticflickr.com\/2898\/14371881571_bbae3518b1_q.jpg\" alt=\"\" width=\"150\" height=\"150\" \/><\/p>\n<p><span style=\"color: #0000ff;\"><strong>Buenos dias amigos de la meteo, son las cinco y media de la ma\u00f1ana, registro 19.9 grados y los cielos est\u00e1n poco nubosos. Yo firmaba ahora mismo las\u00a0m\u00ednimas\u00a0que se est\u00e1n dando en Andaluc\u00eda para todo el verano.<\/strong><\/span><\/p>\n<p><span style=\"color: #0000ff;\"><a href=\"https:\/\/blogs.diariosur.es\/tormentas-y-rayos\/2014\/06\/25\/prevision-del-tiempo-en-andalucia-seguiremos-con-temperaturas-suaves-el-terral-tomara-protagonismo-en-malaga-pero-sin-maximas-muy-altas\/minimassssssssss\/\" rel=\"attachment wp-att-8866\"><span style=\"color: #0000ff;\"><img loading=\"lazy\" class=\"aligncenter size-medium wp-image-8866\" title=\"minimassssssssss\" src=\"\/tormentas-y-rayos\/wp-content\/uploads\/sites\/12\/2014\/06\/minimassssssssss.jpg\" alt=\"\" width=\"600\" height=\"393\" srcset=\"https:\/\/static-blogs.diariosur.es\/wp-content\/uploads\/sites\/12\/2014\/06\/minimassssssssss.jpg 776w, https:\/\/static-blogs.diariosur.es\/wp-content\/uploads\/sites\/12\/2014\/06\/minimassssssssss-610x400.jpg 610w, https:\/\/static-blogs.diariosur.es\/wp-content\/uploads\/sites\/12\/2014\/06\/minimassssssssss-768x504.jpg 768w\" sizes=\"(max-width: 600px) 100vw, 600px\" \/><\/span><\/a><\/span><\/p>\n<p><span style=\"color: #0000ff;\"><strong>Hoy un poco mas temprano de lo habitual, ya que tengo muchas cosas que contar. Ayer estuve en Radio \u00a0Miramar, os paso<a href=\"http:\/\/podcastcdn-12.ivoox.com\/audio\/8\/0\/3\/2\/entrevistajoseluisescuderotormentas-cantodelgalloradio-ivoox3252308.mp3\" rel=\"external nofollow\"><span style=\"color: #0000ff;\"> el podcast de la entrevista que me hizo mi amigo Jose Manuel en el programa El Canto del Gallo.<\/span><\/a><\/strong><\/span><\/p>\n<p><span style=\"color: #0000ff;\"><strong>La bolsa de aire fr\u00edo nos abandona, pero seguiremos con\u00a0m\u00e1ximas &#8220;suaves &#8221; en casi toda\u00a0Andaluc\u00eda, sobre todo por el Valle del Guadalquivir. En esta zona de nuestra regi\u00f3n el viento de suroeste hace que\u00a0las temperaturas no alcancen registros muy altos. Con esto quiero decir, que de momento no se alcanzaran valores cercanos a los 36 grados hasta el viernes.<\/strong><\/span><\/p>\n<p><span style=\"color: #0000ff;\"><strong>En M\u00e1laga Capital tomara protagonismo el terral, tanto hoy como ma\u00f1ana soplara de moderado a fuerte. La maxima no creo que pase de los 33 grados hoy, y 35 ma\u00f1ana. Los restos de la bolsa de aire fr\u00edo puede traer desarrollos en los montes y dejar algunas gotas.<\/strong><\/span><\/p>\n<p><span style=\"color: #0000ff;\"><strong>Viendo modelos para el\u00a0pr\u00f3ximo\u00a0fin de semana y primera semana de julio, todo hace indicar que este viento\u00a0seguir\u00e1\u00a0de protagonista. \u00a0El viernes 27 se quitara y\u00a0volver\u00eda\u00a0a ultima hora del\u00a0s\u00e1bado,\u00a0tomando protagonismo el domingo. Pero todo esto lo iremos viendo poco a poco.<\/strong><\/span><\/p>\n<p>&nbsp;<\/p>\n<p><a href=\"https:\/\/blogs.diariosur.es\/tormentas-y-rayos\/2014\/06\/25\/prevision-del-tiempo-en-andalucia-seguiremos-con-temperaturas-suaves-el-terral-tomara-protagonismo-en-malaga-pero-sin-maximas-muy-altas\/viento-31\/\" rel=\"attachment wp-att-8867\"><img loading=\"lazy\" class=\"aligncenter size-medium wp-image-8867\" title=\"viento\" src=\"\/tormentas-y-rayos\/wp-content\/uploads\/sites\/12\/2014\/06\/viento2.jpg\" alt=\"\" width=\"521\" height=\"400\" srcset=\"https:\/\/static-blogs.diariosur.es\/wp-content\/uploads\/sites\/12\/2014\/06\/viento2.jpg 734w, https:\/\/static-blogs.diariosur.es\/wp-content\/uploads\/sites\/12\/2014\/06\/viento2-521x400.jpg 521w\" sizes=\"(max-width: 521px) 100vw, 521px\" \/><\/a><\/p>\n<p><span style=\"color: #ff0000;\"><strong>Pues si amigos de la meteo, ayer disfrute como un enano del dia que tuvimos, con que poco me conformo jijij. Simplemente por escuchar el trueno que tuvimos, me ha cargado las pilas para un par de semanas.<\/strong><\/span><\/p>\n<p><span style=\"color: #ff0000;\"><strong> Donde mas\u00a0llovi\u00f3\u00a0fue en Cortes de la Frontera con 38 litros, le sigue Gauc\u00edn con 27.\u00a0<\/strong><\/span><\/p>\n<p><span style=\"color: #ff0000;\"><strong>Mi\u00a0pluvi\u00f3metro\u00a0registro un poco mas de dos litros, que para ser verano ha estado muy bien. \u00a0Os cuento en fotos y\u00a0gr\u00e1ficos\u00a0lo que paso ayer.<\/strong><\/span><\/p>\n<p><span style=\"color: #ff0000;\"><strong>Como todos\u00a0sab\u00e9is\u00a0la bolsa de aire fr\u00edo se\u00a0decidi\u00f3\u00a0a cruzarnos, y trajo consigo un progresivo empeoramiento en la provincia desde las diez de la ma\u00f1ana. A esa hora ya estaba por la zona de la playa de la\u00a0misericordia, los primeros\u00a0s\u00edntomas\u00a0ya se veian venir por el noroeste de la provincia.<\/strong><\/span><\/p>\n<p><span style=\"color: #ff0000;\"><img loading=\"lazy\" class=\"aligncenter\" src=\"https:\/\/farm3.staticflickr.com\/2928\/14311396508_0727af2898_z.jpg\" alt=\"\" width=\"640\" height=\"428\" \/><\/span><\/p>\n<p>&nbsp;<\/p>\n<p>&nbsp;<\/p>\n<p><span style=\"color: #ff0000;\"><strong>Sobre las once de la ma\u00f1ana se desarrollaban cumulonimbus por los montes de M\u00e1laga.<\/strong><\/span><\/p>\n<p><span style=\"color: #ff0000;\"><img loading=\"lazy\" class=\"aligncenter\" src=\"https:\/\/farm4.staticflickr.com\/3908\/14518114923_21c722213c_z.jpg\" alt=\"\" width=\"640\" height=\"428\" \/><\/span><\/p>\n<p>&nbsp;<\/p>\n<p><span style=\"color: #ff0000;\"><strong>A\u00a0partir\u00a0de esa hora\u00a0empez\u00f3\u00a0la fiesta, y el viento de poniente tomo protagonismo.<\/strong><\/span><\/p>\n<p><span style=\"color: #ff0000;\"><img loading=\"lazy\" class=\"aligncenter\" src=\"https:\/\/farm4.staticflickr.com\/3839\/14311396248_1c63392e30_z.jpg\" alt=\"\" width=\"640\" height=\"428\" \/><\/span><\/p>\n<p><span style=\"color: #ff0000;\"><strong>Fue cuando me dio por mirar por el\u00a0m\u00f3vil\u00a0el radar, \u00a0y vi que un impresionante moco verde se\u00a0acercaba por el oeste.<\/strong><\/span><\/p>\n<p><span style=\"color: #ff0000;\"><a href=\"https:\/\/blogs.diariosur.es\/tormentas-y-rayos\/2014\/06\/25\/prevision-del-tiempo-en-andalucia-seguiremos-con-temperaturas-suaves-el-terral-tomara-protagonismo-en-malaga-pero-sin-maximas-muy-altas\/10464167_10202988704257520_5775882255091295156_n-3\/\" rel=\"attachment wp-att-8855\"><span style=\"color: #ff0000;\"><img loading=\"lazy\" class=\"aligncenter size-large wp-image-8855\" title=\"10464167_10202988704257520_5775882255091295156_n\" src=\"\/tormentas-y-rayos\/wp-content\/uploads\/sites\/12\/2014\/06\/10464167_10202988704257520_5775882255091295156_n2.jpg\" alt=\"\" width=\"400\" height=\"600\" srcset=\"https:\/\/static-blogs.diariosur.es\/wp-content\/uploads\/sites\/12\/2014\/06\/10464167_10202988704257520_5775882255091295156_n2.jpg 450w, https:\/\/static-blogs.diariosur.es\/wp-content\/uploads\/sites\/12\/2014\/06\/10464167_10202988704257520_5775882255091295156_n2-267x400.jpg 267w\" sizes=\"(max-width: 400px) 100vw, 400px\" \/><\/span><\/a><\/span><\/p>\n<p><span style=\"color: #ff0000;\"><strong>Sobre las doce tome esta foto, sin duda alguna se me echaba encima la tormenta.<\/strong><\/span><\/p>\n<p><span style=\"color: #ff0000;\"><img loading=\"lazy\" class=\"aligncenter\" src=\"https:\/\/farm3.staticflickr.com\/2915\/14311545617_d7ed639557_z.jpg\" alt=\"\" width=\"640\" height=\"456\" \/><\/span><\/p>\n<p><span style=\"color: #ff0000;\"><strong>A los pocos minutos se retiro el sol y\u00a0ca\u00edan\u00a0las primeras gotas.<\/strong><\/span><\/p>\n<p>&nbsp;<\/p>\n<p><span style=\"color: #ff0000;\"><img loading=\"lazy\" class=\"aligncenter\" src=\"https:\/\/farm6.staticflickr.com\/5584\/14312126777_15993b1930_z.jpg\" alt=\"\" width=\"427\" height=\"640\" \/><\/span><\/p>\n<p><span style=\"color: #ff0000;\"><strong>El primer trueno fue una pasada, y los goterones gordos eran los protagonistas.<\/strong><\/span><\/p>\n<p><span style=\"color: #ff0000;\"><a href=\"https:\/\/blogs.diariosur.es\/tormentas-y-rayos\/2014\/06\/25\/prevision-del-tiempo-en-andalucia-seguiremos-con-temperaturas-suaves-el-terral-tomara-protagonismo-en-malaga-pero-sin-maximas-muy-altas\/10470778_10202989237110841_1541169172839653588_n\/\" rel=\"attachment wp-att-8856\"><span style=\"color: #ff0000;\"><img loading=\"lazy\" class=\"aligncenter size-large wp-image-8856\" title=\"10470778_10202989237110841_1541169172839653588_n\" src=\"\/tormentas-y-rayos\/wp-content\/uploads\/sites\/12\/2014\/06\/10470778_10202989237110841_1541169172839653588_n.jpg\" alt=\"\" width=\"448\" height=\"600\" srcset=\"https:\/\/static-blogs.diariosur.es\/wp-content\/uploads\/sites\/12\/2014\/06\/10470778_10202989237110841_1541169172839653588_n.jpg 717w, https:\/\/static-blogs.diariosur.es\/wp-content\/uploads\/sites\/12\/2014\/06\/10470778_10202989237110841_1541169172839653588_n-299x400.jpg 299w\" sizes=\"(max-width: 448px) 100vw, 448px\" \/><\/span><\/a><\/span><\/p>\n<p><span style=\"color: #ff0000;\"><strong>Pero lo que mas me llamo la atenci\u00f3n fue el desplome de temperatura y un fuerte viento. Fijaros en estos\u00a0gr\u00e1ficos\u00a0de la Aemet<\/strong><\/span><\/p>\n<p>&nbsp;<\/p>\n<p><span style=\"color: #ff0000;\"><a href=\"https:\/\/blogs.diariosur.es\/tormentas-y-rayos\/2014\/06\/25\/prevision-del-tiempo-en-andalucia-seguiremos-con-temperaturas-suaves-el-terral-tomara-protagonismo-en-malaga-pero-sin-maximas-muy-altas\/desplome-puerto\/\" rel=\"attachment wp-att-8857\"><span style=\"color: #ff0000;\"><img loading=\"lazy\" class=\"aligncenter size-medium wp-image-8857\" title=\"desplome puerto\" src=\"\/tormentas-y-rayos\/wp-content\/uploads\/sites\/12\/2014\/06\/desplome-puerto.jpg\" alt=\"\" width=\"600\" height=\"260\" srcset=\"https:\/\/static-blogs.diariosur.es\/wp-content\/uploads\/sites\/12\/2014\/06\/desplome-puerto.jpg 726w, https:\/\/static-blogs.diariosur.es\/wp-content\/uploads\/sites\/12\/2014\/06\/desplome-puerto-640x278.jpg 640w\" sizes=\"(max-width: 600px) 100vw, 600px\" \/><\/span><\/a><a href=\"https:\/\/blogs.diariosur.es\/tormentas-y-rayos\/2014\/06\/25\/prevision-del-tiempo-en-andalucia-seguiremos-con-temperaturas-suaves-el-terral-tomara-protagonismo-en-malaga-pero-sin-maximas-muy-altas\/desplome-teatinos\/\" rel=\"attachment wp-att-8858\"><span style=\"color: #ff0000;\"><img loading=\"lazy\" class=\"aligncenter size-medium wp-image-8858\" title=\"desplome teatinos\" src=\"\/tormentas-y-rayos\/wp-content\/uploads\/sites\/12\/2014\/06\/desplome-teatinos.jpg\" alt=\"\" width=\"600\" height=\"267\" srcset=\"https:\/\/static-blogs.diariosur.es\/wp-content\/uploads\/sites\/12\/2014\/06\/desplome-teatinos.jpg 721w, https:\/\/static-blogs.diariosur.es\/wp-content\/uploads\/sites\/12\/2014\/06\/desplome-teatinos-640x285.jpg 640w\" sizes=\"(max-width: 600px) 100vw, 600px\" \/><\/span><\/a><a href=\"https:\/\/blogs.diariosur.es\/tormentas-y-rayos\/2014\/06\/25\/prevision-del-tiempo-en-andalucia-seguiremos-con-temperaturas-suaves-el-terral-tomara-protagonismo-en-malaga-pero-sin-maximas-muy-altas\/viento-30\/\" rel=\"attachment wp-att-8859\"><span style=\"color: #ff0000;\"><img loading=\"lazy\" class=\"aligncenter size-medium wp-image-8859\" title=\"viento\" src=\"\/tormentas-y-rayos\/wp-content\/uploads\/sites\/12\/2014\/06\/viento1.jpg\" alt=\"\" width=\"600\" height=\"258\" srcset=\"https:\/\/static-blogs.diariosur.es\/wp-content\/uploads\/sites\/12\/2014\/06\/viento1.jpg 720w, https:\/\/static-blogs.diariosur.es\/wp-content\/uploads\/sites\/12\/2014\/06\/viento1-640x276.jpg 640w\" sizes=\"(max-width: 600px) 100vw, 600px\" \/><\/span><\/a><\/span><\/p>\n<p><span style=\"color: #ff0000;\"><strong>Por la tarde\u00a0segu\u00eda\u00a0la inestabilidad por el interior de la provincia malague\u00f1a, aunque por la capital se mejoro bastante.\u00a0<\/strong><\/span><\/p>\n<p><span style=\"color: #ff0000;\"><a href=\"https:\/\/blogs.diariosur.es\/tormentas-y-rayos\/2014\/06\/25\/prevision-del-tiempo-en-andalucia-seguiremos-con-temperaturas-suaves-el-terral-tomara-protagonismo-en-malaga-pero-sin-maximas-muy-altas\/attachment\/025\/\" rel=\"attachment wp-att-8864\"><span style=\"color: #ff0000;\"><img loading=\"lazy\" class=\"aligncenter size-full wp-image-8864\" title=\"025\" src=\"\/tormentas-y-rayos\/wp-content\/uploads\/sites\/12\/2014\/06\/025.jpg\" alt=\"\" width=\"640\" height=\"427\" srcset=\"https:\/\/static-blogs.diariosur.es\/wp-content\/uploads\/sites\/12\/2014\/06\/025.jpg 640w, https:\/\/static-blogs.diariosur.es\/wp-content\/uploads\/sites\/12\/2014\/06\/025-600x400.jpg 600w\" sizes=\"(max-width: 640px) 100vw, 640px\" \/><\/span><\/a><\/span><\/p>\n<p>&nbsp;<\/p>\n<p>&nbsp;<\/p>\n<p>&nbsp;<\/p>\n<p>&nbsp;<\/p>\n<p><span style=\"color: #ff0000;\"><strong>\u00a0Os paso las\u00a0im\u00e1genes\u00a0del radar de rayos son impresionantes,\u00a0as\u00ed\u00a0como la imagen del visible.<\/strong><\/span><\/p>\n<p><span style=\"color: #ff0000;\"><a href=\"https:\/\/blogs.diariosur.es\/tormentas-y-rayos\/2014\/06\/25\/prevision-del-tiempo-en-andalucia-seguiremos-con-temperaturas-suaves-el-terral-tomara-protagonismo-en-malaga-pero-sin-maximas-muy-altas\/201406241100_r79g\/\" rel=\"attachment wp-att-8853\"><span style=\"color: #ff0000;\"><img loading=\"lazy\" class=\"aligncenter size-full wp-image-8853\" title=\"201406241100_r79g\" src=\"\/tormentas-y-rayos\/wp-content\/uploads\/sites\/12\/2014\/06\/201406241100_r79g.gif\" alt=\"\" width=\"500\" height=\"500\" \/><\/span><\/a><\/span><\/p>\n<p>&nbsp;<\/p>\n<p>&nbsp;<\/p>\n<p>&nbsp;<\/p>\n<p><span style=\"color: #ff0000;\"><a href=\"https:\/\/blogs.diariosur.es\/tormentas-y-rayos\/2014\/06\/25\/prevision-del-tiempo-en-andalucia-seguiremos-con-temperaturas-suaves-el-terral-tomara-protagonismo-en-malaga-pero-sin-maximas-muy-altas\/201406241700_r79g-3\/\" rel=\"attachment wp-att-8862\"><span style=\"color: #ff0000;\"><img loading=\"lazy\" class=\"aligncenter size-full wp-image-8862\" title=\"201406241700_r79g\" src=\"\/tormentas-y-rayos\/wp-content\/uploads\/sites\/12\/2014\/06\/201406241700_r79g2.gif\" alt=\"\" width=\"500\" height=\"500\" \/><\/span><\/a><\/span><\/p>\n<p>&nbsp;<\/p>\n<p><span style=\"color: #ff0000;\"><a href=\"https:\/\/blogs.diariosur.es\/tormentas-y-rayos\/2014\/06\/25\/prevision-del-tiempo-en-andalucia-seguiremos-con-temperaturas-suaves-el-terral-tomara-protagonismo-en-malaga-pero-sin-maximas-muy-altas\/captura-361\/\" rel=\"attachment wp-att-8854\"><span style=\"color: #ff0000;\"><img loading=\"lazy\" class=\"aligncenter size-full wp-image-8854\" title=\"Captura\" src=\"\/tormentas-y-rayos\/wp-content\/uploads\/sites\/12\/2014\/06\/Captura12.jpg\" alt=\"\" width=\"640\" height=\"472\" srcset=\"https:\/\/static-blogs.diariosur.es\/wp-content\/uploads\/sites\/12\/2014\/06\/Captura12.jpg 640w, https:\/\/static-blogs.diariosur.es\/wp-content\/uploads\/sites\/12\/2014\/06\/Captura12-542x400.jpg 542w\" sizes=\"(max-width: 640px) 100vw, 640px\" \/><\/span><\/a><\/span><\/p>\n<p>&nbsp;<\/p>\n<p><span style=\"color: #ff0000;\"><strong>Las tormentas mas fuertes se dieron por Extremadura , Arag\u00f3n, e interior de Castell\u00f3n. Os paso este fot\u00f3n que me etiquetaron en facebook. Una supercelula en Alconchel ( Badajoz). La cazo Jose Carlos. Impresionante amigos.<\/strong><\/span><\/p>\n<p><span style=\"color: #ff0000;\"><a href=\"https:\/\/blogs.diariosur.es\/tormentas-y-rayos\/2014\/06\/25\/prevision-del-tiempo-en-andalucia-seguiremos-con-temperaturas-suaves-el-terral-tomara-protagonismo-en-malaga-pero-sin-maximas-muy-altas\/10464260_747343795309177_4418429056780120150_n\/\" rel=\"attachment wp-att-8863\"><span style=\"color: #ff0000;\"><img loading=\"lazy\" class=\"aligncenter size-full wp-image-8863\" title=\"10464260_747343795309177_4418429056780120150_n\" src=\"\/tormentas-y-rayos\/wp-content\/uploads\/sites\/12\/2014\/06\/10464260_747343795309177_4418429056780120150_n.png\" alt=\"\" width=\"600\" height=\"450\" srcset=\"https:\/\/static-blogs.diariosur.es\/wp-content\/uploads\/sites\/12\/2014\/06\/10464260_747343795309177_4418429056780120150_n.png 600w, https:\/\/static-blogs.diariosur.es\/wp-content\/uploads\/sites\/12\/2014\/06\/10464260_747343795309177_4418429056780120150_n-533x400.png 533w\" sizes=\"(max-width: 600px) 100vw, 600px\" \/><\/span><\/a><\/span><\/p>\n<p>&nbsp;<\/p>\n<p><span style=\"color: #ff0000;\"><strong>Poco mas que contar, os dejo con las fotos que me\u00a0hab\u00e9is\u00a0mandado, son todas una pasada de bonitas. Muchas gracias por compartirlas. Nos vemos el viernes.<\/strong><\/span><\/p>\n<p><span style=\"color: #ff0000;\"><strong>Gerardo Garrido Diez.<\/strong><\/span><\/p>\n<p>&nbsp;<\/p>\n<p>&nbsp;<\/p>\n<p><span style=\"color: #ff0000;\"><a href=\"https:\/\/blogs.diariosur.es\/tormentas-y-rayos\/2014\/06\/25\/prevision-del-tiempo-en-andalucia-seguiremos-con-temperaturas-suaves-el-terral-tomara-protagonismo-en-malaga-pero-sin-maximas-muy-altas\/gerardo-garrido-diez\/\" rel=\"attachment wp-att-8865\"><span style=\"color: #ff0000;\"><img loading=\"lazy\" class=\"aligncenter size-full wp-image-8865\" title=\"gerardo garrido diez\" src=\"\/tormentas-y-rayos\/wp-content\/uploads\/sites\/12\/2014\/06\/gerardo-garrido-diez.jpg\" alt=\"\" width=\"640\" height=\"415\" srcset=\"https:\/\/static-blogs.diariosur.es\/wp-content\/uploads\/sites\/12\/2014\/06\/gerardo-garrido-diez.jpg 640w, https:\/\/static-blogs.diariosur.es\/wp-content\/uploads\/sites\/12\/2014\/06\/gerardo-garrido-diez-617x400.jpg 617w\" sizes=\"(max-width: 640px) 100vw, 640px\" \/><\/span><\/a><\/span><\/p>\n<p>&nbsp;<\/p>\n<p>&nbsp;<\/p>\n<p>&nbsp;<\/p>\n<p><span style=\"color: #ff0000;\"><strong>Alvaro Gordillo\u00a0<\/strong><\/span><\/p>\n<p>&nbsp;<\/p>\n<p><span style=\"color: #ff0000;\"><a href=\"https:\/\/blogs.diariosur.es\/tormentas-y-rayos\/2014\/06\/25\/prevision-del-tiempo-en-andalucia-seguiremos-con-temperaturas-suaves-el-terral-tomara-protagonismo-en-malaga-pero-sin-maximas-muy-altas\/alvaro-gordillo-desde-benahojan\/\" rel=\"attachment wp-att-8842\"><span style=\"color: #ff0000;\"><img loading=\"lazy\" class=\"aligncenter size-full wp-image-8842\" title=\"alvaro gordillo desde benahojan\" src=\"\/tormentas-y-rayos\/wp-content\/uploads\/sites\/12\/2014\/06\/alvaro-gordillo-desde-benahojan.jpg\" alt=\"\" width=\"640\" height=\"480\" srcset=\"https:\/\/static-blogs.diariosur.es\/wp-content\/uploads\/sites\/12\/2014\/06\/alvaro-gordillo-desde-benahojan.jpg 640w, https:\/\/static-blogs.diariosur.es\/wp-content\/uploads\/sites\/12\/2014\/06\/alvaro-gordillo-desde-benahojan-533x400.jpg 533w\" sizes=\"(max-width: 640px) 100vw, 640px\" \/><\/span><\/a><\/span><\/p>\n<p>&nbsp;<\/p>\n<p>&nbsp;<\/p>\n<p><span style=\"color: #ff0000;\"><strong>Genoveva Lozano<\/strong><\/span><\/p>\n<p><span style=\"color: #ff0000;\"><a href=\"https:\/\/blogs.diariosur.es\/tormentas-y-rayos\/2014\/06\/25\/prevision-del-tiempo-en-andalucia-seguiremos-con-temperaturas-suaves-el-terral-tomara-protagonismo-en-malaga-pero-sin-maximas-muy-altas\/10462540_10202989123387998_3110351639386543576_n\/\" rel=\"attachment wp-att-8844\"><span style=\"color: #ff0000;\"><img loading=\"lazy\" class=\"aligncenter size-full wp-image-8844\" title=\"10462540_10202989123387998_3110351639386543576_n\" src=\"\/tormentas-y-rayos\/wp-content\/uploads\/sites\/12\/2014\/06\/10462540_10202989123387998_3110351639386543576_n.jpg\" alt=\"\" width=\"450\" height=\"800\" srcset=\"https:\/\/static-blogs.diariosur.es\/wp-content\/uploads\/sites\/12\/2014\/06\/10462540_10202989123387998_3110351639386543576_n.jpg 450w, https:\/\/static-blogs.diariosur.es\/wp-content\/uploads\/sites\/12\/2014\/06\/10462540_10202989123387998_3110351639386543576_n-225x400.jpg 225w\" sizes=\"(max-width: 450px) 100vw, 450px\" \/><\/span><\/a><\/span><\/p>\n<p><span style=\"color: #ff0000;\"><strong>Maricarmen Parra Gil<\/strong><\/span><\/p>\n<p><span style=\"color: #ff0000;\"><a href=\"https:\/\/blogs.diariosur.es\/tormentas-y-rayos\/2014\/06\/25\/prevision-del-tiempo-en-andalucia-seguiremos-con-temperaturas-suaves-el-terral-tomara-protagonismo-en-malaga-pero-sin-maximas-muy-altas\/maricarmen-parra-gil-4\/\" rel=\"attachment wp-att-8845\"><span style=\"color: #ff0000;\"><img loading=\"lazy\" class=\"aligncenter size-full wp-image-8845\" title=\"maricarmen parra gil\" src=\"\/tormentas-y-rayos\/wp-content\/uploads\/sites\/12\/2014\/06\/maricarmen-parra-gil1.jpg\" alt=\"\" width=\"640\" height=\"480\" srcset=\"https:\/\/static-blogs.diariosur.es\/wp-content\/uploads\/sites\/12\/2014\/06\/maricarmen-parra-gil1.jpg 640w, https:\/\/static-blogs.diariosur.es\/wp-content\/uploads\/sites\/12\/2014\/06\/maricarmen-parra-gil1-533x400.jpg 533w\" sizes=\"(max-width: 640px) 100vw, 640px\" \/><\/span><\/a><\/span><\/p>\n<p><span style=\"color: #ff0000;\"><strong>Maril\u00f3 Moreno<\/strong><\/span><\/p>\n<p><span style=\"color: #ff0000;\"><a href=\"https:\/\/blogs.diariosur.es\/tormentas-y-rayos\/2014\/06\/25\/prevision-del-tiempo-en-andalucia-seguiremos-con-temperaturas-suaves-el-terral-tomara-protagonismo-en-malaga-pero-sin-maximas-muy-altas\/marilo-moreno-2\/\" rel=\"attachment wp-att-8847\"><span style=\"color: #ff0000;\"><img loading=\"lazy\" class=\"aligncenter size-full wp-image-8847\" title=\"marilo moreno\" src=\"\/tormentas-y-rayos\/wp-content\/uploads\/sites\/12\/2014\/06\/marilo-moreno1.jpg\" alt=\"\" width=\"480\" height=\"640\" srcset=\"https:\/\/static-blogs.diariosur.es\/wp-content\/uploads\/sites\/12\/2014\/06\/marilo-moreno1.jpg 480w, https:\/\/static-blogs.diariosur.es\/wp-content\/uploads\/sites\/12\/2014\/06\/marilo-moreno1-300x400.jpg 300w\" sizes=\"(max-width: 480px) 100vw, 480px\" \/><\/span><\/a><\/span><\/p>\n<p><span style=\"color: #ff0000;\"><strong>Miguel Cabrera.<\/strong><\/span><\/p>\n<p><span style=\"color: #ff0000;\"><a href=\"https:\/\/blogs.diariosur.es\/tormentas-y-rayos\/2014\/06\/25\/prevision-del-tiempo-en-andalucia-seguiremos-con-temperaturas-suaves-el-terral-tomara-protagonismo-en-malaga-pero-sin-maximas-muy-altas\/10491974_10152233849086989_919939393705204900_n\/\" rel=\"attachment wp-att-8849\"><span style=\"color: #ff0000;\"><img loading=\"lazy\" class=\"aligncenter size-full wp-image-8849\" title=\"10491974_10152233849086989_919939393705204900_n\" src=\"\/tormentas-y-rayos\/wp-content\/uploads\/sites\/12\/2014\/06\/10491974_10152233849086989_919939393705204900_n.jpg\" alt=\"\" width=\"450\" height=\"675\" srcset=\"https:\/\/static-blogs.diariosur.es\/wp-content\/uploads\/sites\/12\/2014\/06\/10491974_10152233849086989_919939393705204900_n.jpg 450w, https:\/\/static-blogs.diariosur.es\/wp-content\/uploads\/sites\/12\/2014\/06\/10491974_10152233849086989_919939393705204900_n-267x400.jpg 267w\" sizes=\"(max-width: 450px) 100vw, 450px\" \/><\/span><\/a><\/span><\/p>\n<p>&nbsp;<\/p>\n<p><span style=\"color: #ff0000;\"><strong>Macu Prieto<\/strong><\/span><\/p>\n<p><span style=\"color: #ff0000;\"><a href=\"https:\/\/blogs.diariosur.es\/tormentas-y-rayos\/2014\/06\/25\/prevision-del-tiempo-en-andalucia-seguiremos-con-temperaturas-suaves-el-terral-tomara-protagonismo-en-malaga-pero-sin-maximas-muy-altas\/macu-prieto\/\" rel=\"attachment wp-att-8850\"><span style=\"color: #ff0000;\"><img loading=\"lazy\" class=\"aligncenter size-full wp-image-8850\" title=\"macu prieto\" src=\"\/tormentas-y-rayos\/wp-content\/uploads\/sites\/12\/2014\/06\/macu-prieto.jpg\" alt=\"\" width=\"640\" height=\"423\" srcset=\"https:\/\/static-blogs.diariosur.es\/wp-content\/uploads\/sites\/12\/2014\/06\/macu-prieto.jpg 640w, https:\/\/static-blogs.diariosur.es\/wp-content\/uploads\/sites\/12\/2014\/06\/macu-prieto-605x400.jpg 605w\" sizes=\"(max-width: 640px) 100vw, 640px\" \/><\/span><\/a><\/span><\/p>\n<p>&nbsp;<\/p>\n<p>&nbsp;<\/p>\n<p>&nbsp;<\/p>\n","protected":false},"excerpt":{"rendered":"<p>&nbsp; Buenos dias amigos de la meteo, son las cinco y media de la ma\u00f1ana, registro 19.9 grados y los cielos est\u00e1n poco nubosos. Yo firmaba ahora mismo las\u00a0m\u00ednimas\u00a0que se est\u00e1n dando en Andaluc\u00eda para todo el verano. Hoy un poco mas temprano de lo habitual, ya que tengo muchas cosas que contar. Ayer estuve [&hellip;]<\/p>\n","protected":false},"author":16,"featured_media":8868,"comment_status":"open","ping_status":"open","sticky":false,"template":"","format":"standard","meta":[],"categories":[2],"tags":[100,587,809,932,962,975,980],"_links":{"self":[{"href":"https:\/\/blogs.diariosur.es\/tormentas-y-rayos\/wp-json\/wp\/v2\/posts\/8841"}],"collection":[{"href":"https:\/\/blogs.diariosur.es\/tormentas-y-rayos\/wp-json\/wp\/v2\/posts"}],"about":[{"href":"https:\/\/blogs.diariosur.es\/tormentas-y-rayos\/wp-json\/wp\/v2\/types\/post"}],"author":[{"embeddable":true,"href":"https:\/\/blogs.diariosur.es\/tormentas-y-rayos\/wp-json\/wp\/v2\/users\/16"}],"replies":[{"embeddable":true,"href":"https:\/\/blogs.diariosur.es\/tormentas-y-rayos\/wp-json\/wp\/v2\/comments?post=8841"}],"version-history":[{"count":0,"href":"https:\/\/blogs.diariosur.es\/tormentas-y-rayos\/wp-json\/wp\/v2\/posts\/8841\/revisions"}],"wp:featuredmedia":[{"embeddable":true,"href":"https:\/\/blogs.diariosur.es\/tormentas-y-rayos\/wp-json\/wp\/v2\/media\/8868"}],"wp:attachment":[{"href":"https:\/\/blogs.diariosur.es\/tormentas-y-rayos\/wp-json\/wp\/v2\/media?parent=8841"}],"wp:term":[{"taxonomy":"category","embeddable":true,"href":"https:\/\/blogs.diariosur.es\/tormentas-y-rayos\/wp-json\/wp\/v2\/categories?post=8841"},{"taxonomy":"post_tag","embeddable":true,"href":"https:\/\/blogs.diariosur.es\/tormentas-y-rayos\/wp-json\/wp\/v2\/tags?post=8841"}],"curies":[{"name":"wp","href":"https:\/\/api.w.org\/{rel}","templated":true}]}}