{"id":8869,"date":"2014-06-27T07:36:33","date_gmt":"2014-06-27T05:36:33","guid":{"rendered":"http:\/\/blogs.diariosur.es\/tormentas-y-rayos\/?p=8869"},"modified":"2014-06-27T07:36:33","modified_gmt":"2014-06-27T05:36:33","slug":"el-tiempo-en-andalucia-suben-las-maximas-y-minimas-el-domingo-el-poniente-soplara-fuerte-en-el-litoral-mediterraneo-terral-en-malaga","status":"publish","type":"post","link":"https:\/\/blogs.diariosur.es\/tormentas-y-rayos\/2014\/06\/27\/el-tiempo-en-andalucia-suben-las-maximas-y-minimas-el-domingo-el-poniente-soplara-fuerte-en-el-litoral-mediterraneo-terral-en-malaga\/","title":{"rendered":"El tiempo en Andaluc\u00eda. Suben las m\u00e1ximas y m\u00ednimas . El domingo el poniente soplara fuerte en el litoral mediterraneo. Terral en M\u00e1laga."},"content":{"rendered":"<p>&nbsp;<\/p>\n<p><img loading=\"lazy\" class=\"aligncenter\" src=\"https:\/\/farm3.staticflickr.com\/2898\/14371881571_bbae3518b1_q.jpg\" alt=\"\" width=\"150\" height=\"150\" \/><\/p>\n<p>&nbsp;<\/p>\n<p><strong><span style=\"color: #ff00ff;\">ACTUALIZACI\u00d3N S\u00c1BADO\u00a028 DE JUNIO<\/span><\/strong><\/p>\n<p><span style=\"color: #0000ff;\"><strong>Buenos dias amigos de la meteo. Son las seis y media de la ma\u00f1ana, registro 20 grados y los cielos malague\u00f1os est\u00e1n despejados. El motivo de la\u00a0actualizaci\u00f3n\u00a0no es otro que el saber a que hora\u00a0entrar\u00eda\u00a0el\u00a0terral hoy\u00a0s\u00e1bado. Hay discrepancias entre modelos, uno le da entrada al\u00a0mediod\u00eda\u00a0y otro a ultima hora de la tarde. Si entrase al\u00a0mediod\u00eda, esta claro que la maxima\u00a0llegar\u00eda\u00a0a los\u00a035\u00a0grados. Mi opini\u00f3n personal es que llegara mas tarde y\u00a0empezar\u00eda\u00a0a soplar sobre las cinco de la tarde o las siete. Desde que llevo estudiando el terral malague\u00f1o de verano, en\u00a0pocas ocasiones y creo que en\u00a0ninguna\u00a0ha entrado al\u00a0mediod\u00eda en la capital, otra cosa distinta es el Valle del Guadalhorce. El cambio de terral a levante es al contrario, la gran\u00a0mayor\u00eda\u00a0de las veces cambia al\u00a0mediod\u00eda.<\/strong><\/span><\/p>\n<p><strong><span style=\"color: #0000ff;\">Ma\u00f1ana domingo si sera el protagonista y pueden ocurrir dos cosas, la primera que solo afecte a la capital como en la\u00a0mayor\u00eda\u00a0de las veces<span style=\"color: #ff0000;\"> \u00a0y la segunda que si viene muy marcado de noroeste norte y con una\u00a0rachas fuertes, puede llegar recalentado al Rinc\u00f3n de la Victoria.<\/span> Esta\u00a0circunstancia\u00a0no se suele dar muchas veces pero en ocasiones muy contadas se ha dado. \u00a0Acordaros de los 41.7 grados que se dieron el 14 de julio del 2012. Para los que\u00a0quer\u00e1is\u00a0saber el motivo del por qu\u00e9 se da esto, os paso este enlace a mi blog: <\/span><a style=\"color: #0000ff;\" href=\"https:\/\/blogs.diariosur.es\/tormentas-y-rayos\/2012\/07\/16\/porque-el-sabado-el-rincon-de-la-victoria-llego-a-417-grados-record-historico\/\"><span style=\"color: #0000ff;\">\u00a0RINCON DE LA VICTORIA REGISTRA 41.7 GRADOS\u00a0<\/span><\/a><span style=\"color: #0000ff;\">.<\/span><\/strong><\/p>\n<p><span style=\"color: #0000ff;\"><strong>Poco mas que contar amigos, ya veremos a que hora entra y que maxima registramos hoy. Os dejo con el mapa de vientos previsto para ma\u00f1ana, fuente aemet.\u00a0<\/strong><\/span><\/p>\n<p><a href=\"https:\/\/blogs.diariosur.es\/tormentas-y-rayos\/2014\/06\/27\/el-tiempo-en-andalucia-suben-las-maximas-y-minimas-el-domingo-el-poniente-soplara-fuerte-en-el-litoral-mediterraneo-terral-en-malaga\/captura-362\/\" rel=\"attachment wp-att-8886\"><img loading=\"lazy\" class=\"aligncenter size-medium wp-image-8886\" title=\"Captura\" src=\"\/tormentas-y-rayos\/wp-content\/uploads\/sites\/12\/2014\/06\/Captura13.jpg\" alt=\"\" width=\"531\" height=\"400\" srcset=\"https:\/\/static-blogs.diariosur.es\/wp-content\/uploads\/sites\/12\/2014\/06\/Captura13.jpg 786w, https:\/\/static-blogs.diariosur.es\/wp-content\/uploads\/sites\/12\/2014\/06\/Captura13-532x400.jpg 532w, https:\/\/static-blogs.diariosur.es\/wp-content\/uploads\/sites\/12\/2014\/06\/Captura13-768x577.jpg 768w\" sizes=\"(max-width: 531px) 100vw, 531px\" \/><\/a><\/p>\n<p>&nbsp;<\/p>\n<p><span style=\"color: #ff00ff;\"><strong>VIERNES 27 DE JUNIO<\/strong><\/span><\/p>\n<p><span style=\"color: #ff0000;\"><strong>Buenos dias amigos de la meteo. Son las seis de la ma\u00f1ana, registro 22 grados y los cielos malague\u00f1os y andaluces est\u00e1n despejados.\u00a0<\/strong><\/span><\/p>\n<p><span style=\"color: #ff0000;\"><strong>El terral nos da un respiro hoy viernes \u00a0y ma\u00f1ana\u00a0s\u00e1bado, de todas formas no ha sido un terral con una \u00a0maxima muy alta. Pero a partir de ma\u00f1ana\u00a0s\u00e1bado<\/strong><strong>\u00a0por la noche, de nuevo tomara protagonismo. Soplando con mas fuerza el domingo en el litoral\u00a0mediterr\u00e1neo\u00a0andaluz.\u00a0Fuente\u00a0meteociel.<\/strong><\/span><\/p>\n<p>&nbsp;<\/p>\n<p><span style=\"color: #ff0000;\"><a href=\"https:\/\/blogs.diariosur.es\/tormentas-y-rayos\/2014\/06\/27\/el-tiempo-en-andalucia-suben-las-maximas-y-minimas-el-domingo-el-poniente-soplara-fuerte-en-el-litoral-mediterraneo-terral-en-malaga\/54-289sp\/\" rel=\"attachment wp-att-8878\"><span style=\"color: #ff0000;\"><img loading=\"lazy\" class=\"aligncenter size-large wp-image-8878\" title=\"54-289SP\" src=\"\/tormentas-y-rayos\/wp-content\/uploads\/sites\/12\/2014\/06\/54-289SP.gif\" alt=\"\" width=\"600\" height=\"600\" \/><\/span><\/a><\/span><\/p>\n<p>&nbsp;<\/p>\n<p><span style=\"color: #ff0000;\"><a href=\"https:\/\/blogs.diariosur.es\/tormentas-y-rayos\/2014\/06\/27\/el-tiempo-en-andalucia-suben-las-maximas-y-minimas-el-domingo-el-poniente-soplara-fuerte-en-el-litoral-mediterraneo-terral-en-malaga\/72-289sp\/\" rel=\"attachment wp-att-8875\"><span style=\"color: #ff0000;\"><img loading=\"lazy\" class=\"aligncenter size-large wp-image-8875\" title=\"72-289SP\" src=\"\/tormentas-y-rayos\/wp-content\/uploads\/sites\/12\/2014\/06\/72-289SP.gif\" alt=\"\" width=\"600\" height=\"600\" \/><\/span><\/a><\/span><\/p>\n<p>&nbsp;<\/p>\n<p>&nbsp;<\/p>\n<p><span style=\"color: #ff0000;\"><strong>Este cambio de viento se\u00a0deber\u00e1\u00a0a la posici\u00f3n que tomara una baja presi\u00f3n el\u00a0s\u00e1bado\u00a0a ultima hora. En este mapa previsto la\u00a0pod\u00e9is\u00a0ver.<\/strong><\/span><\/p>\n<p><span style=\"color: #ff0000;\"><a href=\"https:\/\/blogs.diariosur.es\/tormentas-y-rayos\/2014\/06\/27\/el-tiempo-en-andalucia-suben-las-maximas-y-minimas-el-domingo-el-poniente-soplara-fuerte-en-el-litoral-mediterraneo-terral-en-malaga\/48-515sp\/\" rel=\"attachment wp-att-8881\"><span style=\"color: #ff0000;\"><img loading=\"lazy\" class=\"aligncenter size-large wp-image-8881\" title=\"48-515SP\" src=\"\/tormentas-y-rayos\/wp-content\/uploads\/sites\/12\/2014\/06\/48-515SP.gif\" alt=\"\" width=\"600\" height=\"600\" \/><\/span><\/a><\/span><\/p>\n<p><span style=\"color: #ff0000;\"><strong>Las\u00a0m\u00e1ximas y\u00a0m\u00ednimas\u00a0 subir\u00e1n\u00a0por el Valle del Guadalquivir tanto hoy como ma\u00f1ana\u00a0s\u00e1bado.\u00a0\u00a0El domingo debido al poniente bajaran un poco las\u00a0m\u00e1ximas\u00a0en esta zona, por contra\u00a0en M\u00e1laga Capital el\u00a0terral de verano tomara protagonismo,\u00a0as\u00ed\u00a0como en los municipios expuestos a este viento. Viendo mapas de temperaturas \u00a0a 850 hpa ( 1500 m) la iso rondara los 21 grados, no me\u00a0extra\u00f1ar\u00eda\u00a0que\u00a0la maxima rondara los 36 grados el domingo en M\u00e1laga Capital.<\/strong><\/span><\/p>\n<p><span style=\"color: #ff0000;\"><a href=\"https:\/\/blogs.diariosur.es\/tormentas-y-rayos\/2014\/06\/27\/el-tiempo-en-andalucia-suben-las-maximas-y-minimas-el-domingo-el-poniente-soplara-fuerte-en-el-litoral-mediterraneo-terral-en-malaga\/63-7sp\/\" rel=\"attachment wp-att-8879\"><span style=\"color: #ff0000;\"><img loading=\"lazy\" class=\"aligncenter size-large wp-image-8879\" title=\"63-7SP\" src=\"\/tormentas-y-rayos\/wp-content\/uploads\/sites\/12\/2014\/06\/63-7SP.gif\" alt=\"\" width=\"600\" height=\"600\" \/><\/span><\/a><\/span><\/p>\n<p>&nbsp;<\/p>\n<p><img loading=\"lazy\" class=\"aligncenter\" src=\"https:\/\/farm6.staticflickr.com\/5576\/14447608476_f8e3d33ca9.jpg\" alt=\"\" width=\"400\" height=\"500\" \/><\/p>\n<p><span style=\"color: #0000ff;\"><strong>Os hago un peque\u00f1o resumen de ayer jueves. Os paso las\u00a0m\u00ednimas\u00a0y las\u00a0m\u00e1ximas\u00a0que se dieron .\u00a0Fuente\u00a0Aemet.<\/strong><\/span><\/p>\n<p><span style=\"color: #0000ff;\"><strong>\u00a0Co\u00edn dio la maxima de Andaluc\u00eda con 33.1 grados, le siguio M\u00e1laga con 33 en la zona de teatinos.<\/strong><\/span><\/p>\n<p><span style=\"color: #0000ff;\"><a href=\"https:\/\/blogs.diariosur.es\/tormentas-y-rayos\/2014\/06\/27\/el-tiempo-en-andalucia-suben-las-maximas-y-minimas-el-domingo-el-poniente-soplara-fuerte-en-el-litoral-mediterraneo-terral-en-malaga\/1-54\/\" rel=\"attachment wp-att-8876\"><span style=\"color: #0000ff;\"><img loading=\"lazy\" class=\"aligncenter size-medium wp-image-8876\" title=\"1\" src=\"\/tormentas-y-rayos\/wp-content\/uploads\/sites\/12\/2014\/06\/16.jpg\" alt=\"\" width=\"600\" height=\"394\" srcset=\"https:\/\/static-blogs.diariosur.es\/wp-content\/uploads\/sites\/12\/2014\/06\/16.jpg 710w, https:\/\/static-blogs.diariosur.es\/wp-content\/uploads\/sites\/12\/2014\/06\/16-608x400.jpg 608w\" sizes=\"(max-width: 600px) 100vw, 600px\" \/><\/span><\/a><a href=\"https:\/\/blogs.diariosur.es\/tormentas-y-rayos\/2014\/06\/27\/el-tiempo-en-andalucia-suben-las-maximas-y-minimas-el-domingo-el-poniente-soplara-fuerte-en-el-litoral-mediterraneo-terral-en-malaga\/2-43\/\" rel=\"attachment wp-att-8877\"><span style=\"color: #0000ff;\"><img loading=\"lazy\" class=\"aligncenter size-medium wp-image-8877\" title=\"2\" src=\"\/tormentas-y-rayos\/wp-content\/uploads\/sites\/12\/2014\/06\/23.jpg\" alt=\"\" width=\"600\" height=\"391\" srcset=\"https:\/\/static-blogs.diariosur.es\/wp-content\/uploads\/sites\/12\/2014\/06\/23.jpg 764w, https:\/\/static-blogs.diariosur.es\/wp-content\/uploads\/sites\/12\/2014\/06\/23-614x400.jpg 614w\" sizes=\"(max-width: 600px) 100vw, 600px\" \/><\/span><\/a><\/span><\/p>\n<p><span style=\"color: #0000ff;\"><strong>El amanecer una pena jijijiji, aunque tengo un amigo ( Bernabe) que siempre dice que los amaneceres tienen \u00a0siempre algo especial.\u00a0<\/strong><\/span><\/p>\n<p>&nbsp;<\/p>\n<p><span style=\"color: #0000ff;\"><a href=\"https:\/\/blogs.diariosur.es\/tormentas-y-rayos\/2014\/06\/27\/el-tiempo-en-andalucia-suben-las-maximas-y-minimas-el-domingo-el-poniente-soplara-fuerte-en-el-litoral-mediterraneo-terral-en-malaga\/001-22\/\" rel=\"attachment wp-att-8870\"><span style=\"color: #0000ff;\"><img loading=\"lazy\" class=\"aligncenter size-full wp-image-8870\" title=\"001\" src=\"\/tormentas-y-rayos\/wp-content\/uploads\/sites\/12\/2014\/06\/0013.jpg\" alt=\"\" width=\"640\" height=\"427\" srcset=\"https:\/\/static-blogs.diariosur.es\/wp-content\/uploads\/sites\/12\/2014\/06\/0013.jpg 640w, https:\/\/static-blogs.diariosur.es\/wp-content\/uploads\/sites\/12\/2014\/06\/0013-600x400.jpg 600w\" sizes=\"(max-width: 640px) 100vw, 640px\" \/><\/span><\/a><\/span><\/p>\n<p>&nbsp;<\/p>\n<p><span style=\"color: #0000ff;\"><a href=\"https:\/\/blogs.diariosur.es\/tormentas-y-rayos\/2014\/06\/27\/el-tiempo-en-andalucia-suben-las-maximas-y-minimas-el-domingo-el-poniente-soplara-fuerte-en-el-litoral-mediterraneo-terral-en-malaga\/005-8\/\" rel=\"attachment wp-att-8871\"><span style=\"color: #0000ff;\"><img loading=\"lazy\" class=\"aligncenter size-full wp-image-8871\" title=\"005\" src=\"\/tormentas-y-rayos\/wp-content\/uploads\/sites\/12\/2014\/06\/0051.jpg\" alt=\"\" width=\"640\" height=\"427\" srcset=\"https:\/\/static-blogs.diariosur.es\/wp-content\/uploads\/sites\/12\/2014\/06\/0051.jpg 640w, https:\/\/static-blogs.diariosur.es\/wp-content\/uploads\/sites\/12\/2014\/06\/0051-600x400.jpg 600w\" sizes=\"(max-width: 640px) 100vw, 640px\" \/><\/span><\/a><\/span><\/p>\n<p><span style=\"color: #0000ff;\"><strong>\u00a0<\/strong><\/span><\/p>\n<p><span style=\"color: #0000ff;\"><strong>\u00a0Bernabe \u00a0tambi\u00e9n lo cazo, pero desde la Glorieta Antonio Molina. Amigo Bernabe, me\u00a0confund\u00ed\u00a0con el sitio que\u00a0hab\u00edamos\u00a0quedado, lo siento.<\/strong><\/span><\/p>\n<p><span style=\"color: #0000ff;\"><a href=\"https:\/\/blogs.diariosur.es\/tormentas-y-rayos\/2014\/06\/27\/el-tiempo-en-andalucia-suben-las-maximas-y-minimas-el-domingo-el-poniente-soplara-fuerte-en-el-litoral-mediterraneo-terral-en-malaga\/olympus-digital-camera-1592\/\" rel=\"attachment wp-att-8880\"><span style=\"color: #0000ff;\"><img loading=\"lazy\" class=\"aligncenter size-full wp-image-8880\" title=\"OLYMPUS DIGITAL CAMERA\" src=\"\/tormentas-y-rayos\/wp-content\/uploads\/sites\/12\/2014\/06\/2014-06-26.Amanecer-en-la-Playa-de-Hu\u00e9lin-9.jpg\" alt=\"\" width=\"640\" height=\"467\" srcset=\"https:\/\/static-blogs.diariosur.es\/wp-content\/uploads\/sites\/12\/2014\/06\/2014-06-26.Amanecer-en-la-Playa-de-Hu\u00e9lin-9.jpg 640w, https:\/\/static-blogs.diariosur.es\/wp-content\/uploads\/sites\/12\/2014\/06\/2014-06-26.Amanecer-en-la-Playa-de-Hu\u00e9lin-9-548x400.jpg 548w\" sizes=\"(max-width: 640px) 100vw, 640px\" \/><\/span><\/a><\/span><\/p>\n<p><span style=\"color: #0000ff;\"><strong>Sobre las diez tire para el palo , en esa zona aun el terral no se\u00a0hab\u00eda\u00a0calentado.<\/strong><\/span><\/p>\n<p><span style=\"color: #0000ff;\"><a href=\"https:\/\/blogs.diariosur.es\/tormentas-y-rayos\/2014\/06\/27\/el-tiempo-en-andalucia-suben-las-maximas-y-minimas-el-domingo-el-poniente-soplara-fuerte-en-el-litoral-mediterraneo-terral-en-malaga\/011-6\/\" rel=\"attachment wp-att-8872\"><span style=\"color: #0000ff;\"><img loading=\"lazy\" class=\"aligncenter size-full wp-image-8872\" title=\"011\" src=\"\/tormentas-y-rayos\/wp-content\/uploads\/sites\/12\/2014\/06\/011.jpg\" alt=\"\" width=\"640\" height=\"427\" srcset=\"https:\/\/static-blogs.diariosur.es\/wp-content\/uploads\/sites\/12\/2014\/06\/011.jpg 640w, https:\/\/static-blogs.diariosur.es\/wp-content\/uploads\/sites\/12\/2014\/06\/011-600x400.jpg 600w\" sizes=\"(max-width: 640px) 100vw, 640px\" \/><\/span><\/a><\/span><\/p>\n<p>&nbsp;<\/p>\n<p><span style=\"color: #0000ff;\"><a href=\"https:\/\/blogs.diariosur.es\/tormentas-y-rayos\/2014\/06\/27\/el-tiempo-en-andalucia-suben-las-maximas-y-minimas-el-domingo-el-poniente-soplara-fuerte-en-el-litoral-mediterraneo-terral-en-malaga\/014-10\/\" rel=\"attachment wp-att-8873\"><span style=\"color: #0000ff;\"><img loading=\"lazy\" class=\"aligncenter size-full wp-image-8873\" title=\"014\" src=\"\/tormentas-y-rayos\/wp-content\/uploads\/sites\/12\/2014\/06\/014.jpg\" alt=\"\" width=\"640\" height=\"294\" \/><\/span><\/a><\/span><\/p>\n<p>&nbsp;<\/p>\n<p><span style=\"color: #0000ff;\"><a href=\"https:\/\/blogs.diariosur.es\/tormentas-y-rayos\/2014\/06\/27\/el-tiempo-en-andalucia-suben-las-maximas-y-minimas-el-domingo-el-poniente-soplara-fuerte-en-el-litoral-mediterraneo-terral-en-malaga\/018-5\/\" rel=\"attachment wp-att-8874\"><span style=\"color: #0000ff;\"><img loading=\"lazy\" class=\"aligncenter size-full wp-image-8874\" title=\"018\" src=\"\/tormentas-y-rayos\/wp-content\/uploads\/sites\/12\/2014\/06\/018.jpg\" alt=\"\" width=\"640\" height=\"349\" \/><\/span><\/a><\/span><\/p>\n<p>&nbsp;<\/p>\n<p><span style=\"color: #0000ff;\"><strong>Sobre las cinco de la tarde entro un poco de levante por mi zona, mi\u00a0term\u00f3metro\u00a0que marcaba 30.9 grados, bajo hasta los 26. En el \u00a0Aeropuerto el terral\u00a0segu\u00eda\u00a0siendo el protagonista, en esta zona\u00a0empez\u00f3\u00a0a bajar a partir de las ocho de la tarde. En Teatinos esta bajada de grados se dio a partir de las seis.<\/strong><\/span><\/p>\n<p><span style=\"color: #0000ff;\"><a href=\"https:\/\/blogs.diariosur.es\/tormentas-y-rayos\/2014\/06\/27\/el-tiempo-en-andalucia-suben-las-maximas-y-minimas-el-domingo-el-poniente-soplara-fuerte-en-el-litoral-mediterraneo-terral-en-malaga\/aeropuerto-7\/\" rel=\"attachment wp-att-8883\"><span style=\"color: #0000ff;\"><img loading=\"lazy\" class=\"aligncenter size-medium wp-image-8883\" title=\"aeropuerto\" src=\"\/tormentas-y-rayos\/wp-content\/uploads\/sites\/12\/2014\/06\/aeropuerto1.jpg\" alt=\"\" width=\"600\" height=\"253\" srcset=\"https:\/\/static-blogs.diariosur.es\/wp-content\/uploads\/sites\/12\/2014\/06\/aeropuerto1.jpg 702w, https:\/\/static-blogs.diariosur.es\/wp-content\/uploads\/sites\/12\/2014\/06\/aeropuerto1-640x271.jpg 640w\" sizes=\"(max-width: 600px) 100vw, 600px\" \/><\/span><\/a><a href=\"https:\/\/blogs.diariosur.es\/tormentas-y-rayos\/2014\/06\/27\/el-tiempo-en-andalucia-suben-las-maximas-y-minimas-el-domingo-el-poniente-soplara-fuerte-en-el-litoral-mediterraneo-terral-en-malaga\/teatinosss\/\" rel=\"attachment wp-att-8884\"><span style=\"color: #0000ff;\"><img loading=\"lazy\" class=\"aligncenter size-medium wp-image-8884\" title=\"teatinosss\" src=\"\/tormentas-y-rayos\/wp-content\/uploads\/sites\/12\/2014\/06\/teatinosss.jpg\" alt=\"\" width=\"600\" height=\"247\" srcset=\"https:\/\/static-blogs.diariosur.es\/wp-content\/uploads\/sites\/12\/2014\/06\/teatinosss.jpg 749w, https:\/\/static-blogs.diariosur.es\/wp-content\/uploads\/sites\/12\/2014\/06\/teatinosss-640x264.jpg 640w\" sizes=\"(max-width: 600px) 100vw, 600px\" \/><\/span><\/a><\/span><\/p>\n<p><span style=\"color: #0000ff;\"><strong>Poco mas que contar amigos de la meteo, si hay algo de ultima hora, ma\u00f1ana os actualizo de nuevo el blog. Que\u00a0pas\u00e9is\u00a0un buen finde.<\/strong><\/span><\/p>\n","protected":false},"excerpt":{"rendered":"<p>&nbsp; &nbsp; ACTUALIZACI\u00d3N S\u00c1BADO\u00a028 DE JUNIO Buenos dias amigos de la meteo. Son las seis y media de la ma\u00f1ana, registro 20 grados y los cielos malague\u00f1os est\u00e1n despejados. El motivo de la\u00a0actualizaci\u00f3n\u00a0no es otro que el saber a que hora\u00a0entrar\u00eda\u00a0el\u00a0terral hoy\u00a0s\u00e1bado. Hay discrepancias entre modelos, uno le da entrada al\u00a0mediod\u00eda\u00a0y otro a ultima hora [&hellip;]<\/p>\n","protected":false},"author":16,"featured_media":8878,"comment_status":"open","ping_status":"open","sticky":false,"template":"","format":"standard","meta":[],"categories":[2],"tags":[100,358,439,564,587,627,633,791,933,975],"_links":{"self":[{"href":"https:\/\/blogs.diariosur.es\/tormentas-y-rayos\/wp-json\/wp\/v2\/posts\/8869"}],"collection":[{"href":"https:\/\/blogs.diariosur.es\/tormentas-y-rayos\/wp-json\/wp\/v2\/posts"}],"about":[{"href":"https:\/\/blogs.diariosur.es\/tormentas-y-rayos\/wp-json\/wp\/v2\/types\/post"}],"author":[{"embeddable":true,"href":"https:\/\/blogs.diariosur.es\/tormentas-y-rayos\/wp-json\/wp\/v2\/users\/16"}],"replies":[{"embeddable":true,"href":"https:\/\/blogs.diariosur.es\/tormentas-y-rayos\/wp-json\/wp\/v2\/comments?post=8869"}],"version-history":[{"count":0,"href":"https:\/\/blogs.diariosur.es\/tormentas-y-rayos\/wp-json\/wp\/v2\/posts\/8869\/revisions"}],"wp:featuredmedia":[{"embeddable":true,"href":"https:\/\/blogs.diariosur.es\/tormentas-y-rayos\/wp-json\/wp\/v2\/media\/8878"}],"wp:attachment":[{"href":"https:\/\/blogs.diariosur.es\/tormentas-y-rayos\/wp-json\/wp\/v2\/media?parent=8869"}],"wp:term":[{"taxonomy":"category","embeddable":true,"href":"https:\/\/blogs.diariosur.es\/tormentas-y-rayos\/wp-json\/wp\/v2\/categories?post=8869"},{"taxonomy":"post_tag","embeddable":true,"href":"https:\/\/blogs.diariosur.es\/tormentas-y-rayos\/wp-json\/wp\/v2\/tags?post=8869"}],"curies":[{"name":"wp","href":"https:\/\/api.w.org\/{rel}","templated":true}]}}