{"id":8887,"date":"2014-06-30T06:58:08","date_gmt":"2014-06-30T04:58:08","guid":{"rendered":"http:\/\/blogs.diariosur.es\/tormentas-y-rayos\/?p=8887"},"modified":"2014-06-30T06:58:08","modified_gmt":"2014-06-30T04:58:08","slug":"velez-malaga-da-la-maxima-de-espana-el-terral-nos-da-hoy-un-respiro-pero-promete-volver-manana-1-de-julio","status":"publish","type":"post","link":"https:\/\/blogs.diariosur.es\/tormentas-y-rayos\/2014\/06\/30\/velez-malaga-da-la-maxima-de-espana-el-terral-nos-da-hoy-un-respiro-pero-promete-volver-manana-1-de-julio\/","title":{"rendered":"Vel\u00e9z M\u00e1laga da la maxima de Espa\u00f1a. El terral nos da hoy un respiro, pero promete volver ma\u00f1ana 1 de julio."},"content":{"rendered":"<p>&nbsp;<\/p>\n<p><img loading=\"lazy\" class=\"aligncenter\" src=\"https:\/\/farm3.staticflickr.com\/2898\/14371881571_bbae3518b1_q.jpg\" alt=\"\" width=\"150\" height=\"150\" \/><\/p>\n<p>&nbsp;<\/p>\n<p><strong>Buenos dias amigos de la meteo. Son las seis de la ma\u00f1ana, registro 23.9 \u00a0grados y los cielos andaluces est\u00e1n despejados.<span style=\"color: #0000ff;\"> Dentro de poco el levante entrara \u00a0y tendremos durante unos minutos rachas moderadas de viento.<\/span> El cambio de terral a levante\u00a0traer\u00e1\u00a0nubes bajas, e incluso brumas \u00a0o nieblas costeras. Ya veremos si se cumple este cambio de viento, lo mismo me equivoco y no se da.\u00a0<\/strong><\/p>\n<p><strong><\/strong><strong><span style=\"color: #ff00ff;\">El terral nos da un respiro,<\/span><span style=\"color: #ff00ff;\"> pero promete volver a partir de ma\u00f1ana primer dia de julio y quedarse hasta el\u00a0mi\u00e9rcoles.\u00a0<\/span><\/strong><\/p>\n<p><img loading=\"lazy\" class=\"aligncenter\" src=\"https:\/\/farm6.staticflickr.com\/5576\/14447608476_f8e3d33ca9.jpg\" alt=\"\" width=\"400\" height=\"500\" \/><\/p>\n<p>&nbsp;<\/p>\n<p>&nbsp;<\/p>\n<p><strong>Otro dato a tener en cuenta esta primera semana de julio, sera una bolsa \u00a0de aire fr\u00edo que afectara a la\u00a0pen\u00ednsula. Aun no esta muy claro que posici\u00f3n tomara. Esto\u00a0traer\u00e1\u00a0consigo tormentas, que en\u00a0algunos puntos\u00a0ser\u00e1n\u00a0fuertes. Pero de esto hablaremos mejor el miercoles, cada modelo le dan una situaci\u00f3n distinta. Os paso el modelo hirlam a 500 hpa.<\/strong><\/p>\n<p><a href=\"https:\/\/blogs.diariosur.es\/tormentas-y-rayos\/2014\/06\/30\/velez-malaga-da-la-maxima-de-espana-el-terral-nos-da-hoy-un-respiro-pero-promete-volver-manana-1-de-julio\/uno\/\" rel=\"attachment wp-att-8899\"><img loading=\"lazy\" class=\"aligncenter size-medium wp-image-8899\" title=\"uno\" src=\"\/tormentas-y-rayos\/wp-content\/uploads\/sites\/12\/2014\/06\/uno.jpg\" alt=\"\" width=\"524\" height=\"400\" srcset=\"https:\/\/static-blogs.diariosur.es\/wp-content\/uploads\/sites\/12\/2014\/06\/uno.jpg 658w, https:\/\/static-blogs.diariosur.es\/wp-content\/uploads\/sites\/12\/2014\/06\/uno-524x400.jpg 524w\" sizes=\"(max-width: 524px) 100vw, 524px\" \/><\/a><a href=\"https:\/\/blogs.diariosur.es\/tormentas-y-rayos\/2014\/06\/30\/velez-malaga-da-la-maxima-de-espana-el-terral-nos-da-hoy-un-respiro-pero-promete-volver-manana-1-de-julio\/dos-2\/\" rel=\"attachment wp-att-8900\"><img loading=\"lazy\" class=\"aligncenter size-medium wp-image-8900\" title=\"dos\" src=\"\/tormentas-y-rayos\/wp-content\/uploads\/sites\/12\/2014\/06\/dos.jpg\" alt=\"\" width=\"580\" height=\"400\" srcset=\"https:\/\/static-blogs.diariosur.es\/wp-content\/uploads\/sites\/12\/2014\/06\/dos.jpg 731w, https:\/\/static-blogs.diariosur.es\/wp-content\/uploads\/sites\/12\/2014\/06\/dos-580x400.jpg 580w\" sizes=\"(max-width: 580px) 100vw, 580px\" \/><\/a><\/p>\n<p><strong>Poco mas que contar sobre los\u00a0pron\u00f3sticos\u00a0para estos primeros dias . Hoy entrara levante sobre las ocho o diez de la ma\u00f1ana, soplara moderado durante algunos minutos. Ma\u00f1ana de madrugada poco a poco de nuevo el terral tomara protagonismo y\u00a0estar\u00e1\u00a0con nosotros hasta el\u00a0mi\u00e9rcoles.\u00a0<\/strong><\/p>\n<p>&nbsp;<\/p>\n<p>&nbsp;<\/p>\n<p><span style=\"color: #ff00ff;\"><strong>Os hago como siempre un resumen del fin de semana.<\/strong><\/span><\/p>\n<p><span style=\"color: #ff0000;\"><strong>El\u00a0s\u00e1bado\u00a0lo mas destacado fue la entrada del terral sobre las nueve de la noche en Teatinos y un poco mas tarde en el Puerto. Estoy seguro que muchos notasteis la bofetada de aire caliente que entro en poco segundos. Y no solo eso, tambi\u00e9n la bajada de humedad. Os paso unos graficos que lo dicen todo. Fuente Aemet.<\/strong><\/span><\/p>\n<p><span style=\"color: #ff0000;\"><strong>Primero os pongo la foto de mi estaci\u00f3n y veis la diferencia de temperatura, entre las nueve y las diez de la noche. Fijaros en la humedad.<\/strong><\/span><\/p>\n<p><span style=\"color: #ff0000;\"><a href=\"https:\/\/blogs.diariosur.es\/tormentas-y-rayos\/2014\/06\/30\/velez-malaga-da-la-maxima-de-espana-el-terral-nos-da-hoy-un-respiro-pero-promete-volver-manana-1-de-julio\/10428378_10203018411440181_7397197824483981537_o\/\" rel=\"attachment wp-att-8888\"><span style=\"color: #ff0000;\"><img loading=\"lazy\" class=\"aligncenter size-medium wp-image-8888\" title=\"10428378_10203018411440181_7397197824483981537_o\" src=\"\/tormentas-y-rayos\/wp-content\/uploads\/sites\/12\/2014\/06\/10428378_10203018411440181_7397197824483981537_o.jpg\" alt=\"\" width=\"298\" height=\"400\" srcset=\"https:\/\/static-blogs.diariosur.es\/wp-content\/uploads\/sites\/12\/2014\/06\/10428378_10203018411440181_7397197824483981537_o.jpg 717w, https:\/\/static-blogs.diariosur.es\/wp-content\/uploads\/sites\/12\/2014\/06\/10428378_10203018411440181_7397197824483981537_o-299x400.jpg 299w\" sizes=\"(max-width: 298px) 100vw, 298px\" \/><\/span><\/a><\/span><\/p>\n<p><span style=\"color: #ff0000;\"><a href=\"https:\/\/blogs.diariosur.es\/tormentas-y-rayos\/2014\/06\/30\/velez-malaga-da-la-maxima-de-espana-el-terral-nos-da-hoy-un-respiro-pero-promete-volver-manana-1-de-julio\/10386893_10203018411400180_7683194770621954844_o\/\" rel=\"attachment wp-att-8889\"><span style=\"color: #ff0000;\"><img loading=\"lazy\" class=\"aligncenter size-medium wp-image-8889\" title=\"10386893_10203018411400180_7683194770621954844_o\" src=\"\/tormentas-y-rayos\/wp-content\/uploads\/sites\/12\/2014\/06\/10386893_10203018411400180_7683194770621954844_o.jpg\" alt=\"\" width=\"298\" height=\"400\" srcset=\"https:\/\/static-blogs.diariosur.es\/wp-content\/uploads\/sites\/12\/2014\/06\/10386893_10203018411400180_7683194770621954844_o.jpg 717w, https:\/\/static-blogs.diariosur.es\/wp-content\/uploads\/sites\/12\/2014\/06\/10386893_10203018411400180_7683194770621954844_o-299x400.jpg 299w\" sizes=\"(max-width: 298px) 100vw, 298px\" \/><\/span><\/a><\/span><\/p>\n<p><span style=\"color: #ff0000;\"><strong>La estaci\u00f3n del Puerto de la Aemet es\u00a0impresionante\u00a0, la maxima del dia la da a las diez de la noche. Los\u00a0gr\u00e1ficos\u00a0lo dicen todo.<\/strong><\/span><\/p>\n<p><span style=\"color: #ff0000;\"><a href=\"https:\/\/blogs.diariosur.es\/tormentas-y-rayos\/2014\/06\/30\/velez-malaga-da-la-maxima-de-espana-el-terral-nos-da-hoy-un-respiro-pero-promete-volver-manana-1-de-julio\/subidon-3\/\" rel=\"attachment wp-att-8890\"><span style=\"color: #ff0000;\"><img loading=\"lazy\" class=\"aligncenter size-medium wp-image-8890\" title=\"subidon\" src=\"\/tormentas-y-rayos\/wp-content\/uploads\/sites\/12\/2014\/06\/subidon.jpg\" alt=\"\" width=\"600\" height=\"259\" srcset=\"https:\/\/static-blogs.diariosur.es\/wp-content\/uploads\/sites\/12\/2014\/06\/subidon.jpg 739w, https:\/\/static-blogs.diariosur.es\/wp-content\/uploads\/sites\/12\/2014\/06\/subidon-640x277.jpg 640w\" sizes=\"(max-width: 600px) 100vw, 600px\" \/><\/span><\/a><a href=\"https:\/\/blogs.diariosur.es\/tormentas-y-rayos\/2014\/06\/30\/velez-malaga-da-la-maxima-de-espana-el-terral-nos-da-hoy-un-respiro-pero-promete-volver-manana-1-de-julio\/humedo\/\" rel=\"attachment wp-att-8891\"><span style=\"color: #ff0000;\"><img loading=\"lazy\" class=\"aligncenter size-medium wp-image-8891\" title=\"humedo\" src=\"\/tormentas-y-rayos\/wp-content\/uploads\/sites\/12\/2014\/06\/humedo.jpg\" alt=\"\" width=\"600\" height=\"248\" srcset=\"https:\/\/static-blogs.diariosur.es\/wp-content\/uploads\/sites\/12\/2014\/06\/humedo.jpg 743w, https:\/\/static-blogs.diariosur.es\/wp-content\/uploads\/sites\/12\/2014\/06\/humedo-640x265.jpg 640w\" sizes=\"(max-width: 600px) 100vw, 600px\" \/><\/span><\/a><a href=\"https:\/\/blogs.diariosur.es\/tormentas-y-rayos\/2014\/06\/30\/velez-malaga-da-la-maxima-de-espana-el-terral-nos-da-hoy-un-respiro-pero-promete-volver-manana-1-de-julio\/viento-32\/\" rel=\"attachment wp-att-8892\"><span style=\"color: #ff0000;\"><img loading=\"lazy\" class=\"aligncenter size-medium wp-image-8892\" title=\"viento\" src=\"\/tormentas-y-rayos\/wp-content\/uploads\/sites\/12\/2014\/06\/viento3.jpg\" alt=\"\" width=\"600\" height=\"269\" srcset=\"https:\/\/static-blogs.diariosur.es\/wp-content\/uploads\/sites\/12\/2014\/06\/viento3.jpg 711w, https:\/\/static-blogs.diariosur.es\/wp-content\/uploads\/sites\/12\/2014\/06\/viento3-640x287.jpg 640w\" sizes=\"(max-width: 600px) 100vw, 600px\" \/><\/span><\/a><\/span><\/p>\n<p>&nbsp;<\/p>\n<p><span style=\"color: #0000ff;\"><strong>El domingo fue una pasada la lucha que\u00a0mantuvo el poniente y el terral \u00a0en el Rinc\u00f3n y Torre de Benagalb\u00f3n\u00a0. Se cumplieron mis\u00a0pron\u00f3sticos,\u00a0\u00a0y por las cuencas de los arroyos de esta zona bajaba el viento\u00a0recalentado. De pronto\u00a0sent\u00edas\u00a0aire caliente y a los pocos segundos aire fresco. Para los que\u00a0entr\u00e1is\u00a0por primera vez al blog, os paso un enlace donde explico el por qu\u00e9 se da esto en el Rinc\u00f3n. <a href=\"https:\/\/blogs.diariosur.es\/tormentas-y-rayos\/2012\/07\/16\/porque-el-sabado-el-rincon-de-la-victoria-llego-a-417-grados-record-historico\/\"><span style=\"color: #0000ff;\">TERRAL EN EL RINC\u00d3N DE LA VICTORIA<\/span><\/a><\/strong><\/span><\/p>\n<p><span style=\"color: #0000ff;\"><strong>La maxima en el Rinc\u00f3n fue de 34.8 grados, pero a partir de las tres de la tarde gano el poniente y bajo 8 grados en poco tiempo. Pero la maxima de\u00a0Andaluc\u00eda\u00a0la dio Vel\u00e9z M\u00e1laga con 35.9 grados, le sigue M\u00e1laga Aeropuerto con 35.2.\u00a0<\/strong><\/span><\/p>\n<p><span style=\"color: #0000ff;\"><a href=\"https:\/\/blogs.diariosur.es\/tormentas-y-rayos\/2014\/06\/30\/velez-malaga-da-la-maxima-de-espana-el-terral-nos-da-hoy-un-respiro-pero-promete-volver-manana-1-de-julio\/domingo-19\/\" rel=\"attachment wp-att-8893\"><span style=\"color: #0000ff;\"><img loading=\"lazy\" class=\"aligncenter size-large wp-image-8893\" title=\"domingo\" src=\"\/tormentas-y-rayos\/wp-content\/uploads\/sites\/12\/2014\/06\/domingo1.jpg\" alt=\"\" width=\"583\" height=\"600\" srcset=\"https:\/\/static-blogs.diariosur.es\/wp-content\/uploads\/sites\/12\/2014\/06\/domingo1.jpg 787w, https:\/\/static-blogs.diariosur.es\/wp-content\/uploads\/sites\/12\/2014\/06\/domingo1-389x400.jpg 389w, https:\/\/static-blogs.diariosur.es\/wp-content\/uploads\/sites\/12\/2014\/06\/domingo1-768x789.jpg 768w\" sizes=\"(max-width: 583px) 100vw, 583px\" \/><\/span><\/a><\/span><\/p>\n<p><span style=\"color: #0000ff;\"><strong>Las rachas fuertes de viento fueron las protagonistas en Torre de Benagalb\u00f3n, muchos abandonaban la playa al\u00a0mediod\u00eda, y es que el polvo era el protagonista. Mi amiga Nadia Carbajo me mando esta foto\u00a0desde la zona\u00a0cl\u00ednica\u00a0el\u00a0Rinc\u00f3n.<\/strong><\/span><\/p>\n<p><span style=\"color: #0000ff;\"><a href=\"https:\/\/blogs.diariosur.es\/tormentas-y-rayos\/2014\/06\/30\/velez-malaga-da-la-maxima-de-espana-el-terral-nos-da-hoy-un-respiro-pero-promete-volver-manana-1-de-julio\/10516737_10203021980409403_6709376340639876501_n\/\" rel=\"attachment wp-att-8894\"><span style=\"color: #0000ff;\"><img loading=\"lazy\" class=\"aligncenter size-full wp-image-8894\" title=\"10516737_10203021980409403_6709376340639876501_n\" src=\"\/tormentas-y-rayos\/wp-content\/uploads\/sites\/12\/2014\/06\/10516737_10203021980409403_6709376340639876501_n.jpg\" alt=\"\" width=\"640\" height=\"480\" srcset=\"https:\/\/static-blogs.diariosur.es\/wp-content\/uploads\/sites\/12\/2014\/06\/10516737_10203021980409403_6709376340639876501_n.jpg 640w, https:\/\/static-blogs.diariosur.es\/wp-content\/uploads\/sites\/12\/2014\/06\/10516737_10203021980409403_6709376340639876501_n-533x400.jpg 533w\" sizes=\"(max-width: 640px) 100vw, 640px\" \/><\/span><\/a><\/span><\/p>\n<p>&nbsp;<\/p>\n<p><span style=\"color: #0000ff;\"><strong>Yo tome estas desde el merendero La Marina.\u00a0<\/strong><\/span><\/p>\n<p><span style=\"color: #0000ff;\"><a href=\"https:\/\/blogs.diariosur.es\/tormentas-y-rayos\/2014\/06\/30\/velez-malaga-da-la-maxima-de-espana-el-terral-nos-da-hoy-un-respiro-pero-promete-volver-manana-1-de-julio\/002-14\/\" rel=\"attachment wp-att-8895\"><span style=\"color: #0000ff;\"><img loading=\"lazy\" class=\"aligncenter size-full wp-image-8895\" title=\"002\" src=\"\/tormentas-y-rayos\/wp-content\/uploads\/sites\/12\/2014\/06\/0024.jpg\" alt=\"\" width=\"640\" height=\"427\" srcset=\"https:\/\/static-blogs.diariosur.es\/wp-content\/uploads\/sites\/12\/2014\/06\/0024.jpg 640w, https:\/\/static-blogs.diariosur.es\/wp-content\/uploads\/sites\/12\/2014\/06\/0024-600x400.jpg 600w\" sizes=\"(max-width: 640px) 100vw, 640px\" \/><\/span><\/a><\/span><\/p>\n<p><span style=\"color: #0000ff;\"><a href=\"https:\/\/blogs.diariosur.es\/tormentas-y-rayos\/2014\/06\/30\/velez-malaga-da-la-maxima-de-espana-el-terral-nos-da-hoy-un-respiro-pero-promete-volver-manana-1-de-julio\/003-19\/\" rel=\"attachment wp-att-8896\"><span style=\"color: #0000ff;\"><img loading=\"lazy\" class=\"aligncenter size-full wp-image-8896\" title=\"003\" src=\"\/tormentas-y-rayos\/wp-content\/uploads\/sites\/12\/2014\/06\/0031.jpg\" alt=\"\" width=\"640\" height=\"427\" srcset=\"https:\/\/static-blogs.diariosur.es\/wp-content\/uploads\/sites\/12\/2014\/06\/0031.jpg 640w, https:\/\/static-blogs.diariosur.es\/wp-content\/uploads\/sites\/12\/2014\/06\/0031-600x400.jpg 600w\" sizes=\"(max-width: 640px) 100vw, 640px\" \/><\/span><\/a><\/span><\/p>\n<p>&nbsp;<\/p>\n<p><span style=\"color: #0000ff;\"><strong>En Marbella el poniente tambi\u00e9n era el protagonista, este viento\u00a0tra\u00eda\u00a0mar de fondo. \u00a0El terral no se dio en esa zona, la maxima en Marbella rondo los 25 grados. <\/strong><\/span><\/p>\n<p><span style=\"color: #0000ff;\"><strong>Mi amigo Jose Luis Gil me manda esta refrescante foto.<\/strong><\/span><\/p>\n<p><span style=\"color: #0000ff;\"><a href=\"https:\/\/blogs.diariosur.es\/tormentas-y-rayos\/2014\/06\/30\/velez-malaga-da-la-maxima-de-espana-el-terral-nos-da-hoy-un-respiro-pero-promete-volver-manana-1-de-julio\/10522438_10203219663365357_5550322537870411310_o\/\" rel=\"attachment wp-att-8901\"><span style=\"color: #0000ff;\"><img loading=\"lazy\" class=\"aligncenter size-full wp-image-8901\" title=\"10522438_10203219663365357_5550322537870411310_o\" src=\"\/tormentas-y-rayos\/wp-content\/uploads\/sites\/12\/2014\/06\/10522438_10203219663365357_5550322537870411310_o.jpg\" alt=\"\" width=\"640\" height=\"360\" \/><\/span><\/a><\/span><\/p>\n<p>&nbsp;<\/p>\n<p>&nbsp;<\/p>\n<p><span style=\"color: #0000ff;\"><strong>\u00a0Lo peor de la jornada de ayer fue el incendio en C\u00f3mpeta, una pena que pasen estas cosas. Mi amigo Alvaro Gordillo me mando esta foto via twitter de Victor Martin, gracias Victor.<\/strong><\/span><\/p>\n<p><a href=\"https:\/\/blogs.diariosur.es\/tormentas-y-rayos\/2014\/06\/30\/velez-malaga-da-la-maxima-de-espana-el-terral-nos-da-hoy-un-respiro-pero-promete-volver-manana-1-de-julio\/victor-martin-via-twitter\/\" rel=\"attachment wp-att-8904\"><img loading=\"lazy\" class=\"aligncenter size-full wp-image-8904\" title=\"victor martin via twitter\" src=\"\/tormentas-y-rayos\/wp-content\/uploads\/sites\/12\/2014\/06\/victor-martin-via-twitter.jpg\" alt=\"\" width=\"640\" height=\"399\" \/><\/a><\/p>\n<p>&nbsp;<\/p>\n<p><strong>Poco mas que contar amigos. Esta semana es muy dura para mi, comienzan las rebajas y\u00a0tendr\u00e9\u00a0menos tiempo para escribir. Incluso el\u00a0pr\u00f3ximo\u00a0domingo curro, pero a partir del lunes dia 7 cojo\u00a0vacaciones, y dedicare mas tiempo al blog y a la\u00a0fotograf\u00eda. Os dejo con este fot\u00f3n de mi amigo Carlos Castro desde Maro. Nuestra\u00a0V\u00eda\u00a0L\u00e1ctea. Impresionante amigo Carlos.<\/strong><\/p>\n<p><a href=\"https:\/\/blogs.diariosur.es\/tormentas-y-rayos\/2014\/06\/30\/velez-malaga-da-la-maxima-de-espana-el-terral-nos-da-hoy-un-respiro-pero-promete-volver-manana-1-de-julio\/10441201_608716189227259_6211511653089801949_n\/\" rel=\"attachment wp-att-8897\"><img loading=\"lazy\" class=\"aligncenter size-full wp-image-8897\" title=\"10441201_608716189227259_6211511653089801949_n\" src=\"\/tormentas-y-rayos\/wp-content\/uploads\/sites\/12\/2014\/06\/10441201_608716189227259_6211511653089801949_n.jpg\" alt=\"\" width=\"400\" height=\"600\" srcset=\"https:\/\/static-blogs.diariosur.es\/wp-content\/uploads\/sites\/12\/2014\/06\/10441201_608716189227259_6211511653089801949_n.jpg 400w, https:\/\/static-blogs.diariosur.es\/wp-content\/uploads\/sites\/12\/2014\/06\/10441201_608716189227259_6211511653089801949_n-267x400.jpg 267w\" sizes=\"(max-width: 400px) 100vw, 400px\" \/><\/a><\/p>\n","protected":false},"excerpt":{"rendered":"<p>&nbsp; &nbsp; Buenos dias amigos de la meteo. Son las seis de la ma\u00f1ana, registro 23.9 \u00a0grados y los cielos andaluces est\u00e1n despejados. Dentro de poco el levante entrara \u00a0y tendremos durante unos minutos rachas moderadas de viento. El cambio de terral a levante\u00a0traer\u00e1\u00a0nubes bajas, e incluso brumas \u00a0o nieblas costeras. Ya veremos si se [&hellip;]<\/p>\n","protected":false},"author":16,"featured_media":8903,"comment_status":"open","ping_status":"open","sticky":false,"template":"","format":"standard","meta":[],"categories":[2],"tags":[375,624,961,975,1049],"_links":{"self":[{"href":"https:\/\/blogs.diariosur.es\/tormentas-y-rayos\/wp-json\/wp\/v2\/posts\/8887"}],"collection":[{"href":"https:\/\/blogs.diariosur.es\/tormentas-y-rayos\/wp-json\/wp\/v2\/posts"}],"about":[{"href":"https:\/\/blogs.diariosur.es\/tormentas-y-rayos\/wp-json\/wp\/v2\/types\/post"}],"author":[{"embeddable":true,"href":"https:\/\/blogs.diariosur.es\/tormentas-y-rayos\/wp-json\/wp\/v2\/users\/16"}],"replies":[{"embeddable":true,"href":"https:\/\/blogs.diariosur.es\/tormentas-y-rayos\/wp-json\/wp\/v2\/comments?post=8887"}],"version-history":[{"count":0,"href":"https:\/\/blogs.diariosur.es\/tormentas-y-rayos\/wp-json\/wp\/v2\/posts\/8887\/revisions"}],"wp:featuredmedia":[{"embeddable":true,"href":"https:\/\/blogs.diariosur.es\/tormentas-y-rayos\/wp-json\/wp\/v2\/media\/8903"}],"wp:attachment":[{"href":"https:\/\/blogs.diariosur.es\/tormentas-y-rayos\/wp-json\/wp\/v2\/media?parent=8887"}],"wp:term":[{"taxonomy":"category","embeddable":true,"href":"https:\/\/blogs.diariosur.es\/tormentas-y-rayos\/wp-json\/wp\/v2\/categories?post=8887"},{"taxonomy":"post_tag","embeddable":true,"href":"https:\/\/blogs.diariosur.es\/tormentas-y-rayos\/wp-json\/wp\/v2\/tags?post=8887"}],"curies":[{"name":"wp","href":"https:\/\/api.w.org\/{rel}","templated":true}]}}