{"id":8906,"date":"2014-07-02T08:00:58","date_gmt":"2014-07-02T06:00:58","guid":{"rendered":"http:\/\/blogs.diariosur.es\/tormentas-y-rayos\/?p=8906"},"modified":"2014-07-02T08:00:58","modified_gmt":"2014-07-02T06:00:58","slug":"las-rebajas-de-verano-comienzan-con-tormentas-y-bajadas-de-temperaturas-bolsa-de-aire-frio-en-altura","status":"publish","type":"post","link":"https:\/\/blogs.diariosur.es\/tormentas-y-rayos\/2014\/07\/02\/las-rebajas-de-verano-comienzan-con-tormentas-y-bajadas-de-temperaturas-bolsa-de-aire-frio-en-altura\/","title":{"rendered":"Las rebajas de verano comienzan con tormentas y bajadas de temperaturas. Bolsa de aire fr\u00edo en altura. Aviso naranja por tormentas en Madrid."},"content":{"rendered":"<p><img loading=\"lazy\" class=\"aligncenter\" src=\"https:\/\/farm6.staticflickr.com\/5566\/14568830453_8e0522e3fc_q.jpg\" alt=\"\" width=\"150\" height=\"150\" \/><\/p>\n<p>&nbsp;<\/p>\n<p><strong><em><span style=\"color: #ff0000;\">Hola, \u00a0soy Fefo el cu\u00f1ado de Jose.<\/span><\/em><\/strong><\/p>\n<p><strong><span style=\"color: #ff0000;\"><em>Vuestro hombre del tiempo esta en offline, un peque\u00f1a ca\u00edda en la moto lo tiene empastillado y sin poder estar delante de un ordenador, cosas de las lumbares y cervicales cuando uno se hace mayor.<\/em><\/span><\/strong><\/p>\n<p>&nbsp;<\/p>\n<p><strong>Buenos dias amigos de la meteo. Antes de nada dar las gracias a mi cu\u00f1ado Fefo, que en estos momentos es \u00e9l quien actualiza el blog, eso si por boca\u00a0m\u00eda.\u00a0<\/strong><\/p>\n<p><strong>Comentaros que tanto hoy como \u00a0ma\u00f1ana, una bolsa de aire fr\u00edo en altura sera la protagonista. Os paso dos capturas, en ellas se ve claramente la susodicha. A partir del jueves por la tarde se\u00a0reintegrara\u00a0a las\u00a0circulaci\u00f3n zonal. Fuente Aemet, Hirlam.<\/strong><\/p>\n<p>&nbsp;<\/p>\n<p><a href=\"https:\/\/blogs.diariosur.es\/tormentas-y-rayos\/2014\/07\/02\/las-rebajas-de-verano-comienzan-con-tormentas-y-bajadas-de-temperaturas-bolsa-de-aire-frio-en-altura\/1-55\/\" rel=\"attachment wp-att-8907\"><img loading=\"lazy\" class=\"aligncenter size-medium wp-image-8907\" title=\"1\" src=\"\/tormentas-y-rayos\/wp-content\/uploads\/sites\/12\/2014\/07\/1.jpg\" alt=\"\" width=\"600\" height=\"398\" srcset=\"https:\/\/static-blogs.diariosur.es\/wp-content\/uploads\/sites\/12\/2014\/07\/1.jpg 753w, https:\/\/static-blogs.diariosur.es\/wp-content\/uploads\/sites\/12\/2014\/07\/1-602x400.jpg 602w\" sizes=\"(max-width: 600px) 100vw, 600px\" \/><\/a><a href=\"https:\/\/blogs.diariosur.es\/tormentas-y-rayos\/2014\/07\/02\/las-rebajas-de-verano-comienzan-con-tormentas-y-bajadas-de-temperaturas-bolsa-de-aire-frio-en-altura\/2-44\/\" rel=\"attachment wp-att-8908\"><img loading=\"lazy\" class=\"aligncenter size-medium wp-image-8908\" title=\"2\" src=\"\/tormentas-y-rayos\/wp-content\/uploads\/sites\/12\/2014\/07\/2.jpg\" alt=\"\" width=\"565\" height=\"400\" srcset=\"https:\/\/static-blogs.diariosur.es\/wp-content\/uploads\/sites\/12\/2014\/07\/2.jpg 762w, https:\/\/static-blogs.diariosur.es\/wp-content\/uploads\/sites\/12\/2014\/07\/2-565x400.jpg 565w\" sizes=\"(max-width: 565px) 100vw, 565px\" \/><\/a><\/p>\n<p><strong>Otro dato a destacar es la temperatura a 850 hpa ( 1500 m) que a partir de hoy, y hasta ultima hora del jueves bajara\u00a0considerablemente\u00a0para estar en julio. \u00a0Fijaros en estos dos mapas, la temperatura esta entre nueve y 15 grados en buena parte de la\u00a0pen\u00ednsula.<\/strong><\/p>\n<p><a href=\"https:\/\/blogs.diariosur.es\/tormentas-y-rayos\/2014\/07\/02\/las-rebajas-de-verano-comienzan-con-tormentas-y-bajadas-de-temperaturas-bolsa-de-aire-frio-en-altura\/a-31\/\" rel=\"attachment wp-att-8910\"><img loading=\"lazy\" class=\"aligncenter size-medium wp-image-8910\" title=\"a\" src=\"\/tormentas-y-rayos\/wp-content\/uploads\/sites\/12\/2014\/07\/a.jpg\" alt=\"\" width=\"562\" height=\"400\" srcset=\"https:\/\/static-blogs.diariosur.es\/wp-content\/uploads\/sites\/12\/2014\/07\/a.jpg 755w, https:\/\/static-blogs.diariosur.es\/wp-content\/uploads\/sites\/12\/2014\/07\/a-562x400.jpg 562w\" sizes=\"(max-width: 562px) 100vw, 562px\" \/><\/a><a href=\"https:\/\/blogs.diariosur.es\/tormentas-y-rayos\/2014\/07\/02\/las-rebajas-de-verano-comienzan-con-tormentas-y-bajadas-de-temperaturas-bolsa-de-aire-frio-en-altura\/a1-12\/\" rel=\"attachment wp-att-8911\"><img loading=\"lazy\" class=\"aligncenter size-medium wp-image-8911\" title=\"a1\" src=\"\/tormentas-y-rayos\/wp-content\/uploads\/sites\/12\/2014\/07\/a1.jpg\" alt=\"\" width=\"550\" height=\"400\" srcset=\"https:\/\/static-blogs.diariosur.es\/wp-content\/uploads\/sites\/12\/2014\/07\/a1.jpg 746w, https:\/\/static-blogs.diariosur.es\/wp-content\/uploads\/sites\/12\/2014\/07\/a1-551x400.jpg 551w\" sizes=\"(max-width: 550px) 100vw, 550px\" \/><\/a><\/p>\n<p>&nbsp;<\/p>\n<p><strong>Todo esto\u00a0traer\u00e1\u00a0tormentas y bajadas de temperaturas. Las tormentas se\u00a0dar\u00e1n\u00a0con mayor probabilidad en Castilla La Mancha, Comunidad de Madrid, Le\u00f3n Navarra, Catalu\u00f1a, Castilla Soria, La Rioja, Pirineos \u00a0y Arag\u00f3n, a medida que pasen las horas los avisos que ahora tenemos en amarillo pasaran a naranja. En algunos puntos\u00a0ser\u00e1n\u00a0fuertes y acompa\u00f1adas de granizo. Mapas de avisos para hoy y ma\u00f1ana jueves. Fuente Aemet.<\/strong><\/p>\n<p>&nbsp;<\/p>\n<p>&nbsp;<\/p>\n<p>&nbsp;<\/p>\n<p><a href=\"https:\/\/blogs.diariosur.es\/tormentas-y-rayos\/2014\/07\/02\/las-rebajas-de-verano-comienzan-con-tormentas-y-bajadas-de-temperaturas-bolsa-de-aire-frio-en-altura\/mircoles\/\" rel=\"attachment wp-att-8918\"><img loading=\"lazy\" class=\"aligncenter size-full wp-image-8918\" title=\"mircoles\" src=\"\/tormentas-y-rayos\/wp-content\/uploads\/sites\/12\/2014\/07\/mircoles.jpg\" alt=\"\" width=\"607\" height=\"412\" srcset=\"https:\/\/static-blogs.diariosur.es\/wp-content\/uploads\/sites\/12\/2014\/07\/mircoles.jpg 607w, https:\/\/static-blogs.diariosur.es\/wp-content\/uploads\/sites\/12\/2014\/07\/mircoles-589x400.jpg 589w\" sizes=\"(max-width: 607px) 100vw, 607px\" \/><\/a><\/p>\n<p>&nbsp;<\/p>\n<p><a href=\"https:\/\/blogs.diariosur.es\/tormentas-y-rayos\/2014\/07\/02\/las-rebajas-de-verano-comienzan-con-tormentas-y-bajadas-de-temperaturas-bolsa-de-aire-frio-en-altura\/captura-364\/\" rel=\"attachment wp-att-8919\"><img loading=\"lazy\" class=\"aligncenter size-full wp-image-8919\" title=\"Captura\" src=\"\/tormentas-y-rayos\/wp-content\/uploads\/sites\/12\/2014\/07\/Captura1.jpg\" alt=\"\" width=\"600\" height=\"426\" srcset=\"https:\/\/static-blogs.diariosur.es\/wp-content\/uploads\/sites\/12\/2014\/07\/Captura1.jpg 600w, https:\/\/static-blogs.diariosur.es\/wp-content\/uploads\/sites\/12\/2014\/07\/Captura1-563x400.jpg 563w\" sizes=\"(max-width: 600px) 100vw, 600px\" \/><\/a><\/p>\n<p><span style=\"color: #ff0000;\"><strong>En Andaluc\u00eda se pueden registrar algunos chubascos tormentosos en zonas de monta\u00f1a y aleda\u00f1os. El viento del oeste seguir\u00e1\u00a0de protagonista en los dos litorales Andaluces. Esto\u00a0har\u00e1\u00a0que\u00a0las\u00a0m\u00e1ximas\u00a0no sean muy altas por el Valle del Guadalquivir, asi como por muchos puntos de\u00a0Andaluc\u00eda. En cambio en M\u00e1laga Capital\u00a0seguir\u00e1\u00a0el terral, pero no creo que tengamos una\u00a0maxima muy alta,\u00a0habr\u00e1\u00a0momentos que por la zona del puerto y playas de M\u00e1laga el viento entre mas de suroeste. Por la zona de Teatinos, Aeropuerto etc el terral si\u00a0podr\u00e1\u00a0estar mas presente. La\u00a0maxima de hoy no creo que pase de 32 grados debido a que no tendremos una temperatura alta a 850 hpa. Ayer la maxima fue de 35.7 grados en el Aeropuerto.<\/strong><\/span><\/p>\n<p><img loading=\"lazy\" class=\"aligncenter\" src=\"https:\/\/farm6.staticflickr.com\/5576\/14447608476_f8e3d33ca9_z.jpg\" alt=\"\" width=\"430\" height=\"537\" \/><\/p>\n<p>&nbsp;<\/p>\n<p><span style=\"color: #0000ff;\"><strong>Os hago un peque\u00f1o resumen de ayer.<\/strong><\/span><\/p>\n<p><span style=\"color: #0000ff;\"><strong>Tres cosas a destacar: la primera que M\u00e1laga Capital dio la maxima de\u00a0Andaluc\u00eda.<\/strong><\/span><\/p>\n<p><span style=\"color: #0000ff;\"><a href=\"https:\/\/blogs.diariosur.es\/tormentas-y-rayos\/2014\/07\/02\/las-rebajas-de-verano-comienzan-con-tormentas-y-bajadas-de-temperaturas-bolsa-de-aire-frio-en-altura\/maxima-13\/\" rel=\"attachment wp-att-8912\"><span style=\"color: #0000ff;\"><img loading=\"lazy\" class=\"aligncenter size-full wp-image-8912\" title=\"maxima\" src=\"\/tormentas-y-rayos\/wp-content\/uploads\/sites\/12\/2014\/07\/maxima.jpg\" alt=\"\" width=\"392\" height=\"222\" \/><\/span><\/a><\/span><\/p>\n<p><span style=\"color: #0000ff;\"><strong>la segunda la lucha que hubo en zonas de playa entre el terral y el sur sureste. Fijaros en el\u00a0gr\u00e1fico\u00a0del puerto que es una pasada. La maxima la da a las doce del\u00a0mediod\u00eda\u00a0\u00a0y a las ocho de la tarde. Entre la\u00a0una \u00a0y las cuatro la maxima era de 23 grados. Os paso los graficos, se ve claramente cuando entro una reboza de sur,sureste y le gano por momentos al terral.<\/strong><\/span><\/p>\n<p><span style=\"color: #0000ff;\"><a href=\"https:\/\/blogs.diariosur.es\/tormentas-y-rayos\/2014\/07\/02\/las-rebajas-de-verano-comienzan-con-tormentas-y-bajadas-de-temperaturas-bolsa-de-aire-frio-en-altura\/b-27\/\" rel=\"attachment wp-att-8913\"><span style=\"color: #0000ff;\"><img loading=\"lazy\" class=\"aligncenter size-medium wp-image-8913\" title=\"b\" src=\"\/tormentas-y-rayos\/wp-content\/uploads\/sites\/12\/2014\/07\/b.jpg\" alt=\"\" width=\"600\" height=\"264\" srcset=\"https:\/\/static-blogs.diariosur.es\/wp-content\/uploads\/sites\/12\/2014\/07\/b.jpg 716w, https:\/\/static-blogs.diariosur.es\/wp-content\/uploads\/sites\/12\/2014\/07\/b-640x282.jpg 640w\" sizes=\"(max-width: 600px) 100vw, 600px\" \/><\/span><\/a><a href=\"https:\/\/blogs.diariosur.es\/tormentas-y-rayos\/2014\/07\/02\/las-rebajas-de-verano-comienzan-con-tormentas-y-bajadas-de-temperaturas-bolsa-de-aire-frio-en-altura\/vientoooooooo\/\" rel=\"attachment wp-att-8914\"><span style=\"color: #0000ff;\"><img loading=\"lazy\" class=\"aligncenter size-medium wp-image-8914\" title=\"vientoooooooo\" src=\"\/tormentas-y-rayos\/wp-content\/uploads\/sites\/12\/2014\/07\/vientoooooooo.jpg\" alt=\"\" width=\"600\" height=\"271\" srcset=\"https:\/\/static-blogs.diariosur.es\/wp-content\/uploads\/sites\/12\/2014\/07\/vientoooooooo.jpg 716w, https:\/\/static-blogs.diariosur.es\/wp-content\/uploads\/sites\/12\/2014\/07\/vientoooooooo-640x290.jpg 640w\" sizes=\"(max-width: 600px) 100vw, 600px\" \/><\/span><\/a><\/span><\/p>\n<p>&nbsp;<\/p>\n<div><span style=\"color: #0000ff;\"><strong>Y por ultimo y r\u00e1pidamente, porque veo a mi cu\u00f1ado un poco harto de escribir, lo mejor del dia fueron unos cirrus que entraron a media tarde y que dejaron unos cielos impresionantes. Hoy me perdonais por no poner fotos vuestras, he recibido mucha que las ire poniendo cuando me den de alta.<\/strong><\/span><\/div>\n<div><span style=\"color: #0000ff;\"><strong>Dar las gracias a mi cu\u00f1ado Fefo ( Jose Manuel Guevara) por ayudarme a escribir el blog. \u00c9l es el autor de todos los polimorfos del blog que muchos en semana santa y en verano hab\u00e9is\u00a0visto.<\/strong><\/span><\/div>\n<div><span style=\"color: #0000ff;\"><a href=\"https:\/\/blogs.diariosur.es\/tormentas-y-rayos\/2014\/07\/02\/las-rebajas-de-verano-comienzan-con-tormentas-y-bajadas-de-temperaturas-bolsa-de-aire-frio-en-altura\/poliyodef1-4\/\" rel=\"attachment wp-att-8915\"><span style=\"color: #0000ff;\"><img loading=\"lazy\" class=\"aligncenter size-medium wp-image-8915\" title=\"PoliYOdef[1]\" src=\"\/tormentas-y-rayos\/wp-content\/uploads\/sites\/12\/2014\/07\/PoliYOdef1.jpg\" alt=\"\" width=\"533\" height=\"400\" srcset=\"https:\/\/static-blogs.diariosur.es\/wp-content\/uploads\/sites\/12\/2014\/07\/PoliYOdef1.jpg 660w, https:\/\/static-blogs.diariosur.es\/wp-content\/uploads\/sites\/12\/2014\/07\/PoliYOdef1-533x400.jpg 533w\" sizes=\"(max-width: 533px) 100vw, 533px\" \/><\/span><\/a><\/span><\/div>\n<div><\/div>\n<div><\/div>\n<div><span style=\"color: #0000ff;\"><strong>Os dejo con las fotos del atardecer de ayer.<\/strong><\/span><\/div>\n<div><\/div>\n<div><\/div>\n<div><span style=\"color: #0000ff;\"><img loading=\"lazy\" class=\"aligncenter\" src=\"https:\/\/farm6.staticflickr.com\/5483\/14553335975_c8fc850f0f_z.jpg\" alt=\"\" width=\"640\" height=\"428\" \/><\/span><\/div>\n<div><\/div>\n<div><\/div>\n<div><\/div>\n<div><\/div>\n<div><span style=\"color: #0000ff;\"><img loading=\"lazy\" class=\"aligncenter\" src=\"https:\/\/farm3.staticflickr.com\/2920\/14530254826_09df222018_z.jpg\" alt=\"\" width=\"640\" height=\"428\" \/><\/span><\/div>\n<div><\/div>\n<div><\/div>\n<div><\/div>\n<div><\/div>\n<div><span style=\"color: #0000ff;\"><img loading=\"lazy\" class=\"aligncenter\" src=\"https:\/\/farm3.staticflickr.com\/2924\/14366891917_8018ee10db_z.jpg\" alt=\"\" width=\"640\" height=\"428\" \/><\/span><\/div>\n<div><\/div>\n<div><\/div>\n<div><\/div>\n<div><\/div>\n<div><span style=\"color: #0000ff;\"><img loading=\"lazy\" class=\"aligncenter\" src=\"https:\/\/farm3.staticflickr.com\/2933\/14551769494_12975e0c2e_z.jpg\" alt=\"\" width=\"640\" height=\"428\" \/><\/span><\/div>\n<div><\/div>\n<div><\/div>\n<div><\/div>\n<div><\/div>\n<div><span style=\"color: #0000ff;\"><img loading=\"lazy\" class=\"aligncenter\" src=\"https:\/\/farm4.staticflickr.com\/3892\/14369290890_a6123086df_z.jpg\" alt=\"\" width=\"640\" height=\"428\" \/><\/span><\/div>\n","protected":false},"excerpt":{"rendered":"<p>&nbsp; Hola, \u00a0soy Fefo el cu\u00f1ado de Jose. Vuestro hombre del tiempo esta en offline, un peque\u00f1a ca\u00edda en la moto lo tiene empastillado y sin poder estar delante de un ordenador, cosas de las lumbares y cervicales cuando uno se hace mayor. &nbsp; Buenos dias amigos de la meteo. Antes de nada dar las [&hellip;]<\/p>\n","protected":false},"author":16,"featured_media":8908,"comment_status":"open","ping_status":"open","sticky":false,"template":"","format":"standard","meta":[],"categories":[2],"tags":[54,63,151,162,185,432,582,676,848,962,996,1052],"_links":{"self":[{"href":"https:\/\/blogs.diariosur.es\/tormentas-y-rayos\/wp-json\/wp\/v2\/posts\/8906"}],"collection":[{"href":"https:\/\/blogs.diariosur.es\/tormentas-y-rayos\/wp-json\/wp\/v2\/posts"}],"about":[{"href":"https:\/\/blogs.diariosur.es\/tormentas-y-rayos\/wp-json\/wp\/v2\/types\/post"}],"author":[{"embeddable":true,"href":"https:\/\/blogs.diariosur.es\/tormentas-y-rayos\/wp-json\/wp\/v2\/users\/16"}],"replies":[{"embeddable":true,"href":"https:\/\/blogs.diariosur.es\/tormentas-y-rayos\/wp-json\/wp\/v2\/comments?post=8906"}],"version-history":[{"count":0,"href":"https:\/\/blogs.diariosur.es\/tormentas-y-rayos\/wp-json\/wp\/v2\/posts\/8906\/revisions"}],"wp:featuredmedia":[{"embeddable":true,"href":"https:\/\/blogs.diariosur.es\/tormentas-y-rayos\/wp-json\/wp\/v2\/media\/8908"}],"wp:attachment":[{"href":"https:\/\/blogs.diariosur.es\/tormentas-y-rayos\/wp-json\/wp\/v2\/media?parent=8906"}],"wp:term":[{"taxonomy":"category","embeddable":true,"href":"https:\/\/blogs.diariosur.es\/tormentas-y-rayos\/wp-json\/wp\/v2\/categories?post=8906"},{"taxonomy":"post_tag","embeddable":true,"href":"https:\/\/blogs.diariosur.es\/tormentas-y-rayos\/wp-json\/wp\/v2\/tags?post=8906"}],"curies":[{"name":"wp","href":"https:\/\/api.w.org\/{rel}","templated":true}]}}