{"id":8922,"date":"2014-07-04T11:16:29","date_gmt":"2014-07-04T09:16:29","guid":{"rendered":"http:\/\/blogs.diariosur.es\/tormentas-y-rayos\/?p=8922"},"modified":"2014-07-04T11:16:29","modified_gmt":"2014-07-04T09:16:29","slug":"prevision-del-tiempo-en-andalucia-y-malaga-el-domingo-el-poniente-y-el-terral-seran-protagonistas-en-el-litoral-mediterraneo-videos-fotos-de-la-granizada-de-almazan-y-madrid-soria","status":"publish","type":"post","link":"https:\/\/blogs.diariosur.es\/tormentas-y-rayos\/2014\/07\/04\/prevision-del-tiempo-en-andalucia-y-malaga-el-domingo-el-poniente-y-el-terral-seran-protagonistas-en-el-litoral-mediterraneo-videos-fotos-de-la-granizada-de-almazan-y-madrid-soria\/","title":{"rendered":"Previsi\u00f3n del tiempo en Andaluc\u00eda y M\u00e1laga. El domingo el poniente y el terral ser\u00e1n protagonistas en el litoral Mediterr\u00e1neo. V\u00eddeos, fotos de la granizada de Almaz\u00e1n y Madrid (Soria)"},"content":{"rendered":"<p>&nbsp;<\/p>\n<p><img loading=\"lazy\" class=\"aligncenter\" src=\"https:\/\/farm6.staticflickr.com\/5566\/14568830453_8e0522e3fc_q.jpg\" alt=\"\" width=\"150\" height=\"150\" \/><\/p>\n<p>&nbsp;<\/p>\n<p><em><strong>Buenos d\u00edas amigos de la meteo. Antes de nada daros las gracias por las muestra de cari\u00f1o que hab\u00e9is tenido. Estoy mucho mejor, \u00a0y ma\u00f1ana\u00a0 empezaremos a currar hasta el lunes que empezare unas merecidas vacaciones.<\/strong><\/em><\/p>\n<p><span style=\"color: #339966;\"><strong>Empezaremos con el pron\u00f3stico para hoy viernes.<\/strong><\/span><\/p>\n<p><span style=\"color: #339966;\"><strong>La bolsa de aire fr\u00edo ya se ha reintegrado a la circulaci\u00f3n zonal . Hoy seguir\u00e1 dejando \u00a0tormentas en el Pirineo y Catalu\u00f1a. Esto ha hecho que los vientos giren mas al noroeste, con el consiguiente terral para M\u00e1laga Capital y zonas expuestas a este viento. La m\u00e1xima rondara hoy los 32 o 34 grados, pero a medida que avance el dia el terral ira amainando. En el resto de Andaluc\u00eda las\u00a0m\u00e1ximas\u00a0empezaran tambi\u00e9n a recuperarse, as\u00ed como las m\u00ednimas. No espero lluvias ni fen\u00f3menos tormentosos. Os paso las\u00a0m\u00ednimas\u00a0que\u00a0ten\u00edamos\u00a0ayer jueves y las de hoy viernes. Fuente Aemet.<\/strong><\/span><\/p>\n<p><a href=\"https:\/\/blogs.diariosur.es\/tormentas-y-rayos\/2014\/07\/04\/prevision-del-tiempo-en-andalucia-y-malaga-el-domingo-el-poniente-y-el-terral-seran-protagonistas-en-el-litoral-mediterraneo-videos-fotos-de-la-granizada-de-almazan-y-madrid-soria\/minimas-jueves\/\" rel=\"attachment wp-att-8928\"><img loading=\"lazy\" class=\"aligncenter size-medium wp-image-8928\" title=\"minimas jueves\" src=\"\/tormentas-y-rayos\/wp-content\/uploads\/sites\/12\/2014\/07\/minimas-jueves.jpg\" alt=\"\" width=\"600\" height=\"397\" srcset=\"https:\/\/static-blogs.diariosur.es\/wp-content\/uploads\/sites\/12\/2014\/07\/minimas-jueves.jpg 716w, https:\/\/static-blogs.diariosur.es\/wp-content\/uploads\/sites\/12\/2014\/07\/minimas-jueves-604x400.jpg 604w\" sizes=\"(max-width: 600px) 100vw, 600px\" \/><\/a><a href=\"https:\/\/blogs.diariosur.es\/tormentas-y-rayos\/2014\/07\/04\/prevision-del-tiempo-en-andalucia-y-malaga-el-domingo-el-poniente-y-el-terral-seran-protagonistas-en-el-litoral-mediterraneo-videos-fotos-de-la-granizada-de-almazan-y-madrid-soria\/minimas-viernes\/\" rel=\"attachment wp-att-8929\"><img loading=\"lazy\" class=\"aligncenter size-medium wp-image-8929\" title=\"minimas viernes\" src=\"\/tormentas-y-rayos\/wp-content\/uploads\/sites\/12\/2014\/07\/minimas-viernes.jpg\" alt=\"\" width=\"589\" height=\"400\" srcset=\"https:\/\/static-blogs.diariosur.es\/wp-content\/uploads\/sites\/12\/2014\/07\/minimas-viernes.jpg 741w, https:\/\/static-blogs.diariosur.es\/wp-content\/uploads\/sites\/12\/2014\/07\/minimas-viernes-589x400.jpg 589w\" sizes=\"(max-width: 589px) 100vw, 589px\" \/><\/a><\/p>\n<p><span style=\"color: #0000ff;\"><strong>El s\u00e1bado las\u00a0m\u00e1ximas\u00a0ir\u00e1n subiendo en toda Andaluc\u00eda, sobre todo en la zona mas oriental, as\u00ed como en el Valle del Guadalquivir, donde \u00a0rondaran los 34 grados.<\/strong><\/span><\/p>\n<p><span style=\"color: #0000ff;\"><strong>\u00a0\u00a0En \u00a0M\u00e1laga al principio de la ma\u00f1ana los vientos soplaran de direcci\u00f3n variable, siendo de componente sur sureste, esto puede traer\u00a0consigo nubes bajas y brumas\u00a0a primeras horas de la ma\u00f1ana. La\u00a0m\u00e1ximas\u00a0tambi\u00e9n subir\u00e1n por el \u00a0interior de la provincia. \u00a0En M\u00e1laga Capital no creo que pasemos de los 29 grados. A medida que se acerque la noche los vientos tomaran direcci\u00f3n oeste.<\/strong><\/span><\/p>\n<p><span style=\"color: #ff0000;\"><strong>La previsi\u00f3n del domingo es la mas complicada para el litoral mediterr\u00e1neo, ya que seg\u00fan los modelos el poniente soplar\u00eda fuerte de nuevo a partir del mediod\u00eda o primeras horas de la tarde. Esto se traducir\u00eda en terral en la capital malague\u00f1a y zonas expuesta a este viento. En las\u00a0dem\u00e1s\u00a0zonas seria el poniente el protagonista. Este cambio se\u00a0deber\u00e1\u00a0al paso de un frente fr\u00edo por el norte\u00a0peninsular, que dejara lluvias y tormentas en estas zonas. Si el frente se adelanta, el terral y el poniente\u00a0llegar\u00eda\u00a0antes al\u00a0litoral\u00a0mediterr\u00e1neo, si se retrasa seria por la tarde cuando\u00a0tomar\u00eda\u00a0protagonismo . En este mapa que os paso, \u00a0se ve claramente como se forma esa baja al llegar al\u00a0mediterr\u00e1neo.<\/strong><\/span><\/p>\n<p><a href=\"https:\/\/blogs.diariosur.es\/tormentas-y-rayos\/2014\/07\/04\/prevision-del-tiempo-en-andalucia-y-malaga-el-domingo-el-poniente-y-el-terral-seran-protagonistas-en-el-litoral-mediterraneo-videos-fotos-de-la-granizada-de-almazan-y-madrid-soria\/63-515sp-3\/\" rel=\"attachment wp-att-8930\"><img loading=\"lazy\" title=\"63-515SP\" src=\"\/tormentas-y-rayos\/wp-content\/uploads\/sites\/12\/2014\/07\/63-515SP.gif\" alt=\"\" width=\"600\" height=\"600\" \/><\/a><\/p>\n<p>&nbsp;<\/p>\n<p><a href=\"https:\/\/blogs.diariosur.es\/tormentas-y-rayos\/2014\/07\/04\/prevision-del-tiempo-en-andalucia-y-malaga-el-domingo-el-poniente-y-el-terral-seran-protagonistas-en-el-litoral-mediterraneo-videos-fotos-de-la-granizada-de-almazan-y-madrid-soria\/rafagas\/\" rel=\"attachment wp-att-8931\"><img loading=\"lazy\" class=\"aligncenter size-medium wp-image-8931\" title=\"rafagas\" src=\"\/tormentas-y-rayos\/wp-content\/uploads\/sites\/12\/2014\/07\/rafagas.gif\" alt=\"\" width=\"400\" height=\"400\" \/><\/a><a href=\"https:\/\/blogs.diariosur.es\/tormentas-y-rayos\/2014\/07\/04\/prevision-del-tiempo-en-andalucia-y-malaga-el-domingo-el-poniente-y-el-terral-seran-protagonistas-en-el-litoral-mediterraneo-videos-fotos-de-la-granizada-de-almazan-y-madrid-soria\/63-289sp\/\" rel=\"attachment wp-att-8932\"><img loading=\"lazy\" class=\"aligncenter size-medium wp-image-8932\" title=\"63-289SP\" src=\"\/tormentas-y-rayos\/wp-content\/uploads\/sites\/12\/2014\/07\/63-289SP.gif\" alt=\"\" width=\"400\" height=\"400\" \/><\/a><\/p>\n<p>&nbsp;<\/p>\n<p><strong><span style=\"color: #ff0000;\">Las temperaturas\u00a0bajar\u00edan\u00a0algo por el Valle del Guadalquivir e interior de casi toda\u00a0Andaluc\u00eda. En las zonas expuestas al terral en cambio\u00a0subir\u00edan\u00a0y se\u00a0prev\u00e9\u00a0una maxima de 33 a 34 grados en la capital. Lo peor es el viento que ya se que a muchos os molesta y sobre todo cuando levanta arena. En estos casos lo mejor es saber los sitios de playa \u00a0donde se pueda estar mejor.<\/span><\/strong><\/p>\n<p><img loading=\"lazy\" class=\"aligncenter\" src=\"https:\/\/farm6.staticflickr.com\/5576\/14447608476_f8e3d33ca9_z.jpg\" alt=\"\" width=\"430\" height=\"537\" \/><\/p>\n<p>&nbsp;<\/p>\n<p><span style=\"color: #000080;\"><strong>Os paso un par de\u00a0v\u00eddeos\u00a0 y una foto de la granizada del mi\u00e9rcoles en Almaz\u00e1n, ( Soria). Me recuerda a la que\u00a0tuvimos\u00a0en el 89 en M\u00e1laga.<\/strong><\/span><\/p>\n<p><span style=\"color: #000080;\"><iframe loading=\"lazy\" src=\"\/\/www.youtube.com\/embed\/9gLNtuFXvJc\" frameborder=\"0\" width=\"640\" height=\"360\"><\/iframe><\/span><\/p>\n<p>&nbsp;<\/p>\n<p><span style=\"color: #000080;\"><iframe loading=\"lazy\" src=\"\/\/www.youtube.com\/embed\/mHprezORd_Q\" frameborder=\"0\" width=\"640\" height=\"480\"><\/iframe><\/span><\/p>\n<p><span style=\"color: #000080;\"><strong>Foto Santiago Farizano<\/strong><\/span><\/p>\n<p><span style=\"color: #000080;\"><a href=\"https:\/\/blogs.diariosur.es\/tormentas-y-rayos\/2014\/07\/04\/prevision-del-tiempo-en-andalucia-y-malaga-el-domingo-el-poniente-y-el-terral-seran-protagonistas-en-el-litoral-mediterraneo-videos-fotos-de-la-granizada-de-almazan-y-madrid-soria\/santiago-farizano\/\" rel=\"attachment wp-att-8923\"><span style=\"color: #000080;\"><img loading=\"lazy\" class=\"aligncenter size-medium wp-image-8923\" title=\"santiago farizano\" src=\"\/tormentas-y-rayos\/wp-content\/uploads\/sites\/12\/2014\/07\/santiago-farizano.jpg\" alt=\"\" width=\"600\" height=\"397\" srcset=\"https:\/\/static-blogs.diariosur.es\/wp-content\/uploads\/sites\/12\/2014\/07\/santiago-farizano.jpg 800w, https:\/\/static-blogs.diariosur.es\/wp-content\/uploads\/sites\/12\/2014\/07\/santiago-farizano-604x400.jpg 604w, https:\/\/static-blogs.diariosur.es\/wp-content\/uploads\/sites\/12\/2014\/07\/santiago-farizano-768x509.jpg 768w\" sizes=\"(max-width: 600px) 100vw, 600px\" \/><\/span><\/a><\/span><\/p>\n<p>&nbsp;<\/p>\n<p><span style=\"color: #000080;\">\u00a0<strong>\u00a0La que tuvieron ayer en Madrid, una pasada. La primera foto sacada del tiempo de la uno.<\/strong><\/span><\/p>\n<p><span style=\"color: #000080;\"><a href=\"https:\/\/blogs.diariosur.es\/tormentas-y-rayos\/2014\/07\/04\/prevision-del-tiempo-en-andalucia-y-malaga-el-domingo-el-poniente-y-el-terral-seran-protagonistas-en-el-litoral-mediterraneo-videos-fotos-de-la-granizada-de-almazan-y-madrid-soria\/granimadrid\/\" rel=\"attachment wp-att-8935\"><span style=\"color: #000080;\"><img loading=\"lazy\" class=\"aligncenter size-medium wp-image-8935\" title=\"granimadrid\" src=\"\/tormentas-y-rayos\/wp-content\/uploads\/sites\/12\/2014\/07\/granimadrid.jpg\" alt=\"\" width=\"528\" height=\"400\" srcset=\"https:\/\/static-blogs.diariosur.es\/wp-content\/uploads\/sites\/12\/2014\/07\/granimadrid.jpg 704w, https:\/\/static-blogs.diariosur.es\/wp-content\/uploads\/sites\/12\/2014\/07\/granimadrid-528x400.jpg 528w\" sizes=\"(max-width: 528px) 100vw, 528px\" \/><\/span><\/a><\/span><\/p>\n<p><span style=\"color: #000080;\"><strong>Esta otra de Cristina Cebri\u00e1n.<\/strong><\/span><\/p>\n<p><span style=\"color: #000080;\"><a href=\"https:\/\/blogs.diariosur.es\/tormentas-y-rayos\/2014\/07\/04\/prevision-del-tiempo-en-andalucia-y-malaga-el-domingo-el-poniente-y-el-terral-seran-protagonistas-en-el-litoral-mediterraneo-videos-fotos-de-la-granizada-de-almazan-y-madrid-soria\/cristina-cebrian\/\" rel=\"attachment wp-att-8936\"><span style=\"color: #000080;\"><img loading=\"lazy\" class=\"aligncenter size-full wp-image-8936\" title=\"cristina cebrian\" src=\"\/tormentas-y-rayos\/wp-content\/uploads\/sites\/12\/2014\/07\/cristina-cebrian.jpg\" alt=\"\" width=\"522\" height=\"388\" \/><\/span><\/a><\/span><\/p>\n<p>&nbsp;<\/p>\n<p><iframe loading=\"lazy\" src=\"\/\/www.youtube.com\/embed\/-gUoe1Tfj0Y\" frameborder=\"0\" width=\"640\" height=\"360\"><\/iframe><\/p>\n<p><span style=\"color: #ff00ff;\"><strong>Poco mas que contar amigos de la meteo. A partir del \u00a0el\u00a0mi\u00e9rcoles\u00a0la dorsal\u00a0africana\u00a0empezar\u00eda\u00a0a tomar protagonismo. Se esperan\u00a0m\u00e1ximas\u00a0sobre los 39 grados en el Valle del Guadalquivir, \u00a0y sobre los 35 en el interior de la provincia malague\u00f1a. En M\u00e1laga Capital rondaremos los 28 o 29 grados, \u00a0pero la sensaci\u00f3n\u00a0t\u00e9rmica\u00a0seria de cuatro \u00a0grados mas debido a la humedad. Y que mejor que terminar con este precioso campo de girasoles que me manda mi amigo \u00a0Francisco Jose Rubio \u00a0Cruz desde la Roda de\u00a0Andaluc\u00eda.<\/strong><\/span><\/p>\n<p><strong>\u00a0<a href=\"https:\/\/blogs.diariosur.es\/tormentas-y-rayos\/2014\/07\/04\/prevision-del-tiempo-en-andalucia-y-malaga-el-domingo-el-poniente-y-el-terral-seran-protagonistas-en-el-litoral-mediterraneo-videos-fotos-de-la-granizada-de-almazan-y-madrid-soria\/girasoles-2014-2-1\/\" rel=\"attachment wp-att-8933\"><img loading=\"lazy\" class=\"aligncenter size-full wp-image-8933\" title=\"Girasoles 2014 2 (1)\" src=\"\/tormentas-y-rayos\/wp-content\/uploads\/sites\/12\/2014\/07\/Girasoles-2014-2-1.jpg\" alt=\"\" width=\"640\" height=\"427\" srcset=\"https:\/\/static-blogs.diariosur.es\/wp-content\/uploads\/sites\/12\/2014\/07\/Girasoles-2014-2-1.jpg 640w, https:\/\/static-blogs.diariosur.es\/wp-content\/uploads\/sites\/12\/2014\/07\/Girasoles-2014-2-1-600x400.jpg 600w\" sizes=\"(max-width: 640px) 100vw, 640px\" \/><\/a><\/strong><\/p>\n","protected":false},"excerpt":{"rendered":"<p>&nbsp; &nbsp; Buenos d\u00edas amigos de la meteo. Antes de nada daros las gracias por las muestra de cari\u00f1o que hab\u00e9is tenido. Estoy mucho mejor, \u00a0y ma\u00f1ana\u00a0 empezaremos a currar hasta el lunes que empezare unas merecidas vacaciones. Empezaremos con el pron\u00f3stico para hoy viernes. La bolsa de aire fr\u00edo ya se ha reintegrado a [&hellip;]<\/p>\n","protected":false},"author":16,"featured_media":8931,"comment_status":"open","ping_status":"open","sticky":false,"template":"","format":"standard","meta":[],"categories":[2],"tags":[75,100,412,465,582,587,791,809,975,980,1056],"_links":{"self":[{"href":"https:\/\/blogs.diariosur.es\/tormentas-y-rayos\/wp-json\/wp\/v2\/posts\/8922"}],"collection":[{"href":"https:\/\/blogs.diariosur.es\/tormentas-y-rayos\/wp-json\/wp\/v2\/posts"}],"about":[{"href":"https:\/\/blogs.diariosur.es\/tormentas-y-rayos\/wp-json\/wp\/v2\/types\/post"}],"author":[{"embeddable":true,"href":"https:\/\/blogs.diariosur.es\/tormentas-y-rayos\/wp-json\/wp\/v2\/users\/16"}],"replies":[{"embeddable":true,"href":"https:\/\/blogs.diariosur.es\/tormentas-y-rayos\/wp-json\/wp\/v2\/comments?post=8922"}],"version-history":[{"count":0,"href":"https:\/\/blogs.diariosur.es\/tormentas-y-rayos\/wp-json\/wp\/v2\/posts\/8922\/revisions"}],"wp:featuredmedia":[{"embeddable":true,"href":"https:\/\/blogs.diariosur.es\/tormentas-y-rayos\/wp-json\/wp\/v2\/media\/8931"}],"wp:attachment":[{"href":"https:\/\/blogs.diariosur.es\/tormentas-y-rayos\/wp-json\/wp\/v2\/media?parent=8922"}],"wp:term":[{"taxonomy":"category","embeddable":true,"href":"https:\/\/blogs.diariosur.es\/tormentas-y-rayos\/wp-json\/wp\/v2\/categories?post=8922"},{"taxonomy":"post_tag","embeddable":true,"href":"https:\/\/blogs.diariosur.es\/tormentas-y-rayos\/wp-json\/wp\/v2\/tags?post=8922"}],"curies":[{"name":"wp","href":"https:\/\/api.w.org\/{rel}","templated":true}]}}