{"id":8924,"date":"2014-07-04T07:22:48","date_gmt":"2014-07-04T05:22:48","guid":{"rendered":"http:\/\/blogs.diariosur.es\/tormentas-y-rayos\/?p=8924"},"modified":"2014-07-04T07:22:48","modified_gmt":"2014-07-04T05:22:48","slug":"el-huracan-arthur-se-convierte-en-categoria-2-y-toca-tierra-en-carolina-del-norte-primer-huracan-en-el-atlantico","status":"publish","type":"post","link":"https:\/\/blogs.diariosur.es\/tormentas-y-rayos\/2014\/07\/04\/el-huracan-arthur-se-convierte-en-categoria-2-y-toca-tierra-en-carolina-del-norte-primer-huracan-en-el-atlantico\/","title":{"rendered":"Hurac\u00e1n Arthur se convierte en categor\u00eda dos, toca tierra en Carolina del Norte. Primer hurac\u00e1n en el Atl\u00e1ntico."},"content":{"rendered":"<p><strong>Buenos dias amigos de la meteo. Luego mas tarde os\u00a0dar\u00e9\u00a0la previsi\u00f3n del tiempo para este fin de semana.<\/strong><\/p>\n<p>&nbsp;<\/p>\n<p><strong>La tormenta tropical que se hace unos dias se\u00a0formo\u00a0al este \u00a0de Florida y que al principio no le daban mucha vida, esta noche pasada a tocado tierra como\u00a0categor\u00eda\u00a02 en las Costas de Carolina del Norte. \u00a0Los vientos sostenidos de 160 km\/h y lluvias abundantes han provocado muchos da\u00f1os en esta zona. Es el primer hurac\u00e1n de la temporada en el\u00a0Atl\u00e1ntico\u00a0y su nombre es Arthur. Los siguientes nombres que le siguen esta a\u00f1o son\u00a0Bertha, Cristobal,\u00a0Dolly,\u00a0Edouard,\u00a0Fay, Gonzalo etc etc. Os paso algunas\u00a0im\u00e1genes\u00a0de este Hurac\u00e1n.\u00a0<\/strong><\/p>\n<p><a href=\"https:\/\/blogs.diariosur.es\/tormentas-y-rayos\/2014\/07\/04\/el-huracan-arthur-se-convierte-en-categoria-2-y-toca-tierra-en-carolina-del-norte-primer-huracan-en-el-atlantico\/h-2\/\" rel=\"attachment wp-att-8925\"><img loading=\"lazy\" class=\"aligncenter size-medium wp-image-8925\" title=\"h\" src=\"\/tormentas-y-rayos\/wp-content\/uploads\/sites\/12\/2014\/07\/h.jpg\" alt=\"\" width=\"592\" height=\"400\" srcset=\"https:\/\/static-blogs.diariosur.es\/wp-content\/uploads\/sites\/12\/2014\/07\/h.jpg 703w, https:\/\/static-blogs.diariosur.es\/wp-content\/uploads\/sites\/12\/2014\/07\/h-592x400.jpg 592w\" sizes=\"(max-width: 592px) 100vw, 592px\" \/><\/a><\/p>\n<p><a href=\"https:\/\/blogs.diariosur.es\/tormentas-y-rayos\/2014\/07\/04\/el-huracan-arthur-se-convierte-en-categoria-2-y-toca-tierra-en-carolina-del-norte-primer-huracan-en-el-atlantico\/huracan-artuh\/\" rel=\"attachment wp-att-8926\"><img loading=\"lazy\" class=\"aligncenter size-full wp-image-8926\" title=\"huracan artuh\" src=\"\/tormentas-y-rayos\/wp-content\/uploads\/sites\/12\/2014\/07\/huracan-artuh.jpg\" alt=\"\" width=\"566\" height=\"529\" srcset=\"https:\/\/static-blogs.diariosur.es\/wp-content\/uploads\/sites\/12\/2014\/07\/huracan-artuh.jpg 566w, https:\/\/static-blogs.diariosur.es\/wp-content\/uploads\/sites\/12\/2014\/07\/huracan-artuh-428x400.jpg 428w\" sizes=\"(max-width: 566px) 100vw, 566px\" \/><\/a><\/p>\n<p>&nbsp;<\/p>\n<p><a href=\"https:\/\/blogs.diariosur.es\/tormentas-y-rayos\/2014\/07\/04\/el-huracan-arthur-se-convierte-en-categoria-2-y-toca-tierra-en-carolina-del-norte-primer-huracan-en-el-atlantico\/aaaaa\/\" rel=\"attachment wp-att-8927\"><img loading=\"lazy\" class=\"aligncenter size-medium wp-image-8927\" title=\"aaaaa\" src=\"\/tormentas-y-rayos\/wp-content\/uploads\/sites\/12\/2014\/07\/aaaaa.jpg\" alt=\"\" width=\"597\" height=\"400\" srcset=\"https:\/\/static-blogs.diariosur.es\/wp-content\/uploads\/sites\/12\/2014\/07\/aaaaa.jpg 711w, https:\/\/static-blogs.diariosur.es\/wp-content\/uploads\/sites\/12\/2014\/07\/aaaaa-597x400.jpg 597w\" sizes=\"(max-width: 597px) 100vw, 597px\" \/><\/a><\/p>\n<p>Nos vemos en un par de horas amigos.<\/p>\n<p>&nbsp;<\/p>\n","protected":false},"excerpt":{"rendered":"<p>Buenos dias amigos de la meteo. Luego mas tarde os\u00a0dar\u00e9\u00a0la previsi\u00f3n del tiempo para este fin de semana. &nbsp; La tormenta tropical que se hace unos dias se\u00a0formo\u00a0al este \u00a0de Florida y que al principio no le daban mucha vida, esta noche pasada a tocado tierra como\u00a0categor\u00eda\u00a02 en las Costas de Carolina del Norte. \u00a0Los [&hellip;]<\/p>\n","protected":false},"author":16,"featured_media":8926,"comment_status":"open","ping_status":"open","sticky":false,"template":"","format":"standard","meta":[],"categories":[2],"tags":[132,227,235,349,496,983,988],"_links":{"self":[{"href":"https:\/\/blogs.diariosur.es\/tormentas-y-rayos\/wp-json\/wp\/v2\/posts\/8924"}],"collection":[{"href":"https:\/\/blogs.diariosur.es\/tormentas-y-rayos\/wp-json\/wp\/v2\/posts"}],"about":[{"href":"https:\/\/blogs.diariosur.es\/tormentas-y-rayos\/wp-json\/wp\/v2\/types\/post"}],"author":[{"embeddable":true,"href":"https:\/\/blogs.diariosur.es\/tormentas-y-rayos\/wp-json\/wp\/v2\/users\/16"}],"replies":[{"embeddable":true,"href":"https:\/\/blogs.diariosur.es\/tormentas-y-rayos\/wp-json\/wp\/v2\/comments?post=8924"}],"version-history":[{"count":0,"href":"https:\/\/blogs.diariosur.es\/tormentas-y-rayos\/wp-json\/wp\/v2\/posts\/8924\/revisions"}],"wp:featuredmedia":[{"embeddable":true,"href":"https:\/\/blogs.diariosur.es\/tormentas-y-rayos\/wp-json\/wp\/v2\/media\/8926"}],"wp:attachment":[{"href":"https:\/\/blogs.diariosur.es\/tormentas-y-rayos\/wp-json\/wp\/v2\/media?parent=8924"}],"wp:term":[{"taxonomy":"category","embeddable":true,"href":"https:\/\/blogs.diariosur.es\/tormentas-y-rayos\/wp-json\/wp\/v2\/categories?post=8924"},{"taxonomy":"post_tag","embeddable":true,"href":"https:\/\/blogs.diariosur.es\/tormentas-y-rayos\/wp-json\/wp\/v2\/tags?post=8924"}],"curies":[{"name":"wp","href":"https:\/\/api.w.org\/{rel}","templated":true}]}}